{"id":10217,"date":"2020-05-08T06:15:09","date_gmt":"2020-05-08T09:15:09","guid":{"rendered":"https:\/\/investnews.com.br\/?p=10217"},"modified":"2024-06-24T21:46:42","modified_gmt":"2024-06-25T00:46:42","slug":"guedes-bolsonaro-impeachment-samy-atualiza-polemicas-da-politica-e-economia","status":"publish","type":"post","link":"https:\/\/investnews.com.br\/financas\/guedes-bolsonaro-impeachment-samy-atualiza-polemicas-da-politica-e-economia\/","title":{"rendered":"Guedes, Bolsonaro, impeachment&#8230;Samy atualiza pol\u00eamicas da pol\u00edtica e economia"},"content":{"rendered":"\n<figure class=\"wp-block-embed\"><div class=\"wp-block-embed__wrapper\">\n<iframe loading=\"lazy\" title=\"GUEDES, BOLSONARO, IMPEACHMENT, ROD\u00cdZIO...SAMY AVALIA O CEN\u00c1RIO POL\u00cdTICO E OS IMPACTOS NA ECONOMIA\" width=\"500\" height=\"281\" src=\"https:\/\/www.youtube.com\/embed\/Qdm8PkXKnXs?feature=oembed\" frameborder=\"0\" allow=\"accelerometer; autoplay; clipboard-write; encrypted-media; gyroscope; picture-in-picture; web-share\" referrerpolicy=\"strict-origin-when-cross-origin\" allowfullscreen><\/iframe>\n<\/div><\/figure>\n\n\n\n<p>O cen\u00e1rio pol\u00edtico segue conturbado e as not\u00edcias da <a href=\"https:\/\/investnews.com.br\/tag\/economia\" class=\"rank-math-link\"><strong>economia<\/strong><\/a> n\u00e3o param de chegar. Por isso, hoje o Cafe\u00edna faz uma pausa na conversa sobre investimentos para te atualizar sobre os \u00faltimos acontecimentos que mexeram com o mercado. <\/p>\n\n\n\n<p>Samy Dana e Priscila Yazbek come\u00e7am comentando a rela\u00e7\u00e3o entre o presidente Jair Bolsonaro e o ministro da Economia <a href=\"https:\/\/investnews.com.br\/tag\/paulo-guedes\" class=\"rank-math-link\"><strong>Paulo Guedes<\/strong><\/a>. No fim da tarde de ontem, os dois se pronunciaram juntos ap\u00f3s rumores de que o presidente teria passado por cima do ministro ao articular a retirada de categorias de funcion\u00e1rios p\u00fablicos do congelamento de reajuste previsto pelo projeto de aux\u00edlio a estados e munic\u00edpios. <\/p>\n\n\n\n<p>Em seguida, Samy avalia a probabilidade de <a href=\"https:\/\/investnews.com.br\/tag\/impeachment\" class=\"rank-math-link\"><strong>impeachment<\/strong><\/a> depois da articula\u00e7\u00e3o de Bolsonaro com o Centr\u00e3o e da conversa de Rodrigo Maia, presidente da C\u00e2mara, com os ministros militares Luiz Eduardo Ramos e Braga Netto. <\/p>\n\n\n\n<p>Veja ainda o fechamento da <a href=\"https:\/\/investnews.com.br\/tag\/ibovespa\/\" class=\"rank-math-link\">Bolsa<\/a>, que caiu 1,20%, e a disparada do <a href=\"https:\/\/investnews.com.br\/tag\/dolar\/\" class=\"rank-math-link\"><strong>d\u00f3lar<\/strong><\/a>, que chegou a bater R$ 5,87 nas negocia\u00e7\u00f5es ao longo do dia <a href=\"https:\/\/investnews.com.br\/financas\/bolsa-opera-em-alta-com-clima-no-exterior-e-dolar-chega-a-r-581\/\" class=\"rank-math-link\">e fechou aos R$ 5,83,<\/a> novo recorde nominal. Entenda como a redu\u00e7\u00e3o da <a href=\"https:\/\/investnews.com.br\/guias\/taxa-selic\/\">taxa Selic<\/a> para 3% e o aumento da percep\u00e7\u00e3o de risco do pa\u00eds pressionaram a moeda. <\/p>\n\n\n\n<p>E para finalizar, a an\u00e1lise sobre o avan\u00e7o da <a href=\"https:\/\/investnews.com.br\/tag\/pandemia\" class=\"rank-math-link\">pandemia<\/a> no Brasil e a decis\u00e3o tomada pelo prefeito de S\u00e3o Paulo, Bruno Covas, de criar um esquema de rod\u00edzio para frear o ritmo de cont\u00e1gio na cidade.<\/p>\n","protected":false},"excerpt":{"rendered":"<p>Samy Dana analisa os cen\u00e1rios pol\u00edtico e econ\u00f4mico e atualiza as pol\u00eamicas envolvendo o governo, o ministro da Economia e o Congresso<\/p>\n","protected":false},"author":7,"featured_media":10221,"comment_status":"open","ping_status":"open","sticky":false,"template":"","format":"video","meta":{"_acf_changed":false,"inline_featured_image":false,"footnotes":""},"categories":[4],"tags":[226,404,26,499,234,347,51],"autor-wsj":[],"coauthors":[],"class_list":["post-10217","post","type-post","status-publish","format-video","has-post-thumbnail","hentry","category-financas","tag-bolsa-de-valores","tag-coronavirus","tag-dolar","tag-economia","tag-jair-bolsonaro","tag-paulo-guedes","tag-selic","post_format-post-format-video"],"acf":[],"amp_enabled":true,"_links":{"self":[{"href":"https:\/\/investnews.com.br\/inv-api\/wp\/v2\/posts\/10217","targetHints":{"allow":["GET"]}}],"collection":[{"href":"https:\/\/investnews.com.br\/inv-api\/wp\/v2\/posts"}],"about":[{"href":"https:\/\/investnews.com.br\/inv-api\/wp\/v2\/types\/post"}],"author":[{"embeddable":true,"href":"https:\/\/investnews.com.br\/inv-api\/wp\/v2\/users\/7"}],"replies":[{"embeddable":true,"href":"https:\/\/investnews.com.br\/inv-api\/wp\/v2\/comments?post=10217"}],"version-history":[{"count":2,"href":"https:\/\/investnews.com.br\/inv-api\/wp\/v2\/posts\/10217\/revisions"}],"predecessor-version":[{"id":10223,"href":"https:\/\/investnews.com.br\/inv-api\/wp\/v2\/posts\/10217\/revisions\/10223"}],"wp:featuredmedia":[{"embeddable":true,"href":"https:\/\/investnews.com.br\/inv-api\/wp\/v2\/media\/10221"}],"wp:attachment":[{"href":"https:\/\/investnews.com.br\/inv-api\/wp\/v2\/media?parent=10217"}],"wp:term":[{"taxonomy":"category","embeddable":true,"href":"https:\/\/investnews.com.br\/inv-api\/wp\/v2\/categories?post=10217"},{"taxonomy":"post_tag","embeddable":true,"href":"https:\/\/investnews.com.br\/inv-api\/wp\/v2\/tags?post=10217"},{"taxonomy":"autor-wsj","embeddable":true,"href":"https:\/\/investnews.com.br\/inv-api\/wp\/v2\/autor-wsj?post=10217"},{"taxonomy":"author","embeddable":true,"href":"https:\/\/investnews.com.br\/inv-api\/wp\/v2\/coauthors?post=10217"}],"curies":[{"name":"wp","href":"https:\/\/api.w.org\/{rel}","templated":true}]}}