{"id":10236,"date":"2020-05-08T08:53:51","date_gmt":"2020-05-08T11:53:51","guid":{"rendered":"https:\/\/investnews.com.br\/?p=10236"},"modified":"2025-12-08T06:24:41","modified_gmt":"2025-12-08T09:24:41","slug":"5-fatos-para-saber-hoje-cai-tensao-entre-eua-e-china-e-os-99-do-guedes","status":"publish","type":"post","link":"https:\/\/investnews.com.br\/economia\/5-fatos-para-saber-hoje-cai-tensao-entre-eua-e-china-e-os-99-do-guedes\/","title":{"rendered":"5 fatos para saber hoje: cai tens\u00e3o entre EUA e China; e os &#8216;99%&#8217; do Guedes"},"content":{"rendered":"\n<h2 class=\"wp-block-heading\">1 &#8211; EUA e China prometem ampliar coopera\u00e7\u00e3o, diz ag\u00eancia estatal chinesa<\/h2>\n\n\n\n<p>Negociadores comerciais da <a href=\"https:\/\/investnews.com.br\/tag\/china\/\" class=\"rank-math-link\">China<\/a> e dos <a href=\"https:\/\/investnews.com.br\/tag\/eua\/\" class=\"rank-math-link\">Estados Unidos<\/a> conversaram por telefone nesta sexta-feira, prometendo criar condi\u00e7\u00f5es favor\u00e1veis para a fase 1 do acordo comercial entre os pa\u00edses, afirmou a ag\u00eancia de not\u00edcias estatal chinesa Xinhua.<\/p>\n\n\n\n<p>O vice-primeiro-ministro da China, Liu He, conversou com o representante comercial dos EUA, Robert Lighthizer, e com o secret\u00e1rio do Tesouro americano, Steven Mnuchin, na manh\u00e3 desta sexta-feira (hor\u00e1rio de Pequim), segundo a Xinhua.<\/p>\n\n\n\n<p>Os dois lados prometeram melhorar a coopera\u00e7\u00e3o nos \u00e2mbitos da sa\u00fade p\u00fablica e da economia, e tamb\u00e9m criar condi\u00e7\u00f5es favor\u00e1veis para que os pa\u00edses implementem o acordo comercial assinado em janeiro. Tamb\u00e9m foi acordado que os dois lados manter\u00e3o comunica\u00e7\u00e3o pr\u00f3xima, disse a Xinhua, sem dar mais detalhes.<\/p>\n\n\n\n<p>A liga\u00e7\u00e3o veio ap\u00f3s o presidente dos Estados Unidos, <a href=\"https:\/\/investnews.com.br\/tag\/donald-trump\/\" class=\"rank-math-link\">Donald Trump<\/a>, amea\u00e7ar &#8220;terminar&#8221; com o acordo se a China n\u00e3o comprasse bens e servi\u00e7os dos EUA como prometido.<\/p>\n\n\n\n<h2 class=\"wp-block-heading\">2 &#8211; Saudi Aramco eleva pre\u00e7os de petr\u00f3leo a ser vendido em junho<\/h2>\n\n\n\n<p>A petrol\u00edfera estatal saudita <a href=\"https:\/\/investnews.com.br\/tag\/saudi-aramco\/\" class=\"rank-math-link\">Saudi Aramco<\/a> anunciou na quinta-feira (07) que vai elevar o pre\u00e7o do petr\u00f3leo para quase todos os mercados globais em junho.<\/p>\n\n\n\n<p>Os pre\u00e7os da <a href=\"https:\/\/investnews.com.br\/tag\/commodities\/\" class=\"rank-math-link\">commodity<\/a> vendida pela Aramco v\u00e3o subir no pr\u00f3ximo m\u00eas para compradores da \u00c1sia, dos EUA, do noroeste da Europa e do Mediterr\u00e2neo.<\/p>\n\n\n\n<p>A decis\u00e3o veio ap\u00f3s a Ar\u00e1bia Saudita encerrar uma guerra de pre\u00e7os com a R\u00fassia e se juntar a um acordo hist\u00f3rico encabe\u00e7ado pela Opep+, grupo formado pela Organiza\u00e7\u00e3o dos Pa\u00edses Exportadores de Petr\u00f3leo (<a href=\"https:\/\/investnews.com.br\/tag\/opep\/\" class=\"rank-math-link\">Opep<\/a>) e aliados (como os russos), para cortar a produ\u00e7\u00e3o coletiva em 9,7 milh\u00f5es de barris por dia (bpd), em rea\u00e7\u00e3o ao violento impacto que a pandemia de coronav\u00edrus teve na demanda por petr\u00f3leo.<\/p>\n\n\n\n<h2 class=\"wp-block-heading\">3 &#8211; Bolsonaro: Guedes \u00e9 dono de 99% da pauta econ\u00f4mica do governo<\/h2>\n\n\n\n<p>&#8220;Quase 10 milh\u00f5es de brasileiros perderam carteira assinada, os informais j\u00e1 perderam 80% do poder aquisitivo, est\u00e3o sobrevivendo com parcela R$ 600, que depois de dois meses acaba. E n\u00e3o tem essa de fabricar dinheiro, isso n\u00e3o existe, \u00e9 infla\u00e7\u00e3o, caos e mis\u00e9ria&#8221;, disse <a href=\"https:\/\/investnews.com.br\/tag\/jair-bolsonaro\/\" class=\"rank-math-link\">Bolsonaro<\/a> na entrada do Pal\u00e1cio da Alvorada, ontem \u00e0 noite.<\/p>\n\n\n\n<p>Em seguida, um apoiador que acompanhava a fala disse que &#8220;o Paulo Guedes est\u00e1 de olho&#8221;. &#8220;O <a href=\"https:\/\/investnews.com.br\/tag\/paulo-guedes\/\" class=\"rank-math-link\">Paulo Guedes<\/a> \u00e9 dono de 99% da pauta. Diria at\u00e9 para a imprensa ouvir ali&#8221;, reagiu Bolsonaro.<\/p>\n\n\n\n<p>Na quarta-feira (6), o <a href=\"https:\/\/investnews.com.br\/tag\/congresso-nacional\/\" class=\"rank-math-link\">Congresso<\/a> atropelou medida desenhada por Guedes, de congelamento de sal\u00e1rios dos servidores p\u00fablicos, e reduziu em quase R$ 90 bilh\u00f5es a economia nos gastos do governo federal, Estados e munic\u00edpios com a folha de pagamento de pessoal at\u00e9 2021. A decis\u00e3o teve aval do l\u00edder do governo na C\u00e2mara, Major Vitor Hugo (PSL), que relatou ter conversado com Bolsonaro.<\/p>\n\n\n\n<p>Ontem (7), o presidente disse que vai vetar o trecho do projeto de ajuda aos Estados que abre possibilidade de reajuste salarial para categorias de servidores p\u00fablicos, mesmo em meio \u00e0 pandemia de coronav\u00edrus. &#8220;Eu sigo a cartilha de Paulo Guedes na economia. Se ele acha que deve vetar, assim ser\u00e1 feito&#8221;, disse o presidente.<\/p>\n\n\n\n<h2 class=\"wp-block-heading\">4 &#8211; BNDES lan\u00e7a chamada p\u00fablica para fundos de cr\u00e9dito para microempresas<\/h2>\n\n\n\n<p>Na linha de medidas emergenciais para fortalecimento da economia nesse momento de pandemia, o Banco Nacional de Desenvolvimento Econ\u00f4mico e Social (<a href=\"https:\/\/investnews.com.br\/tag\/bndes\/\" class=\"rank-math-link\">BNDES<\/a>) lan\u00e7ou&nbsp;ontem&nbsp;(7) uma chamada p\u00fablica para sele\u00e7\u00e3o&nbsp;de dez&nbsp;fundos de cr\u00e9dito para micro, pequenas e m\u00e9dias empresas (MPMEs) e empreendedores individuais. Esses fundos ser\u00e3o selecionados at\u00e9 o dia&nbsp;30 de junho&nbsp;pr\u00f3ximo. O BNDES pretende aportar at\u00e9 R$ 4 bilh\u00f5es nesses fundos de cr\u00e9dito para as MPMEs, por meio de sua subsidi\u00e1ria de participa\u00e7\u00f5es acion\u00e1rias, a BNDESPAR.<\/p>\n\n\n\n<p>O objetivo \u00e9 proporcionar financiamento a empresas com pouco ou nenhum acesso a cr\u00e9dito banc\u00e1rio, al\u00e9m de aumentar a oferta de canais de financiamento e incentivar a concorr\u00eancia entre agentes. O BNDES estima alcan\u00e7ar at\u00e9 100 mil empresas com esta iniciativa.<\/p>\n\n\n\n<p>O diretor de Participa\u00e7\u00f5es, Mercado de Capitais e Cr\u00e9dito Indireto do BNDES, Bruno Laskowsky, destacou, em entrevista coletiva pela internet, que essa modalidade de cr\u00e9dito \u00e9 tamb\u00e9m estruturante, porque amplia as possibilidades de acesso de cr\u00e9dito para esse segmento econ\u00f4mico e <strong>permanecer\u00e1 ap\u00f3s o momento emergencial<\/strong> que o pa\u00eds est\u00e1 vivendo. Al\u00e9m disso, come\u00e7a a criar as bases para&nbsp;ter&nbsp;um acesso ao cr\u00e9dito mais diversificado e com outros canais que possam trazer a liquidez para o mercado no momento atual e mais \u00e0 frente.<\/p>\n\n\n\n<h2 class=\"wp-block-heading\">5 &#8211; Munic\u00edpios come\u00e7am a receber recursos destinados \u00e0 assist\u00eancia social<\/h2>\n\n\n\n<p>Recursos da ordem de R$ 600 milh\u00f5es ser\u00e3o transferidos para a assist\u00eancia social de todos os munic\u00edpios, a partir desta sexta-feira (8). A transfer\u00eancia do dinheiro \u00e9 referente aos meses de abril, maio e junho e ser\u00e1 feita pelo Minist\u00e9rio da Cidadania, por meio do Fundo Nacional de Assist\u00eancia Social, e tem por objetivo proteger a popula\u00e7\u00e3o vulner\u00e1vel, que mais tem sofrido as consequ\u00eancias da pandemia do novo <a class=\"rank-math-link\" href=\"https:\/\/investnews.com.br\/tag\/coronavirus\/\">coronav\u00edrus<\/a> (covid-19).<\/p>\n\n\n\n<p>&#8220;Vamos fazer o pagamento de uma parcela que vai englobar tr\u00eas meses, exatamente para dar condi\u00e7\u00f5es para o Sistema \u00danico de Assist\u00eancia Social (Suas). \u00c9 um ex\u00e9rcito que chamo \u2018do bem\u2019, pr\u00f3ximo de 200 mil pessoas que est\u00e3o em cada canto do Brasil, levando n\u00e3o apenas alimento e preven\u00e7\u00e3o, mas carinho, conforto e est\u00edmulo para a popula\u00e7\u00e3o enfrentar este momento&#8221;, disse o ministro Onyx Lorenzoni,<\/p>\n\n\n\n<p>Um segundo repasse ser\u00e1 feito em 8 de junho, ser\u00e3o mais R$ 600 milh\u00f5es, referentes aos meses de julho, agosto e setembro. Com isso, o total destinado para o fortalecimento da assist\u00eancia social, via cofinanciamento do Suas, chegar\u00e1 a R$ 1,2 bilh\u00e3o. Os recursos foram garantidos na<a rel=\"noreferrer noopener\" href=\"http:\/\/www.planalto.gov.br\/ccivil_03\/_ato2019-2022\/2020\/Mpv\/mpv953.htm\" target=\"_blank\" class=\"rank-math-link\">&nbsp;Medida Provis\u00f3ria n\u00ba 953<\/a>, publicada em 16 de abril, que abriu cr\u00e9dito extraordin\u00e1rio de R$ 2,5 bilh\u00f5es.<\/p>\n","protected":false},"excerpt":{"rendered":"<p>Oficiais dos governos americano e chin\u00eas fortificam a coopera\u00e7\u00e3o entre os dois pa\u00edses; e a declara\u00e7\u00e3o de Bolsonaro sobre seu ministro da economia que pode repercutir no mercado.<\/p>\n","protected":false},"author":17,"featured_media":7989,"comment_status":"open","ping_status":"open","sticky":false,"template":"","format":"standard","meta":{"_acf_changed":false,"inline_featured_image":false,"footnotes":""},"categories":[5],"tags":[307,244,666,404,79,236,234,807,347],"autor-wsj":[],"coauthors":[1498],"class_list":["post-10236","post","type-post","status-publish","format-standard","has-post-thumbnail","hentry","category-economia","tag-bndespar","tag-china","tag-commodities","tag-coronavirus","tag-donald-trump","tag-eua","tag-jair-bolsonaro","tag-opep","tag-paulo-guedes"],"acf":[],"amp_enabled":true,"_links":{"self":[{"href":"https:\/\/investnews.com.br\/inv-api\/wp\/v2\/posts\/10236","targetHints":{"allow":["GET"]}}],"collection":[{"href":"https:\/\/investnews.com.br\/inv-api\/wp\/v2\/posts"}],"about":[{"href":"https:\/\/investnews.com.br\/inv-api\/wp\/v2\/types\/post"}],"author":[{"embeddable":true,"href":"https:\/\/investnews.com.br\/inv-api\/wp\/v2\/users\/17"}],"replies":[{"embeddable":true,"href":"https:\/\/investnews.com.br\/inv-api\/wp\/v2\/comments?post=10236"}],"version-history":[{"count":4,"href":"https:\/\/investnews.com.br\/inv-api\/wp\/v2\/posts\/10236\/revisions"}],"predecessor-version":[{"id":740673,"href":"https:\/\/investnews.com.br\/inv-api\/wp\/v2\/posts\/10236\/revisions\/740673"}],"wp:featuredmedia":[{"embeddable":true,"href":"https:\/\/investnews.com.br\/inv-api\/wp\/v2\/media\/7989"}],"wp:attachment":[{"href":"https:\/\/investnews.com.br\/inv-api\/wp\/v2\/media?parent=10236"}],"wp:term":[{"taxonomy":"category","embeddable":true,"href":"https:\/\/investnews.com.br\/inv-api\/wp\/v2\/categories?post=10236"},{"taxonomy":"post_tag","embeddable":true,"href":"https:\/\/investnews.com.br\/inv-api\/wp\/v2\/tags?post=10236"},{"taxonomy":"autor-wsj","embeddable":true,"href":"https:\/\/investnews.com.br\/inv-api\/wp\/v2\/autor-wsj?post=10236"},{"taxonomy":"author","embeddable":true,"href":"https:\/\/investnews.com.br\/inv-api\/wp\/v2\/coauthors?post=10236"}],"curies":[{"name":"wp","href":"https:\/\/api.w.org\/{rel}","templated":true}]}}