{"id":10403,"date":"2020-05-11T06:15:00","date_gmt":"2020-05-11T09:15:00","guid":{"rendered":"https:\/\/investnews.com.br\/?p=10403"},"modified":"2024-06-24T21:46:41","modified_gmt":"2024-06-25T00:46:41","slug":"por-que-os-gastos-publicos-passaram-de-viloes-a-mocinhos-durante-a-pandemia","status":"publish","type":"post","link":"https:\/\/investnews.com.br\/financas\/por-que-os-gastos-publicos-passaram-de-viloes-a-mocinhos-durante-a-pandemia\/","title":{"rendered":"Por que os gastos p\u00fablicos passaram de &#8216;vil\u00f5es a mocinhos&#8217; durante a pandemia?"},"content":{"rendered":"\n<figure class=\"wp-block-embed-youtube wp-block-embed is-type-video is-provider-youtube wp-embed-aspect-16-9 wp-has-aspect-ratio\"><div class=\"wp-block-embed__wrapper\">\n<iframe loading=\"lazy\" title=\"POR QUE A PANDEMIA MUDOU A CABE\u00c7A DOS ECONOMISTAS E AGORA O AUMENTO DE GASTOS P\u00daBLICOS \u00c9 POSITIVO?\" width=\"500\" height=\"281\" src=\"https:\/\/www.youtube.com\/embed\/HrZHaY7YTow?feature=oembed\" frameborder=\"0\" allow=\"accelerometer; autoplay; clipboard-write; encrypted-media; gyroscope; picture-in-picture; web-share\" referrerpolicy=\"strict-origin-when-cross-origin\" allowfullscreen><\/iframe>\n<\/div><\/figure>\n\n\n\n<p>O que acontece quando o governo aumenta gastos? Quais s\u00e3o os efeitos na <a href=\"https:\/\/investnews.com.br\/tag\/economia\" class=\"rank-math-link\"><strong>economia<\/strong><\/a> e no seu bolso? No Cafe\u00edna de hoje, voc\u00ea vai ver quais s\u00e3o as consequ\u00eancias da eleva\u00e7\u00e3o dos gastos p\u00fablicos em \u2018condi\u00e7\u00f5es normais\u2019 e por que economistas que condenam a participa\u00e7\u00e3o do Estado na economia passaram a apoiar a m\u00e3o mais pesada do governo durante a <a href=\"https:\/\/investnews.com.br\/tag\/pandemia\" class=\"rank-math-link\"><strong>pandemia<\/strong><\/a>.<\/p>\n\n\n\n<p>Para isso, Samy Dana e Priscila Yazbek mostram de forma simples como o aumento de gastos pressiona a infla\u00e7\u00e3o e provoca a eleva\u00e7\u00e3o dos <a href=\"https:\/\/investnews.com.br\/tag\/selic\" class=\"rank-math-link\"><strong>juros b\u00e1sicos<\/strong><\/a> e por que o avan\u00e7o da d\u00edvida do governo piora a credibilidade do pa\u00eds. Veja tamb\u00e9m a opini\u00e3o de especialistas em contas p\u00fablicas, que avaliam o cen\u00e1rio atual e explicam por que governos do mundo todo est\u00e3o gastando dinheiro como nunca. <\/p>\n\n\n\n<p>E a Ta\u00eds Laporta mostra que os brasileiros agora t\u00eam um novo fantasma. Se antes era a <a href=\"https:\/\/investnews.com.br\/tag\/inflacao\" class=\"rank-math-link\"><strong>hiperinfla\u00e7\u00e3o<\/strong><\/a> que assombrava a economia, com a crise do coronav\u00edrus o fantasma da vez \u00e9 a <a href=\"https:\/\/investnews.com.br\/guias\/deflacao\/\">defla\u00e7\u00e3o<\/a>. &nbsp;<\/p>\n","protected":false},"excerpt":{"rendered":"<p>Economistas que criticavam o aumento dos gastos p\u00fablicos e a interven\u00e7\u00e3o do Estado na economia mudaram de ideia com a crise provocada pela pandemia; Samy Dana explica por que<\/p>\n","protected":false},"author":7,"featured_media":10410,"comment_status":"open","ping_status":"open","sticky":false,"template":"","format":"video","meta":{"_acf_changed":false,"inline_featured_image":false,"footnotes":""},"categories":[4],"tags":[995,499,283,52,246,51],"autor-wsj":[],"coauthors":[],"class_list":["post-10403","post","type-post","status-publish","format-video","has-post-thumbnail","hentry","category-financas","tag-divida-publica","tag-economia","tag-governo-federal","tag-inflacao","tag-ipca","tag-selic","post_format-post-format-video"],"acf":[],"amp_enabled":true,"_links":{"self":[{"href":"https:\/\/investnews.com.br\/inv-api\/wp\/v2\/posts\/10403","targetHints":{"allow":["GET"]}}],"collection":[{"href":"https:\/\/investnews.com.br\/inv-api\/wp\/v2\/posts"}],"about":[{"href":"https:\/\/investnews.com.br\/inv-api\/wp\/v2\/types\/post"}],"author":[{"embeddable":true,"href":"https:\/\/investnews.com.br\/inv-api\/wp\/v2\/users\/7"}],"replies":[{"embeddable":true,"href":"https:\/\/investnews.com.br\/inv-api\/wp\/v2\/comments?post=10403"}],"version-history":[{"count":4,"href":"https:\/\/investnews.com.br\/inv-api\/wp\/v2\/posts\/10403\/revisions"}],"predecessor-version":[{"id":10441,"href":"https:\/\/investnews.com.br\/inv-api\/wp\/v2\/posts\/10403\/revisions\/10441"}],"wp:featuredmedia":[{"embeddable":true,"href":"https:\/\/investnews.com.br\/inv-api\/wp\/v2\/media\/10410"}],"wp:attachment":[{"href":"https:\/\/investnews.com.br\/inv-api\/wp\/v2\/media?parent=10403"}],"wp:term":[{"taxonomy":"category","embeddable":true,"href":"https:\/\/investnews.com.br\/inv-api\/wp\/v2\/categories?post=10403"},{"taxonomy":"post_tag","embeddable":true,"href":"https:\/\/investnews.com.br\/inv-api\/wp\/v2\/tags?post=10403"},{"taxonomy":"autor-wsj","embeddable":true,"href":"https:\/\/investnews.com.br\/inv-api\/wp\/v2\/autor-wsj?post=10403"},{"taxonomy":"author","embeddable":true,"href":"https:\/\/investnews.com.br\/inv-api\/wp\/v2\/coauthors?post=10403"}],"curies":[{"name":"wp","href":"https:\/\/api.w.org\/{rel}","templated":true}]}}