{"id":10460,"date":"2020-05-11T10:00:00","date_gmt":"2020-05-11T13:00:00","guid":{"rendered":"https:\/\/investnews.com.br\/?p=10460"},"modified":"2020-05-12T14:41:51","modified_gmt":"2020-05-12T17:41:51","slug":"com-sobe-e-desce-do-mercado-ibovespa-volta-aos-79-mil-pontos","status":"publish","type":"post","link":"https:\/\/investnews.com.br\/financas\/com-sobe-e-desce-do-mercado-ibovespa-volta-aos-79-mil-pontos\/","title":{"rendered":"Com sobe e desce do mercado, Ibovespa volta aos 79 mil pontos"},"content":{"rendered":"\n<p>O <strong><a href=\"https:\/\/investnews.com.br\/tag\/ibovespa\/\" target=\"_blank\" aria-label=\"Ibovespa (opens in a new tab)\" rel=\"noreferrer noopener\" class=\"rank-math-link\">Ibovespa<\/a><\/strong>, principal \u00edndice da <strong><a href=\"https:\/\/investnews.com.br\/tag\/b3\/\" target=\"_blank\" aria-label=\"B3 (opens in a new tab)\" rel=\"noreferrer noopener\" class=\"rank-math-link\">B3<\/a><\/strong>, fechou em queda de <strong>1,49%<\/strong> aos <strong>79.064<\/strong> pontos nesta segunda-feira (11). O dia foi de forte oscila\u00e7\u00e3o, com altas puxadas pelo desempenho dos bancos e quedas provocadas pelo cen\u00e1rio externo, como \u00e9 o caso do petr\u00f3leo. A <strong>Petrobras <a href=\"https:\/\/investnews.com.br\/tag\/petr4\/\" target=\"_blank\" aria-label=\"(PETR4) (opens in a new tab)\" rel=\"noreferrer noopener\" class=\"rank-math-link\">(PETR4)<\/a><\/strong> teve queda de <strong>1,79% <\/strong>ap\u00f3s os \u00edndices do petr\u00f3leo virar para o negativo. H\u00e1 pouco, o barril Brent caiu 3,33% enquanto o barril WTI, recuou 1,37%.  A queda da <strong>Vale<\/strong> <a href=\"https:\/\/investnews.com.br\/tag\/vale3\/\" target=\"_blank\" aria-label=\"(VALE3)  (opens in a new tab)\" rel=\"noreferrer noopener\" class=\"rank-math-link\"><strong>(VALE3)<\/strong> <\/a>de <strong>2,29%<\/strong> tamb\u00e9m afetou negativamente no desempenho do preg\u00e3o.<\/p>\n\n\n\n<p>O <a href=\"https:\/\/investnews.com.br\/tag\/dolar\/\" class=\"rank-math-link\">d\u00f3lar<\/a> fechou em alta de <strong>1,47%<\/strong>, cotado a <strong>R$ 5,824<\/strong>. Na m\u00e1xima do dia, a moeda americana chegou a<strong> R$ 5,837<\/strong>.<\/p>\n\n\n\n<p>Entre as mais negociadas do dia ca\u00edram: <strong>Petrobras<\/strong> <strong><a href=\"https:\/\/investnews.com.br\/tag\/petr4\/\" target=\"_blank\" aria-label=\"(PETR4) (opens in a new tab)\" rel=\"noreferrer noopener\" class=\"rank-math-link\">(PETR4)<\/a>, Vale <a href=\"https:\/\/investnews.com.br\/tag\/vale3\/\" target=\"_blank\" aria-label=\"(VALE3) (opens in a new tab)\" rel=\"noreferrer noopener\" class=\"rank-math-link\">(VALE3)<\/a> e JBS <a aria-label=\"(JBSS3) (opens in a new tab)\" href=\"https:\/\/investnews.com.br\/tag\/jbss3\/\" target=\"_blank\" rel=\"noreferrer noopener\" class=\"rank-math-link\">(JBSS3)<\/a><\/strong>, que recuou <strong>1,24%.<\/strong> Subiram varejo e bancos com <strong>Itau Unibanco <a aria-label=\"(ITUB4)  (opens in a new tab)\" href=\"https:\/\/investnews.com.br\/tag\/itub4\/\" target=\"_blank\" rel=\"noreferrer noopener\" class=\"rank-math-link\">(ITUB4) <\/a>e Via Varejo <a href=\"https:\/\/investnews.com.br\/tag\/vvar3\/\" target=\"_blank\" aria-label=\"(VVAR3) (opens in a new tab)\" rel=\"noreferrer noopener\" class=\"rank-math-link\">(VVAR3)<\/a><\/strong>, que avan\u00e7aram <strong>0,27% e 0,34%<\/strong> respectivamente.<\/p>\n\n\n\n<p>O preg\u00e3o que sofreu v\u00e1rias altas e quedas ao longo do dia, foi influenciado pela cautela no exterior somado a crise pol\u00edtica interna. Os investidores tamb\u00e9m ficaram atentos a novos sinais de reinfe\u00e7\u00e3o por covid-19 em locais da \u00c1sia, como <a href=\"https:\/\/investnews.com.br\/tag\/china\/\" target=\"_blank\" aria-label=\"China (opens in a new tab)\" rel=\"noreferrer noopener\" class=\"rank-math-link\">China<\/a> e Coreia do Sul.<\/p>\n\n\n\n<p>As expectativas do mercado est\u00e3o mais baixas, com o Relat\u00f3rio de Mercado <a href=\"https:\/\/investnews.com.br\/tag\/focus\/\" class=\"rank-math-link\">Focus<\/a> mostrando que a proje\u00e7\u00e3o para o <a href=\"https:\/\/investnews.com.br\/tag\/pib\/\" class=\"rank-math-link\">PIB<\/a> de 2020 passou de uma queda de 3,76%, para uma de 4,11%. A mediana para o <a href=\"https:\/\/investnews.com.br\/tag\/ipca\/\" class=\"rank-math-link\">IPCA<\/a> neste ano foi de alta de 1,97% para 1,76%. H\u00e1 um m\u00eas, estava em 2,52%. A mediana das previs\u00f5es para a <a href=\"https:\/\/investnews.com.br\/tag\/selic\/\" class=\"rank-math-link\">Selic<\/a> neste ano passou de 2,75% para 2,50% ao ano. <\/p>\n\n\n\n<h2 class=\"wp-block-heading\">Destaques da bolsa <\/h2>\n\n\n\n<p>Entre as maiores altas do dia estavam os frigor\u00edficos, com a <strong>BRF <\/strong><a href=\"https:\/\/investnews.com.br\/tag\/brfs3\/\" target=\"_blank\" aria-label=\"(BRFS3)  (opens in a new tab)\" rel=\"noreferrer noopener\" class=\"rank-math-link\"><strong>(BRFS3)<\/strong> <\/a>que teve alta de <strong>11,26%<\/strong>, cotada a <strong>R$ 20,85<\/strong>. A companhia apresentou resultado do seu balan\u00e7o no 1\u00ba trimestre de 2020, onde teve preju\u00edzo de R$ 38 milh\u00f5es. D\u00edvidas judiciais nos EUA e a varia\u00e7\u00e3o cambial teriam afetado o desempenho. Contudo, a empresa teve crescimento de 21% da <a href=\"https:\/\/investnews.com.br\/guias\/receita-liquida-o-que-e\/\">receita l\u00edquida<\/a>, que subiu para R$ 8,9 milh\u00f5es. O aumento das exporta\u00e7\u00f5es de aves para China e Turquia, durante a pandemia, teriam contribu\u00eddo no resultado.<\/p>\n\n\n\n<p>Com a for\u00e7a do setor de prote\u00edna animal, a<strong> Marfrig <a href=\"https:\/\/investnews.com.br\/tag\/mrfg3\/\" target=\"_blank\" aria-label=\"(MRFG3) (opens in a new tab)\" rel=\"noreferrer noopener\" class=\"rank-math-link\">(MRFG3)<\/a> <\/strong>tamb\u00e9m subiu <strong>3,77%<\/strong>, negociada a <strong>R$ 13,75.<\/strong> A segunda maior alta do dia foi da<strong> Braskem <a href=\"https:\/\/investnews.com.br\/tag\/brkm5\/\" target=\"_blank\" aria-label=\"(BRKM5) (opens in a new tab)\" rel=\"noreferrer noopener\" class=\"rank-math-link\">(BRKM5)<\/a><\/strong> que avan\u00e7ou <strong>8,34%<\/strong>, cotada a <strong>R$ 22,08<\/strong>. A companhia divulgou na sexta-feira (8), um Boletim de voto a dist\u00e2ncia para a Assembleia Geral Ordin\u00e1ria da Companhia que ocorrer\u00e1 em 29 de maio. Entre os motivos estariam a inclus\u00e3o de novos nomes de candidatos para o Conselho de Administra\u00e7\u00e3o e Conselho Fiscal. \u00c9 o caso de L\u00edrio Parissoto, indicado por acionistas minorit\u00e1rios para o de administra\u00e7\u00e3o e Helo\u00edsa Belotti Bedicks e Reginaldo Ferreira Alexandre para o Conselho Fiscal da companhia. <\/p>\n\n\n\n<p>O destaque negativo do dia foi da <strong>IRB Resseguros <a aria-label=\"(IRBR3) (opens in a new tab)\" rel=\"noreferrer noopener\" href=\"https:\/\/investnews.com.br\/tag\/irbr3\/\" target=\"_blank\" class=\"rank-math-link\">(IRBR3)<\/a><\/strong>, que recuou <strong>14,82% <\/strong>cotada a <strong>R$ 7,70<\/strong>. A IRB apresentou forte queda quando foi informada de uma Fiscaliza\u00e7\u00e3o Especial da Susep. Entre os motivos estaria a insufici\u00eancia dos ativos garantidores de provis\u00f5es t\u00e9cnicas e liquidez regulat\u00f3ria. Assim como o aumento de sinistros para liquidar no primeiro quadrimestre de 2020. Com a not\u00edcia, as pr\u00e1ticas cont\u00e1beis e de governan\u00e7a corporativa da empresa entram novamente no olho do furac\u00e3o.<\/p>\n\n\n\n<p>Entre as maiores quedas tamb\u00e9m estavam a <strong>CVC <a href=\"https:\/\/investnews.com.br\/tag\/cvcb3\/\" target=\"_blank\" aria-label=\"(CVCB3) (opens in a new tab)\" rel=\"noreferrer noopener\" class=\"rank-math-link\">(CVCB3)<\/a><\/strong>, que caiu <strong>6,14%<\/strong>, cotada a <strong>R$ 11,16<\/strong> e a <strong>Petrobras Distribuidora <a href=\"https:\/\/investnews.com.br\/tag\/brdt3\/\" target=\"_blank\" aria-label=\"(BRDT3) (opens in a new tab)\" rel=\"noreferrer noopener\" class=\"rank-math-link\">(BRDT3)<\/a><\/strong>, que recuou<strong> 5,98%<\/strong>, negociada a <strong>R$ 17,91.<\/strong> As empresas sofreram os impactos da pandemia e da queda do petr\u00f3leo. <\/p>\n\n\n\n<h2 class=\"wp-block-heading\">Pol\u00edtica interna<\/h2>\n\n\n\n<p>Apesar do Pa\u00eds ter ultrapassado 11 mil mortes pela covid-19 no domingo, o presidente <a href=\"https:\/\/investnews.com.br\/tag\/jair-bolsonaro\/\" class=\"rank-math-link\">Jair Bolsonaro<\/a> pretende ampliar o rol de atividades essenciais autorizadas a funcionar a despeito das medidas de distanciamento social e &#8220;lockdown&#8221; (bloqueio) adotados por alguns Estados e munic\u00edpios por causa da pandemia.<\/p>\n\n\n\n<p>O mercado espera que Bolsonaro cumpra sua promessa de vetar a brecha para reajuste de servidores p\u00fablicos, prevista na lei de aux\u00edlio aos Estados e munic\u00edpios. Tamb\u00e9m est\u00e3o no radar os gastos com cart\u00e3o corporativo da Presid\u00eancia da Rep\u00fablica, de R$ 3,76 milh\u00f5es, que dobraram nos quatro primeiros meses de 2020 na compara\u00e7\u00e3o com a m\u00e9dia dos \u00faltimos cinco anos, mas o detalhamento \u00e9 trancado a sete chaves pelo Pal\u00e1cio do Planalto.<\/p>\n\n\n\n<p>As aten\u00e7\u00f5es ficam ainda nas oitivas do inqu\u00e9rito que investiga a acusa\u00e7\u00e3o do ex-ministro <a href=\"https:\/\/investnews.com.br\/tag\/sergio-moro\/\" class=\"rank-math-link\">S\u00e9rgio Moro<\/a> de tentativa de interfer\u00eancia do presidente Jair Bolsonaro na <a href=\"https:\/\/investnews.com.br\/tag\/policia-federal\/\" class=\"rank-math-link\">Pol\u00edcia Federal<\/a>. Hoje, devem ser ouvidos o ex-diretor-geral da PF Maur\u00edcio Valeixo e o delegado Alexandre Ramagem, indicado para substituir Valeixo, mas que n\u00e3o assumiu o cargo por determina\u00e7\u00e3o do ministro do <a href=\"https:\/\/investnews.com.br\/tag\/stf\/\" class=\"rank-math-link\">STF<\/a> Alexandre de Moraes.<\/p>\n\n\n\n<p>Tamb\u00e9m \u00e9 aguardada a defini\u00e7\u00e3o de uma data em que o procurador-geral da Rep\u00fablica Augusto Aras, o advogado-geral da Uni\u00e3o e o ex-ministro Moro ter\u00e3o acesso integral \u00e0 grava\u00e7\u00e3o da reuni\u00e3o ministerial de 22 abril, na qual o ex-juiz afirma que Bolsonaro teria cobrado a substitui\u00e7\u00e3o do diretor-geral da PF e do superintendente no Rio.<\/p>\n\n\n\n<p>Em entrevista \u00e0 Band na madrugada desta segunda, Aras, afirmou que apenas os di\u00e1logos entre Jair Bolsonaro e o ex-ministro S\u00e9rgio Moro nessa reuni\u00e3o devem ser divulgados, porque a revela\u00e7\u00e3o integral poderia vir a criar embara\u00e7os n\u00e3o s\u00f3 internos, mas tamb\u00e9m nas rela\u00e7\u00f5es internacionais. <\/p>\n\n\n\n<h2 class=\"wp-block-heading\"><\/h2>\n\n\n\n<p><\/p>\n\n\n\n<p><\/p>\n","protected":false},"excerpt":{"rendered":"<p>Incerteza dos mercados com a Covid-19, petr\u00f3leo e cen\u00e1rio pol\u00edtico em crise atrapalham o desempenho do preg\u00e3o<\/p>\n","protected":false},"author":18,"featured_media":2491,"comment_status":"open","ping_status":"open","sticky":false,"template":"","format":"standard","meta":{"_acf_changed":false,"inline_featured_image":false,"footnotes":""},"categories":[4],"tags":[274,244,26,246,234,53,51,83],"autor-wsj":[],"coauthors":[],"class_list":["post-10460","post","type-post","status-publish","format-standard","has-post-thumbnail","hentry","category-financas","tag-focus","tag-china","tag-dolar","tag-ipca","tag-jair-bolsonaro","tag-pib","tag-selic","tag-stf"],"acf":[],"amp_enabled":true,"_links":{"self":[{"href":"https:\/\/investnews.com.br\/inv-api\/wp\/v2\/posts\/10460","targetHints":{"allow":["GET"]}}],"collection":[{"href":"https:\/\/investnews.com.br\/inv-api\/wp\/v2\/posts"}],"about":[{"href":"https:\/\/investnews.com.br\/inv-api\/wp\/v2\/types\/post"}],"author":[{"embeddable":true,"href":"https:\/\/investnews.com.br\/inv-api\/wp\/v2\/users\/18"}],"replies":[{"embeddable":true,"href":"https:\/\/investnews.com.br\/inv-api\/wp\/v2\/comments?post=10460"}],"version-history":[{"count":8,"href":"https:\/\/investnews.com.br\/inv-api\/wp\/v2\/posts\/10460\/revisions"}],"predecessor-version":[{"id":10488,"href":"https:\/\/investnews.com.br\/inv-api\/wp\/v2\/posts\/10460\/revisions\/10488"}],"wp:featuredmedia":[{"embeddable":true,"href":"https:\/\/investnews.com.br\/inv-api\/wp\/v2\/media\/2491"}],"wp:attachment":[{"href":"https:\/\/investnews.com.br\/inv-api\/wp\/v2\/media?parent=10460"}],"wp:term":[{"taxonomy":"category","embeddable":true,"href":"https:\/\/investnews.com.br\/inv-api\/wp\/v2\/categories?post=10460"},{"taxonomy":"post_tag","embeddable":true,"href":"https:\/\/investnews.com.br\/inv-api\/wp\/v2\/tags?post=10460"},{"taxonomy":"autor-wsj","embeddable":true,"href":"https:\/\/investnews.com.br\/inv-api\/wp\/v2\/autor-wsj?post=10460"},{"taxonomy":"author","embeddable":true,"href":"https:\/\/investnews.com.br\/inv-api\/wp\/v2\/coauthors?post=10460"}],"curies":[{"name":"wp","href":"https:\/\/api.w.org\/{rel}","templated":true}]}}