{"id":10647,"date":"2020-05-13T08:25:25","date_gmt":"2020-05-13T11:25:25","guid":{"rendered":"https:\/\/investnews.com.br\/?p=10647"},"modified":"2025-09-01T15:20:19","modified_gmt":"2025-09-01T18:20:19","slug":"5-fatos-para-saber-hoje-cai-producao-na-zona-do-euro-stone-demite-13-mil","status":"publish","type":"post","link":"https:\/\/investnews.com.br\/economia\/5-fatos-para-saber-hoje-cai-producao-na-zona-do-euro-stone-demite-13-mil\/","title":{"rendered":"5 fatos para saber hoje: cai produ\u00e7\u00e3o na Zona do Euro; Stone demite 1,3 mil"},"content":{"rendered":"\n<h2 class=\"wp-block-heading\">1 &#8211; Prorroga\u00e7\u00e3o de aux\u00edlio emergencial \u00e9 assunto para Guedes, diz Bolsonaro<\/h2>\n\n\n\n<p>O presidente <a href=\"https:\/\/investnews.com.br\/tag\/jair-bolsonaro\/\" class=\"rank-math-link\">Jair Bolsonaro<\/a> disse nesta ter\u00e7a-feira (12) que a possibilidade da prorroga\u00e7\u00e3o do pagamento do <a href=\"https:\/\/investnews.com.br\/tag\/coronavoucher\/\" class=\"rank-math-link\">aux\u00edlio emergencial<\/a> de R$ 600 durante a pandemia de covid-19 \u00e9 assunto para o <a href=\"https:\/\/investnews.com.br\/tag\/ministerio-da-economia\/\" class=\"rank-math-link\">Minist\u00e9rio da Economia<\/a>. &#8220;Quem fala sobre Economia (prorroga\u00e7\u00e3o do aux\u00edlio) \u00e9 o <a href=\"https:\/\/investnews.com.br\/tag\/paulo-guedes\/\" class=\"rank-math-link\">Paulo Guedes.<\/a> Cada R$ 600 (a mais) significam R$ 30 bilh\u00f5es (de gastos)&#8221;, disse Bolsonaro a jornalistas no momento em que ele esteve na rampa do Pal\u00e1cio do Planalto.<\/p>\n\n\n\n<p>Ele evitou comentar sobre quando ir\u00e1 sancionar o pacote de socorro a Estados e munic\u00edpios aprovado no <a href=\"https:\/\/investnews.com.br\/tag\/congresso-nacional\/\" class=\"rank-math-link\">Congresso<\/a> e se ir\u00e1 vetar ou n\u00e3o a permiss\u00e3o para reajuste salarial a v\u00e1rias categorias de funcion\u00e1rios p\u00fablicos que teriam sal\u00e1rios congelados at\u00e9 o final de 2021.<\/p>\n\n\n\n<p>A suspens\u00e3o dos reajustes seria a contrapartida de governos para receberem os recursos, um total de R$ 60 bilh\u00f5es do <a href=\"https:\/\/investnews.com.br\/tag\/tesouro-nacional\/\" class=\"rank-math-link\">Tesouro<\/a>, al\u00e9m da suspens\u00e3o da d\u00edvida. Durante a tramita\u00e7\u00e3o da proposta no Congresso, no entanto, <strong>alguns setores foram exclu\u00eddos do congelamento de sal\u00e1rios<\/strong>.<\/p>\n\n\n\n<h2 class=\"wp-block-heading\">2 &#8211; BC amplia circula\u00e7\u00e3o de dinheiro a n\u00edvel recorde<\/h2>\n\n\n\n<p>O aumento de saques em esp\u00e9cie, a redu\u00e7\u00e3o no volume de dep\u00f3sitos e compras no com\u00e9rcio e o pagamento de aux\u00edlios a um quarto de toda a popula\u00e7\u00e3o brasileira levaram o <a href=\"https:\/\/investnews.com.br\/tag\/banco-central\/\" class=\"rank-math-link\">Banco Central<\/a> a ampliar a quantidade de papel-moeda em circula\u00e7\u00e3o para o maior patamar da hist\u00f3ria do real. Em apenas dois meses desde a declara\u00e7\u00e3o de pandemia pelo novo <a href=\"https:\/\/investnews.com.br\/tag\/coronavirus\/\" class=\"rank-math-link\">coronav\u00edrus<\/a>, o BC colocou na rua mais R$ 52 bilh\u00f5es em c\u00e9dulas, o que levou o dinheiro em circula\u00e7\u00e3o no Pa\u00eds \u00e0 marca de R$ 311,5 bilh\u00f5es, segundo os \u00faltimos dados dessa ter\u00e7a-feira (12).<\/p>\n\n\n\n<p>N\u00e3o se trata, neste caso, de emiss\u00e3o de dinheiro novo ou expans\u00e3o da oferta de moeda na economia como um todo (com aumento de reservas banc\u00e1rias, por exemplo), como tem sido defendido por uma ala de economistas como sa\u00edda para financiar os gastos da crise.<\/p>\n\n\n\n<p>A a\u00e7\u00e3o significa uma <strong>amplia\u00e7\u00e3o do uso de c\u00e9dulas impressas<\/strong> para fazer frente \u00e0 maior demanda de brasileiros por &#8220;dinheiro na m\u00e3o&#8221; diante da quebra no percurso das notas em papel durante a crise e das dificuldades de parcelas da popula\u00e7\u00e3o em usar canais digitais de pagamento.<\/p>\n\n\n\n<h2 class=\"wp-block-heading\">3 &#8211; Produ\u00e7\u00e3o industrial da zona do euro sofre queda hist\u00f3rica de 11,3% em mar\u00e7o<\/h2>\n\n\n\n<p>A <a class=\"rank-math-link\" href=\"https:\/\/investnews.com.br\/tag\/producao-industrial\/\">produ\u00e7\u00e3o industria<\/a>l da zona do euro sofreu uma queda hist\u00f3rica de 11,3% em mar\u00e7o ante fevereiro, diante do impacto da pandemia de coronav\u00edrus, segundo dados publicados hoje pela ag\u00eancia oficial de estat\u00edsticas da <a class=\"rank-math-link\" href=\"https:\/\/investnews.com.br\/tag\/uniao-europeia\/\">Uni\u00e3o Europeia<\/a>, a Eurostat. O resultado, por\u00e9m, ficou acima da expectativa de analistas consultados pelo\u00a0&#8220;The Wall Street Journal&#8221;, que previam um tombo de 12,8% no per\u00edodo.<\/p>\n\n\n\n<p>Na compara\u00e7\u00e3o anual, a ind\u00fastria do bloco reduziu a produ\u00e7\u00e3o em 12,9% em mar\u00e7o. Neste caso, a proje\u00e7\u00e3o do mercado era de recuo de 11,7%.<\/p>\n\n\n\n<p>A Eurostat tamb\u00e9m revisou sua estimativa para a queda anual da produ\u00e7\u00e3o industrial de fevereiro, de 1,9% para 2,2%.<\/p>\n\n\n\n<h2 class=\"wp-block-heading\">4 &#8211; Stone vai demitir 1,3 mil funcion\u00e1rios<\/h2>\n\n\n\n<p>A empresa de maquininhas de cart\u00f5es <a href=\"https:\/\/investnews.com.br\/tag\/stone\/\" class=\"rank-math-link\">Stone<\/a> demitir\u00e1 20% de seus funcion\u00e1rios na esteira da crise da covid-19. O an\u00fancio foi feito na ter\u00e7a-feira, 12, pelo presidente executivo da empresa, Thiago Piau, em videoconfer\u00eancia com os colaboradores. O executivo tamb\u00e9m enviou uma carta aos funcion\u00e1rios explicando o motivo do forte corte, que acarretou no desligamento de 1.300 pessoas.<\/p>\n\n\n\n<p>&#8220;Foi muito duro tomar essa decis\u00e3o. N\u00e3o era uma medida que estava nos nossos planos no in\u00edcio da crise&#8221;, escreveu Piau, em carta. Ele argumentou ainda que as medidas v\u00e3o trazer seguran\u00e7a para quem fica e que, nos pr\u00f3ximos meses, a Stone vai acelerar as iniciativas para ir al\u00e9m das maquininhas, investindo em servi\u00e7os financeiros e em ferramentas de venda online.<\/p>\n\n\n\n<p>No texto, Piau destacou que conforme o 2\u00ba semestre se aproxima, a empresa entende que o ano ser\u00e1 muito diferente das expectativas do fim de 2019. &#8220;Estamos muito preocupados com todos os nossos clientes, principalmente os pequenos e m\u00e9dios neg\u00f3cios (conhecidos como <a href=\"https:\/\/investnews.com.br\/tag\/pme\/\" class=\"rank-math-link\">PME<\/a>s). Muitos se viram obrigados a fechar suas portas para o p\u00fablico de repente&#8221;, explicou.<\/p>\n\n\n\n<h2 class=\"wp-block-heading\">5 &#8211; ANP anuncia 1\u00aa morte por covid-19 de um trabalhador embarcado em plataforma<\/h2>\n\n\n\n<p>&nbsp;A Ag\u00eancia Nacional do Petr\u00f3leo, G\u00e1s Natural e Biocombust\u00edveis (<a href=\"https:\/\/investnews.com.br\/tag\/anp\/\" class=\"rank-math-link\">ANP<\/a>) informou nesta ter\u00e7a-feira, 12, a primeira morte por covid-19 entre trabalhadores que tiveram acesso a plataformas mar\u00edtimas (<a href=\"https:\/\/investnews.com.br\/guias\/offshore\/\">offshore<\/a>).<\/p>\n\n\n\n<p>Segundo a ag\u00eancia, o trabalhador estava em uma embarca\u00e7\u00e3o de apoio \u00e0s plataformas e desembarcou no dia 24 de abril com sintomas da doen\u00e7a, vindo a falecer no dia 26 de abril. O nome da empresa n\u00e3o foi informado e, segundo a ANP, tamb\u00e9m n\u00e3o foi divulgada a causa da morte.<\/p>\n\n\n\n<p>A ag\u00eancia disse ainda que at\u00e9 ontem (11) eram 196 casos confirmados de coronav\u00edrus entre os profissionais que acessaram instala\u00e7\u00f5es mar\u00edtimas de perfura\u00e7\u00e3o e produ\u00e7\u00e3o de petr\u00f3leo e g\u00e1s natural. At\u00e9 o dia 9 de maio, a ANP havia informado que eram 580 os casos confirmados de infectados pelo v\u00edrus. At\u00e9 o momento, a ag\u00eancia n\u00e3o explicou o motivo para a queda brusca de contaminados.<\/p>\n","protected":false},"excerpt":{"rendered":"<p>A produ\u00e7\u00e3o industrial na Zona do Euro sofreu uma queda hist\u00f3rica em mar\u00e7o, enquanto a empresa de m\u00e1quinas de cart\u00e3o anunciou a demiss\u00e3o de 1,3 mil funcion\u00e1rios.<\/p>\n","protected":false},"author":17,"featured_media":2523,"comment_status":"open","ping_status":"open","sticky":false,"template":"","format":"standard","meta":{"_acf_changed":false,"inline_featured_image":false,"footnotes":""},"categories":[5],"tags":[314,56,404,923,234,240,1189,347,817,299,504],"autor-wsj":[],"coauthors":[],"class_list":["post-10647","post","type-post","status-publish","format-standard","has-post-thumbnail","hentry","category-economia","tag-anp","tag-banco-central","tag-coronavirus","tag-coronavoucher","tag-jair-bolsonaro","tag-ministerio-da-economia","tag-stone","tag-paulo-guedes","tag-producao-industrial","tag-tesouro-nacional","tag-uniao-europeia"],"acf":[],"amp_enabled":true,"_links":{"self":[{"href":"https:\/\/investnews.com.br\/inv-api\/wp\/v2\/posts\/10647","targetHints":{"allow":["GET"]}}],"collection":[{"href":"https:\/\/investnews.com.br\/inv-api\/wp\/v2\/posts"}],"about":[{"href":"https:\/\/investnews.com.br\/inv-api\/wp\/v2\/types\/post"}],"author":[{"embeddable":true,"href":"https:\/\/investnews.com.br\/inv-api\/wp\/v2\/users\/17"}],"replies":[{"embeddable":true,"href":"https:\/\/investnews.com.br\/inv-api\/wp\/v2\/comments?post=10647"}],"version-history":[{"count":4,"href":"https:\/\/investnews.com.br\/inv-api\/wp\/v2\/posts\/10647\/revisions"}],"predecessor-version":[{"id":712263,"href":"https:\/\/investnews.com.br\/inv-api\/wp\/v2\/posts\/10647\/revisions\/712263"}],"wp:featuredmedia":[{"embeddable":true,"href":"https:\/\/investnews.com.br\/inv-api\/wp\/v2\/media\/2523"}],"wp:attachment":[{"href":"https:\/\/investnews.com.br\/inv-api\/wp\/v2\/media?parent=10647"}],"wp:term":[{"taxonomy":"category","embeddable":true,"href":"https:\/\/investnews.com.br\/inv-api\/wp\/v2\/categories?post=10647"},{"taxonomy":"post_tag","embeddable":true,"href":"https:\/\/investnews.com.br\/inv-api\/wp\/v2\/tags?post=10647"},{"taxonomy":"autor-wsj","embeddable":true,"href":"https:\/\/investnews.com.br\/inv-api\/wp\/v2\/autor-wsj?post=10647"},{"taxonomy":"author","embeddable":true,"href":"https:\/\/investnews.com.br\/inv-api\/wp\/v2\/coauthors?post=10647"}],"curies":[{"name":"wp","href":"https:\/\/api.w.org\/{rel}","templated":true}]}}