{"id":10827,"date":"2020-05-15T04:44:00","date_gmt":"2020-05-15T07:44:00","guid":{"rendered":"https:\/\/investnews.com.br\/?p=10827"},"modified":"2025-09-01T15:22:04","modified_gmt":"2025-09-01T18:22:04","slug":"5-fatos-sobre-hoje-pib-da-zona-do-euro-e-bolsonaro-recua-de-acordo-com-guedes","status":"publish","type":"post","link":"https:\/\/investnews.com.br\/economia\/5-fatos-sobre-hoje-pib-da-zona-do-euro-e-bolsonaro-recua-de-acordo-com-guedes\/","title":{"rendered":"5 fatos para saber hoje: PIB da zona do euro e Bolsonaro recua de acordo"},"content":{"rendered":"\n<h2 class=\"wp-block-heading\">1 &#8211; PIB da zona do euro sofre contra\u00e7\u00e3o de 3,8% no 1\u00ba trimestre, confirma Eurostat<\/h2>\n\n\n\n<p>O Produto Interno Bruto (<a href=\"https:\/\/investnews.com.br\/tag\/pib\/\" class=\"rank-math-link\">PIB<\/a>) da zona do euro encolheu 3,8% no primeiro trimestre de 2020 ante o quarto trimestre de 2019, sofrendo a maior contra\u00e7\u00e3o numa s\u00e9rie hist\u00f3rica iniciada em 1995, em meio ao impacto da pandemia do novo <a href=\"https:\/\/investnews.com.br\/tag\/coronavirus\/\" class=\"rank-math-link\">coronav\u00edrus<\/a>, segundo revis\u00e3o divulgada hoje pela ag\u00eancia oficial de estat\u00edsticas da <a href=\"https:\/\/investnews.com.br\/tag\/uniao-europeia\/\" class=\"rank-math-link\">Uni\u00e3o Europeia<\/a>, a Eurostat. O resultado confirmou estimativa preliminar e veio em linha com a expectativa de analistas consultados pelo&nbsp;&#8220;The Wall Street Journal&#8221;.<\/p>\n\n\n\n<p>Em rela\u00e7\u00e3o ao mesmo per\u00edodo do ano passado, o PIB do bloco recuou 3,2% entre janeiro e mar\u00e7o. Neste caso, a primeira estimativa da Eurostat &#8211; publicada no fim de abril &#8211; havia sido de queda um pouco maior, de 3,3%.<\/p>\n\n\n\n<p>Em termos anualizados, a economia da zona do euro registrou um tombo de 14,2% no primeiro trimestre, um pouco menor do que o decl\u00ednio de 14,4% calculado inicialmente pelo \u00f3rg\u00e3o de estat\u00edsticas.<\/p>\n\n\n\n<h2 class=\"wp-block-heading\">2 &#8211; Bolsonaro recua e quer discutir veto com governadores e Maia<\/h2>\n\n\n\n<p>O presidente <a href=\"https:\/\/investnews.com.br\/tag\/jair-bolsonaro\/\" class=\"rank-math-link\">Jair Bolsonaro<\/a> disse na quinta-feira, 14, que quer discutir com governadores e o presidente da C\u00e2mara, <a href=\"https:\/\/investnews.com.br\/tag\/rodrigo-maia\/\" class=\"rank-math-link\">Rodrigo Maia<\/a> (DEM), o veto a trecho do projeto de socorro a Estados e munic\u00edpios que congela reajuste de servidores at\u00e9 2021. &#8220;Ele (Maia) pretende, juntamente comigo, fazer videoconfer\u00eancia com governadores de todo o Brasil e ali sair compromisso no tocante a poss\u00edvel veto ou n\u00e3o de artigos desse projeto&#8221;, afirmou Bolsonaro em frente ao Alvorada.<\/p>\n\n\n\n<p>Bolsonaro disse que o ministro da Economia, <a href=\"https:\/\/investnews.com.br\/tag\/paulo-guedes\/\" class=\"rank-math-link\">Paulo Guedes<\/a>, teme que parte dos R$ 60 bilh\u00f5es aos Estados e munic\u00edpios previstos no projeto seja usado para reajustar sal\u00e1rios de funcion\u00e1rios p\u00fablicos.<\/p>\n\n\n\n<p>O presidente disse ainda que fala &#8220;a mesma l\u00edngua&#8221; de Maia nesse tema: &#8220;Est\u00e1 todo mundo preocupado com a quest\u00e3o de gastos. Quase todos prefeitos e governadores est\u00e3o no limite sobre a quest\u00e3o de gastos.&#8221;<\/p>\n\n\n\n<h2 class=\"wp-block-heading\">3 &#8211; Sabesp reverte lucro e tem preju\u00edzo de R$ 657,9 milh\u00f5es no 1\u00ba trimestre<\/h2>\n\n\n\n<p>A companhia de saneamento paulista <a class=\"rank-math-link\" href=\"https:\/\/investnews.com.br\/tag\/sabesp\/\">Sabesp<\/a> (<a href=\"https:\/\/investnews.com.br\/cotacao\/sbsp3-sabesp\/\">SBSP3<\/a>) reverteu o <a href=\"https:\/\/investnews.com.br\/guias\/lucro-liquido\/\">lucro l\u00edquido<\/a> de R$ 637,3 milh\u00f5es registrados no primeiro trimestre de 2019 e registrou preju\u00edzo de R$ 657,9 milh\u00f5es no mesmo per\u00edodo deste ano.<\/p>\n\n\n\n<p>O lucro antes de juros, impostos, deprecia\u00e7\u00e3o e <a href=\"https:\/\/investnews.com.br\/guias\/amortizacao-o-que-e\/\">amortiza\u00e7\u00e3o<\/a> (<\/p>\n\n\n\n<p><\/p>\n\n\n\n<p>) ajustado da companhia recuou 3,9% na compara\u00e7\u00e3o entre os per\u00edodos, de R$ 1,544 bilh\u00e3o para R$ 1,483 bilh\u00e3o. J\u00e1 a <a href=\"https:\/\/investnews.com.br\/guias\/ebitda-o-que-e-como-calcular\/\">margem Ebitda<\/a> ajustada ficou em 36,7%, ante 39,8% no primeiro trimestre do ano passado. A receita operacional l\u00edquida avan\u00e7ou 4,2% no mesmo intervalo, para R$ 4,042 bilh\u00f5es.<\/p>\n\n\n\n<p>A Sabesp pontuou a &#8220;instabilidade econ\u00f4mica agravada pela covid-19&#8221;, com destaque para a desvaloriza\u00e7\u00e3o do real. De acordo com a companhia, as varia\u00e7\u00f5es <a href=\"https:\/\/investnews.com.br\/tag\/cambio\/\" class=\"rank-math-link\">cambiais<\/a> representaram impacto de R$ 1,796 bilh\u00e3o nos empr\u00e9stimos e financiamentos. Al\u00e9m disso, as perdas estimadas com cr\u00e9ditos de liquida\u00e7\u00e3o duvidosa chegaram a R$ 149,7 milh\u00f5es, a partir do aumento da <a href=\"https:\/\/investnews.com.br\/tag\/inadimplencia\/\" class=\"rank-math-link\">inadimpl\u00eancia<\/a> e da expectativa de maiores perdas futuras.<\/p>\n\n\n\n<h2 class=\"wp-block-heading\">4 &#8211; Gafisa registra preju\u00edzo l\u00edquido de R$ 25,449 milh\u00f5es no 1\u00ba trimestre <\/h2>\n\n\n\n<p>A companhia Gafisa (<a href=\"https:\/\/investnews.com.br\/tag\/gfsa3\/\" class=\"rank-math-link\">GFSA3<\/a>) reportou preju\u00edzo l\u00edquido de R$ 25,449 milh\u00f5es no primeiro trimestre de 2020. O valor representa queda de 45,39% na compara\u00e7\u00e3o com o preju\u00edzo l\u00edquido de R$ 46,599 milh\u00f5es de igual per\u00edodo do ano anterior. Os dados foram divulgados nesta quinta-feira, 14, em balan\u00e7o enviado \u00e0 Comiss\u00e3o de Valores Mobili\u00e1rios (<a href=\"https:\/\/investnews.com.br\/tag\/cvm\/\" class=\"rank-math-link\">CVM<\/a>).<\/p>\n\n\n\n<p>A empresa reportou ainda preju\u00edzo l\u00edquido atribu\u00eddo aos s\u00f3cios da empresa controladora de R$ 25,462 milh\u00f5es. O valor representa queda de 45,07% na compara\u00e7\u00e3o com o preju\u00edzo l\u00edquido atribu\u00eddo aos controladores de R$ 46,354 milh\u00f5es em igual per\u00edodo do ano anterior.<\/p>\n\n\n\n<p>O <a href=\"https:\/\/investnews.com.br\/tag\/ebitda\/\" class=\"rank-math-link\">Ebitda<\/a> (lucro antes de juros, impostos, deprecia\u00e7\u00e3o e amortiza\u00e7\u00e3o) ajustado ficou positivo em R$ 4,109 milh\u00f5es, ante Ebitda negativo de R$ 23 milh\u00f5es de igual etapa do ano passado.<\/p>\n\n\n\n<p>A receita da companhia fechou o trimestre em R$ 71,703 milh\u00f5es. O resultado representa queda de 24,86% ante a cifra de R$ 95,421 milh\u00f5es na mesma base de compara\u00e7\u00e3o.<\/p>\n\n\n\n<h2 class=\"wp-block-heading\">5 &#8211; Nelson Teich pede demiss\u00e3o do Minist\u00e9rio da Sa\u00fade<\/h2>\n\n\n\n<p>O Minist\u00e9rio da Sa\u00fade informou&nbsp;hoje&nbsp;(15) que o ministro <strong>Nelson Teich<\/strong> pediu exonera\u00e7\u00e3o do cargo na manh\u00e3 desta&nbsp;sexta-feira. No comunicado, a pasta n\u00e3o esclarece o motivo da sa\u00edda, mas informa que uma coletiva de imprensa ser\u00e1 marcada para esta tarde.<\/p>\n\n\n\n<p>Teich&nbsp;assumiu o cargo&nbsp;h\u00e1 um m\u00eas, ap\u00f3s a&nbsp;sa\u00edda do ex-ministro&nbsp;da Sa\u00fade Luiz Henrique Mandetta, em&nbsp;16 de abril.<\/p>\n\n\n\n<p>Mandetta e o presidente Jair Bolsonaro divergiam sobre os caminhos para o combate \u00e0 pandemia do novo coronav\u00edrus no pa\u00eds, como as medidas de isolamento social e o uso da hidroxicloroquina no tratamento de pacientes.<\/p>\n\n\n\n<p><em>*Com Estad\u00e3o Conte\u00fado e Ag\u00eancia Brasil<\/em><\/p>\n","protected":false},"excerpt":{"rendered":"<p>O presidente disse que vai conversar com Rodrigo Maia para relativizar o congelamento do funcionalismo p\u00fablico acordado com Guedes.<\/p>\n","protected":false},"author":17,"featured_media":7989,"comment_status":"open","ping_status":"open","sticky":false,"template":"","format":"standard","meta":{"_acf_changed":false,"inline_featured_image":false,"footnotes":""},"categories":[5],"tags":[58,404,923,41,698,74,234,1005,201,347,53,504],"autor-wsj":[],"coauthors":[],"class_list":["post-10827","post","type-post","status-publish","format-standard","has-post-thumbnail","hentry","category-economia","tag-caixa-economica-federal","tag-coronavirus","tag-coronavoucher","tag-cvm","tag-ebitda","tag-inadimplencia","tag-jair-bolsonaro","tag-mandetta","tag-sabesp","tag-paulo-guedes","tag-pib","tag-uniao-europeia"],"acf":[],"amp_enabled":true,"_links":{"self":[{"href":"https:\/\/investnews.com.br\/inv-api\/wp\/v2\/posts\/10827","targetHints":{"allow":["GET"]}}],"collection":[{"href":"https:\/\/investnews.com.br\/inv-api\/wp\/v2\/posts"}],"about":[{"href":"https:\/\/investnews.com.br\/inv-api\/wp\/v2\/types\/post"}],"author":[{"embeddable":true,"href":"https:\/\/investnews.com.br\/inv-api\/wp\/v2\/users\/17"}],"replies":[{"embeddable":true,"href":"https:\/\/investnews.com.br\/inv-api\/wp\/v2\/comments?post=10827"}],"version-history":[{"count":7,"href":"https:\/\/investnews.com.br\/inv-api\/wp\/v2\/posts\/10827\/revisions"}],"predecessor-version":[{"id":712265,"href":"https:\/\/investnews.com.br\/inv-api\/wp\/v2\/posts\/10827\/revisions\/712265"}],"wp:featuredmedia":[{"embeddable":true,"href":"https:\/\/investnews.com.br\/inv-api\/wp\/v2\/media\/7989"}],"wp:attachment":[{"href":"https:\/\/investnews.com.br\/inv-api\/wp\/v2\/media?parent=10827"}],"wp:term":[{"taxonomy":"category","embeddable":true,"href":"https:\/\/investnews.com.br\/inv-api\/wp\/v2\/categories?post=10827"},{"taxonomy":"post_tag","embeddable":true,"href":"https:\/\/investnews.com.br\/inv-api\/wp\/v2\/tags?post=10827"},{"taxonomy":"autor-wsj","embeddable":true,"href":"https:\/\/investnews.com.br\/inv-api\/wp\/v2\/autor-wsj?post=10827"},{"taxonomy":"author","embeddable":true,"href":"https:\/\/investnews.com.br\/inv-api\/wp\/v2\/coauthors?post=10827"}],"curies":[{"name":"wp","href":"https:\/\/api.w.org\/{rel}","templated":true}]}}