{"id":10927,"date":"2020-05-15T23:00:00","date_gmt":"2020-05-16T02:00:00","guid":{"rendered":"https:\/\/investnews.com.br\/?p=10927"},"modified":"2021-11-23T14:41:43","modified_gmt":"2021-11-23T17:41:43","slug":"alta-tensao-conheca-as-5-acoes-que-mais-subiram-e-cairam-na-semana","status":"publish","type":"post","link":"https:\/\/investnews.com.br\/financas\/alta-tensao-conheca-as-5-acoes-que-mais-subiram-e-cairam-na-semana\/","title":{"rendered":"As 5 a\u00e7\u00f5es que mais subiram e mais ca\u00edram na semana passada"},"content":{"rendered":"\n<p>Com forte impacto da pol\u00edtica, a trajet\u00f3ria do <strong><a aria-label=\"Ibovespa  (opens in a new tab)\" rel=\"noreferrer noopener\" class=\"rank-math-link\" href=\"https:\/\/investnews.com.br\/tag\/ibovespa\/\" target=\"_blank\">Ibovespa <\/a><\/strong>esta semana n\u00e3o foi nada f\u00e1cil. Ap\u00f3s o ministro da Sa\u00fade, Nelson Teich pedir demiss\u00e3o, em menos de um m\u00eas ap\u00f3s sua nomea\u00e7\u00e3o, a bolsa de valores encerrou a semana com queda acumulada de <strong>3,37%.<\/strong><\/p>\n\n\n\n<p>Como diz o jarg\u00e3o \u201co papel sobe no boato e desce no fato\u201d, a instabilidade pol\u00edtica que iniciou com rumores da exist\u00eancia de um suposto v\u00eddeo onde o presidente <a aria-label=\"Bolsonaro  (opens in a new tab)\" rel=\"noreferrer noopener\" class=\"rank-math-link\" href=\"https:\/\/investnews.com.br\/tag\/jair-bolsonaro\/\" target=\"_blank\">Bolsonaro <\/a>interfere na <a aria-label=\"Pol\u00edcia Federal  (opens in a new tab)\" rel=\"noreferrer noopener\" class=\"rank-math-link\" href=\"https:\/\/investnews.com.br\/tag\/policia-federal\/\" target=\"_blank\">Pol\u00edcia Federal <\/a>para defender os filhos, teve um impacto forte na queda de diversos ativos. Para Cristiano Correa, professor de finan\u00e7as do Ibmec SP dois fatores ficaram n\u00edtidos nesta semana: a volatilidade do d\u00f3lar e a oscila\u00e7\u00e3o do Ibovespa. \u201cA Bolsa mudou rapidamente oscilando entre os 76 mil e 80 mil pontos durante a semana, sem dire\u00e7\u00e3o definida\u201d, explica. Correa defende que os ativos do Ibovespa s\u00e3o precificados antecipadamente em fun\u00e7\u00e3o de acontecimentos, e com a crise pol\u00edtica e a sa\u00edda do ministro, o mercado deve cair ainda mais. \u201cO investidor aguarda esta queda para voltar a comprar antes que o Ibovespa retome o ritmo\u201d, acrescenta. <\/p>\n\n\n\n<h2 class=\"wp-block-heading\">Maiores altas<\/h2>\n\n\n\n<p>O destaque positivo da semana foi da <strong>BRF <a aria-label=\"(BRFS3) (opens in a new tab)\" rel=\"noreferrer noopener\" href=\"https:\/\/investnews.com.br\/tag\/brfs3\/\" target=\"_blank\" class=\"rank-math-link\">(BRFS3)<\/a><\/strong>, que avan\u00e7ou <strong>20,92%<\/strong> no acumulado. O desempenho foi reflexo do balan\u00e7o da companhia, divulgado no domingo 10 de maio, onde apesar do preju\u00edzo de R$ 38 milh\u00f5es no primeiro trimestre de 2020, houve uma perda menor comparada ao primeiro trimestre de 2019, onde o preju\u00edzo foi de R$ 113 milh\u00f5es. \u201cTudo isso aconteceu na pandemia e com risco de fechamento de algumas plantas. O resultado comprova que a empresa tem capacidade para passar pela crise, superando at\u00e9 o fato de ter sua d\u00edvida em moeda estrangeira e com o d\u00f3lar disparado\u201d, comenta Correa. <\/p>\n\n\n\n<p>O <a href=\"https:\/\/investnews.com.br\/guias\/ebitda-o-que-e-como-calcular\/\">Ebitda<\/a>, Lucros antes de Juros, Impostos, Deprecia\u00e7\u00e3o e <a href=\"https:\/\/investnews.com.br\/guias\/amortizacao-o-que-e\/\">Amortiza\u00e7\u00e3o<\/a>, da companhia tamb\u00e9m n\u00e3o desapontou, subindo mais de 60%, o que foi um indicador importante para os investidores. <\/p>\n\n\n\n<p>A <strong>Braskem<a aria-label=\" (BRKM5) (opens in a new tab)\" rel=\"noreferrer noopener\" href=\"https:\/\/investnews.com.br\/tag\/brkm5\/\" target=\"_blank\" class=\"rank-math-link\"> (BRKM5)<\/a><\/strong> foi a segunda maior alta da semana, avan\u00e7ando <strong>15,15%<\/strong>. Segundo Correa, a companhia ainda surfa na onda positiva de uma informa\u00e7\u00e3o divulgada em abril, quando o banco Morgan Stanley elevou a recomenda\u00e7\u00e3o da empresa para overweigth e apontou o novo pre\u00e7o-alvo de R$ 26,20 para 2020. \u201cBraskem ganhou f\u00f4lego esta semana, influenciada pela alta do d\u00f3lar e o pre\u00e7o do petr\u00f3leo caindo\u201d, diz.<\/p>\n\n\n\n<p>J\u00e1 a <strong>Marfrig<\/strong><a aria-label=\" (MRFG3)  (opens in a new tab)\" rel=\"noreferrer noopener\" href=\"https:\/\/investnews.com.br\/tag\/mrfg3\/\" target=\"_blank\" class=\"rank-math-link\"><strong> (MRFG3)<\/strong> <\/a>que subiu <strong>5,96% <\/strong>no acumulado da semana, se beneficiou pela not\u00edcia do aumento de exporta\u00e7\u00f5es para o mercado americano. Fato que tamb\u00e9m elevou o pre\u00e7o da a\u00e7\u00e3o e colocou o frigor\u00edfico na carteira recomendada de v\u00e1rias institui\u00e7\u00f5es financeiras para a pr\u00f3xima semana. <\/p>\n\n\n\n<p><strong>Confira as cinco maiores altas da semana:<\/strong><\/p>\n\n\n\n<figure class=\"wp-block-table\"><table class=\"\"><tbody><tr><td><strong>A\u00e7\u00e3o <\/strong><\/td><td><strong>Alta <\/strong><\/td><\/tr><tr><td> <strong>BRF <\/strong><a href=\"https:\/\/investnews.com.br\/tag\/brfs3\/\" target=\"_blank\" aria-label=\"(BRFS3)  (opens in a new tab)\" rel=\"noreferrer noopener\" class=\"rank-math-link\"><strong>(BRFS3)<\/strong> <\/a><\/td><td><strong>20,92%<\/strong><\/td><\/tr><tr><td> <strong>Braskem <\/strong><a href=\"https:\/\/investnews.com.br\/tag\/brkm5\/\" target=\"_blank\" aria-label=\"(BRKM5)  (opens in a new tab)\" rel=\"noreferrer noopener\" class=\"rank-math-link\"><strong>(BRKM5)<\/strong> <\/a><\/td><td><strong>15,01%<\/strong><\/td><\/tr><tr><td> <strong>Marfrig <\/strong><a href=\"https:\/\/investnews.com.br\/tag\/mrfg3\/\" target=\"_blank\" aria-label=\"(MRFG3)  (opens in a new tab)\" rel=\"noreferrer noopener\" class=\"rank-math-link\"><strong>(MRFG3)<\/strong> <\/a><\/td><td><strong>5,96%<\/strong><\/td><\/tr><tr><td><strong>B3 <a href=\"https:\/\/investnews.com.br\/tag\/b3sa3\/\" target=\"_blank\" aria-label=\"(B3SA3) (opens in a new tab)\" rel=\"noreferrer noopener\" class=\"rank-math-link\">(B3SA3)<\/a><\/strong><\/td><td><strong>4,71%<\/strong><\/td><\/tr><tr><td><strong> Minerva  <a href=\"https:\/\/investnews.com.br\/tag\/beef3\/\" target=\"_blank\" aria-label=\"(BEEF3) (opens in a new tab)\" rel=\"noreferrer noopener\" class=\"rank-math-link\">(BEEF3)<\/a><\/strong><\/td><td><strong>4,28%<\/strong><\/td><\/tr><\/tbody><\/table><\/figure>\n\n\n\n<h2 class=\"wp-block-heading\">Maiores quedas<\/h2>\n\n\n\n<p>A maior queda da semana foi da<strong> IRB Brasil <a aria-label=\"(IRBR3) (opens in a new tab)\" rel=\"noreferrer noopener\" href=\"https:\/\/investnews.com.br\/tag\/irbr3\/\" target=\"_blank\" class=\"rank-math-link\">(IRBR3)<\/a><\/strong>, que no acumulado recuou <strong>25,88%.<\/strong> A empresa, que vive uma crise de governan\u00e7a corporativa, voltou aos holofotes ap\u00f3s a Susep, um \u00f3rg\u00e3o regulador das seguradoras anunciar que faria uma fiscaliza\u00e7\u00e3o na IRB por insufici\u00eancia de provis\u00f5es t\u00e9cnicas. Sem novos cap\u00edtulos para a hist\u00f3ria, e naufragando novamente na lama, a companhia vai de mal \u00e0 pior. \u201cInsufici\u00eancia de provis\u00f5es t\u00e9cnicas \u00e9 como dizer que um banco n\u00e3o tem cr\u00e9dito compuls\u00f3rio, um elemento b\u00e1sico e obrigat\u00f3rio\u201d, explica Murilo Breder, analista de a\u00e7\u00f5es da Levante.<\/p>\n\n\n\n<p>A segunda maior queda da semana foi do setor a\u00e9reo. A <strong>Azul <\/strong><a aria-label=\"(AZUL4), (opens in a new tab)\" rel=\"noreferrer noopener\" href=\"https:\/\/investnews.com.br\/tag\/azul4\/\" target=\"_blank\" class=\"rank-math-link\"><strong>(AZUL4)<\/strong>,<\/a> caiu <strong>18,53%<\/strong> nesta semana. No entanto, Breder aponta que a companhia a\u00e9rea s\u00f3 caiu desde o dia 4 de maio. <\/p>\n\n\n\n<p>Os resultados do balan\u00e7o da a\u00e9rea, divulgados no dia 14 de maio, tamb\u00e9m n\u00e3o ajudaram. A Azul teve preju\u00edzo de R$ 6,1 bilh\u00f5es no primeiro trimestre de 2020, revertendo o <a href=\"https:\/\/investnews.com.br\/guias\/lucro-liquido\/\">lucro l\u00edquido<\/a> de R$ 125,3 milh\u00f5es no mesmo per\u00edodo de 2019. \u201cCom a sa\u00edda do <a href=\"https:\/\/investnews.com.br\/tag\/ministerio-da-saude\/\" target=\"_blank\" aria-label=\"ministro da Sa\u00fade (opens in a new tab)\" rel=\"noreferrer noopener\" class=\"rank-math-link\">ministro da Sa\u00fade<\/a>, o cen\u00e1rio s\u00f3 se complica. A quarentena deve ir al\u00e9m de junho em alguns estados piorando ainda mais a situa\u00e7\u00e3o do setor\u201d, avalia Breder. <\/p>\n\n\n\n<p>A <strong>Embraer <a aria-label=\"(EMBR3) (opens in a new tab)\" rel=\"noreferrer noopener\" href=\"https:\/\/investnews.com.br\/tag\/embr3\/\" target=\"_blank\" class=\"rank-math-link\">(EMBR3)<\/a><\/strong>, que recuou <strong>17,37%<\/strong> tamb\u00e9m est\u00e1 interligada a situa\u00e7\u00e3o da Azul. Nesta semana, a companhia a\u00e9rea &nbsp;fechou um acordo de devolu\u00e7\u00e3o de 59 avi\u00f5es, avaliados em R$ 4,5 bilh\u00f5es, para Embraer. Uma not\u00edcia negativa para ambas as companhias. \u201cEmbraer est\u00e1 no olho do furac\u00e3o h\u00e1 muito tempo, teve a queda de acordo com a Boeing, e agora este epis\u00f3dio com Azul\u201d, conclui Breder. <\/p>\n\n\n\n<p><strong>Confira as cinco maiores quedas da semana:<\/strong><\/p>\n\n\n\n<figure class=\"wp-block-table\"><table class=\"\"><tbody><tr><td><strong>A\u00e7\u00e3o <\/strong><\/td><td><strong>Queda<\/strong><\/td><\/tr><tr><td> <strong>IRB Brasil <\/strong><a href=\"https:\/\/investnews.com.br\/tag\/irbr3\/\" target=\"_blank\" aria-label=\"(IRBR3)  (opens in a new tab)\" rel=\"noreferrer noopener\" class=\"rank-math-link\"><strong>(IRBR3)<\/strong> <\/a><\/td><td><strong>25,88%<\/strong><\/td><\/tr><tr><td> <strong>Azul <a href=\"https:\/\/investnews.com.br\/tag\/azul4\/\" target=\"_blank\" aria-label=\"(AZUL4) (opens in a new tab)\" rel=\"noreferrer noopener\" class=\"rank-math-link\">(AZUL4)<\/a><\/strong> <\/td><td><strong>18,53%<\/strong><\/td><\/tr><tr><td> <strong>Embraer<\/strong><a href=\"https:\/\/investnews.com.br\/tag\/embr3\/\" target=\"_blank\" aria-label=\" (EMBR3)  (opens in a new tab)\" rel=\"noreferrer noopener\" class=\"rank-math-link\"><strong> (EMBR3)<\/strong> <\/a><\/td><td><strong>17,37%<\/strong><\/td><\/tr><tr><td> <strong>Grupo&nbsp;P\u00e3o de A\u00e7\u00facar&nbsp;<a href=\"https:\/\/investnews.com.br\/tag\/pcar4\/\" target=\"_blank\" aria-label=\"(PCAR4)&nbsp;  (opens in a new tab)\" rel=\"noreferrer noopener\" class=\"rank-math-link\">(PCAR4)&nbsp; <\/a><\/strong><\/td><td><strong>16,19%<\/strong><\/td><\/tr><tr><td><strong>Gerdau <a href=\"https:\/\/investnews.com.br\/tag\/ggbr4\/\" target=\"_blank\" aria-label=\"(GGBR4)  (opens in a new tab)\" rel=\"noreferrer noopener\" class=\"rank-math-link\">(GGBR4) <\/a><\/strong><\/td><td><strong>16,00%<\/strong><\/td><\/tr><\/tbody><\/table><\/figure>\n","protected":false},"excerpt":{"rendered":"<p>Com forte volatilidade, ativos ainda sentem impactos do Covid-19 e da crise pol\u00edtica <\/p>\n","protected":false},"author":18,"featured_media":10612,"comment_status":"open","ping_status":"open","sticky":false,"template":"","format":"standard","meta":{"_acf_changed":false,"inline_featured_image":false,"footnotes":""},"categories":[4],"tags":[26,234,474],"autor-wsj":[],"coauthors":[1500],"class_list":["post-10927","post","type-post","status-publish","format-standard","has-post-thumbnail","hentry","category-financas","tag-dolar","tag-jair-bolsonaro","tag-beef3"],"acf":[],"amp_enabled":true,"_links":{"self":[{"href":"https:\/\/investnews.com.br\/inv-api\/wp\/v2\/posts\/10927","targetHints":{"allow":["GET"]}}],"collection":[{"href":"https:\/\/investnews.com.br\/inv-api\/wp\/v2\/posts"}],"about":[{"href":"https:\/\/investnews.com.br\/inv-api\/wp\/v2\/types\/post"}],"author":[{"embeddable":true,"href":"https:\/\/investnews.com.br\/inv-api\/wp\/v2\/users\/18"}],"replies":[{"embeddable":true,"href":"https:\/\/investnews.com.br\/inv-api\/wp\/v2\/comments?post=10927"}],"version-history":[{"count":12,"href":"https:\/\/investnews.com.br\/inv-api\/wp\/v2\/posts\/10927\/revisions"}],"predecessor-version":[{"id":289640,"href":"https:\/\/investnews.com.br\/inv-api\/wp\/v2\/posts\/10927\/revisions\/289640"}],"wp:featuredmedia":[{"embeddable":true,"href":"https:\/\/investnews.com.br\/inv-api\/wp\/v2\/media\/10612"}],"wp:attachment":[{"href":"https:\/\/investnews.com.br\/inv-api\/wp\/v2\/media?parent=10927"}],"wp:term":[{"taxonomy":"category","embeddable":true,"href":"https:\/\/investnews.com.br\/inv-api\/wp\/v2\/categories?post=10927"},{"taxonomy":"post_tag","embeddable":true,"href":"https:\/\/investnews.com.br\/inv-api\/wp\/v2\/tags?post=10927"},{"taxonomy":"autor-wsj","embeddable":true,"href":"https:\/\/investnews.com.br\/inv-api\/wp\/v2\/autor-wsj?post=10927"},{"taxonomy":"author","embeddable":true,"href":"https:\/\/investnews.com.br\/inv-api\/wp\/v2\/coauthors?post=10927"}],"curies":[{"name":"wp","href":"https:\/\/api.w.org\/{rel}","templated":true}]}}