{"id":11234,"date":"2020-05-22T08:39:58","date_gmt":"2020-05-22T11:39:58","guid":{"rendered":"https:\/\/investnews.com.br\/?p=11234"},"modified":"2024-06-26T12:29:01","modified_gmt":"2024-06-26T15:29:01","slug":"5-fatos-para-saber-hoje-governo-estuda-pagar-mais-r-600-e-o-uso-do-remdesivir","status":"publish","type":"post","link":"https:\/\/investnews.com.br\/economia\/5-fatos-para-saber-hoje-governo-estuda-pagar-mais-r-600-e-o-uso-do-remdesivir\/","title":{"rendered":"5 fatos para saber hoje: governo estuda pagar mais R$ 600; e o uso do remdesivir"},"content":{"rendered":"\n<h2 class=\"wp-block-heading\">1 &#8211; Pedidos de seguro-desemprego sobem 76,2% na primeira quinzena de maio<\/h2>\n\n\n\n<p>Os pedidos de <a href=\"https:\/\/investnews.com.br\/tag\/seguro-desemprego\/\" class=\"rank-math-link\">seguro-desemprego<\/a> de trabalhadores com carteira assinada subiram 76,2% na primeira quinzena de maio em rela\u00e7\u00e3o ao mesmo per\u00edodo do ano passado. O levantamento foi divulgado ontem (21) pela Secretaria de Trabalho do <a href=\"https:\/\/investnews.com.br\/tag\/ministerio-da-economia\/\" class=\"rank-math-link\">Minist\u00e9rio da Economia<\/a> e considera tanto os atendimentos presenciais \u2013 nas unidades do Sistema Nacional de Emprego (Sine) e das Superintend\u00eancias Regionais do Trabalho \u2013 e os requerimentos virtuais.<\/p>\n\n\n\n<p>Na primeira metade do m\u00eas, 504.313 benef\u00edcios de seguro-desemprego foram requeridos, contra 286.272 pedidos registrados no mesmo per\u00edodo do ano passado. Ao todo, 77,5% dos benef\u00edcios foram pedidos pela internet no m\u00eas passado, contra apenas 1,7% no mesmo per\u00edodo de 2019.<\/p>\n\n\n\n<h2 class=\"wp-block-heading\">2 &#8211; Governo estuda pagar mais R$ 600 em tr\u00eas parcelas<\/h2>\n\n\n\n<p>Para ganhar tempo at\u00e9 o desenho de uma nova pol\u00edtica para os programas sociais do governo, uma das op\u00e7\u00f5es do ministro da Economia, <a href=\"https:\/\/investnews.com.br\/tag\/paulo-guedes\/\" class=\"rank-math-link\">Paulo Guedes<\/a>, \u00e9 dar mais uma parcela do aux\u00edlio emergencial de R$ 600, mas com o valor dividido ao longo de tr\u00eas meses. Essa \u00e9 uma das op\u00e7\u00f5es que est\u00e3o na mesa de negocia\u00e7\u00e3o da equipe econ\u00f4mica.<\/p>\n\n\n\n<p>Pelo cronograma atual, s\u00e3o previstas tr\u00eas parcelas do <a href=\"https:\/\/investnews.com.br\/tag\/coronavoucher\/\" class=\"rank-math-link\">aux\u00edlio emergencial<\/a>. Agora, o governo estuda ampliar o benef\u00edcio, desde que o pagamento por m\u00eas seja menor.<\/p>\n\n\n\n<p>Seria um modelo de transi\u00e7\u00e3o at\u00e9 que possam ser reformulados os programas sociais e encontrada fonte de recursos para bancar o aumento de <a href=\"https:\/\/investnews.com.br\/tag\/gasto-publico\/\" class=\"rank-math-link\">gastos<\/a> permanentes. Uma negocia\u00e7\u00e3o que ter\u00e1 de ser feita com o <a href=\"https:\/\/investnews.com.br\/tag\/congresso-nacional\/\" class=\"rank-math-link\">Congresso<\/a> para n\u00e3o estourar o teto de gastos (mecanismo que pro\u00edbe o aumento das despesas acima da infla\u00e7\u00e3o) a partir do ano que vem, quando n\u00e3o haver\u00e1 mais o <a href=\"https:\/\/investnews.com.br\/tag\/pec-do-orcamento-de-guerra\/\" class=\"rank-math-link\">or\u00e7amento de guerra<\/a> (que livrou o governo de cumprir algumas das amarras fiscais para ampliar os gastos no combate \u00e0 pandemia).<\/p>\n\n\n\n<h2 class=\"wp-block-heading\">3 &#8211; Empresas tentam repassar custos de demiss\u00e3o a Estados<\/h2>\n\n\n\n<p>Encorajadas por uma fala do presidente <a href=\"https:\/\/investnews.com.br\/tag\/jair-bolsonaro\/\" class=\"rank-math-link\">Jair Bolsonaro<\/a>, empresas est\u00e3o recorrendo a um artigo da lei trabalhista para fazer demiss\u00f5es em massa sem o devido pagamento de verbas rescis\u00f3rias. O <a href=\"https:\/\/investnews.com.br\/tag\/ministerio-publico\/\" class=\"rank-math-link\">Minist\u00e9rio P\u00fablico do Trabalho<\/a> j\u00e1 recebeu den\u00fancias de casos, instaurou inqu\u00e9ritos civis e n\u00e3o descarta a\u00e7\u00f5es civis coletivas contra as companhias que adotaram a pr\u00e1tica.<\/p>\n\n\n\n<p>As empresas est\u00e3o alegando o chamado &#8220;fato do pr\u00edncipe&#8221; &#8211; quando o neg\u00f3cio \u00e9 obrigado a fechar por um ato da autoridade municipal, estadual ou federal &#8211; para repassar o pagamento a governadores e prefeitos, advers\u00e1rios de Bolsonaro no &#8220;cabo de guerra&#8221; em torno das pol\u00edticas de isolamento social. O presidente defende um relaxamento da quarentena, mas o <a href=\"https:\/\/investnews.com.br\/tag\/stf\/\" class=\"rank-math-link\">STF<\/a> garantiu a Estados e munic\u00edpios autonomia para determinar regras de funcionamento das atividades econ\u00f4micas.<\/p>\n\n\n\n<p>Como consequ\u00eancia, centenas de trabalhadores demitidos est\u00e3o ficando sem a renda mensal e sem a reserva financeira que teriam com o pagamento total da rescis\u00e3o. No lugar disso, recebem a informa\u00e7\u00e3o de que as indeniza\u00e7\u00f5es ficar\u00e3o a cargo do governo estadual. O uso do artigo da <a href=\"https:\/\/investnews.com.br\/tag\/clt\/\" class=\"rank-math-link\">CLT<\/a> pelas empresas foi antecipado pelo jornal &#8220;Valor Econ\u00f4mico&#8221;.<\/p>\n\n\n\n<h2 class=\"wp-block-heading\">4 &#8211; Demanda por voos dom\u00e9sticos cai 93,09% em abril ante abril de 2020, diz Abear<\/h2>\n\n\n\n<p>A demanda por voos dom\u00e9sticos teve queda de 93,09% em abril, em rela\u00e7\u00e3o a igual m\u00eas do ano passado, refletindo o agravamento do impacto da pandemia do novo coronav\u00edrus na avia\u00e7\u00e3o comercial brasileira, informou a Associa\u00e7\u00e3o Brasileira das Empresas A\u00e9reas (<a href=\"https:\/\/investnews.com.br\/tag\/abear\/\" class=\"rank-math-link\">Abear<\/a>). A oferta de assentos nos avi\u00f5es recuou 91,35% na mesma compara\u00e7\u00e3o. Segundo a associa\u00e7\u00e3o, foram os piores resultados mensais da s\u00e9rie hist\u00f3rica da Ag\u00eancia Nacional de Avia\u00e7\u00e3o Civil (<a href=\"https:\/\/investnews.com.br\/tag\/anac\/\" class=\"rank-math-link\">Anac<\/a>), iniciada em 2000.<\/p>\n\n\n\n<p>A taxa de ocupa\u00e7\u00e3o dos avi\u00f5es ficou em 65,45% em abril, uma diminui\u00e7\u00e3o de 16,42 pontos porcentuais na compara\u00e7\u00e3o anual, desempenho mais fraco desde junho de 2010. O volume de passageiros transportados em voos nacionais teve retra\u00e7\u00e3o de 94,55%, para 399.558 pessoas, pior resultado mensal em 20 anos.<\/p>\n\n\n\n<h2 class=\"wp-block-heading\">5 &#8211; M\u00e9dicos dos EUA pedem dados de remdesivir para orientar tratamento<\/h2>\n\n\n\n<p>M\u00e9dicos dos <a href=\"https:\/\/investnews.com.br\/tag\/eua\/\" class=\"rank-math-link\">Estados Unidos<\/a> e outros membros da comunidade cient\u00edfica est\u00e3o pedindo a publica\u00e7\u00e3o dos dados que convenceram os reguladores da \u00e1rea da sa\u00fade do pa\u00eds a autorizar o uso emergencial do medicamento antiviral remdesivir, da <a href=\"https:\/\/investnews.com.br\/tag\/gilead-sciences\/\" class=\"rank-math-link\">Gilead Sciences<\/a>, para tratar a covid-19, para assim direcionar os recursos limitados \u00e0s pessoas certas.<\/p>\n\n\n\n<p>O diretor executivo da Vanda Pharmaceuticals, Mihael Polymeropoulos, publicou na quarta-feira (20) carta aberta pedindo o&nbsp;<em>download<\/em>&nbsp;completo das conclus\u00f5es dos testes que levaram \u00e0 autoriza\u00e7\u00e3o emergencial do uso, concedida pela Administra\u00e7\u00e3o de Alimentos e Medicamentos dos Estados Unidos (FDA, na sigla em ingl\u00eas).<\/p>\n\n\n\n<p>&#8220;E se o medicamento for mais indicado para pessoas no in\u00edcio do ciclo infeccioso? Se estivermos administrando a pessoas com doen\u00e7a grave &#8211; seja por compaix\u00e3o natural &#8211; podemos estar desperdi\u00e7ando o rem\u00e9dio&#8221;, disse o CEO \u00e0 Reuters.<\/p>\n\n\n\n<p><em>*Com Estad\u00e3o Conte\u00fado<\/em><\/p>\n","protected":false},"excerpt":{"rendered":"<p>O valor de R$ 600 seria pago em tr\u00eas diferentes parcelas, segundo adiantou o Minist\u00e9rio da Economia.<\/p>\n","protected":false},"author":17,"featured_media":7989,"comment_status":"open","ping_status":"open","sticky":false,"template":"","format":"standard","meta":{"_acf_changed":false,"inline_featured_image":false,"footnotes":""},"categories":[5],"tags":[923,236,234,240,347,83],"autor-wsj":[],"coauthors":[],"class_list":["post-11234","post","type-post","status-publish","format-standard","has-post-thumbnail","hentry","category-economia","tag-coronavoucher","tag-eua","tag-jair-bolsonaro","tag-ministerio-da-economia","tag-paulo-guedes","tag-stf"],"acf":[],"amp_enabled":true,"_links":{"self":[{"href":"https:\/\/investnews.com.br\/inv-api\/wp\/v2\/posts\/11234","targetHints":{"allow":["GET"]}}],"collection":[{"href":"https:\/\/investnews.com.br\/inv-api\/wp\/v2\/posts"}],"about":[{"href":"https:\/\/investnews.com.br\/inv-api\/wp\/v2\/types\/post"}],"author":[{"embeddable":true,"href":"https:\/\/investnews.com.br\/inv-api\/wp\/v2\/users\/17"}],"replies":[{"embeddable":true,"href":"https:\/\/investnews.com.br\/inv-api\/wp\/v2\/comments?post=11234"}],"version-history":[{"count":4,"href":"https:\/\/investnews.com.br\/inv-api\/wp\/v2\/posts\/11234\/revisions"}],"predecessor-version":[{"id":333477,"href":"https:\/\/investnews.com.br\/inv-api\/wp\/v2\/posts\/11234\/revisions\/333477"}],"wp:featuredmedia":[{"embeddable":true,"href":"https:\/\/investnews.com.br\/inv-api\/wp\/v2\/media\/7989"}],"wp:attachment":[{"href":"https:\/\/investnews.com.br\/inv-api\/wp\/v2\/media?parent=11234"}],"wp:term":[{"taxonomy":"category","embeddable":true,"href":"https:\/\/investnews.com.br\/inv-api\/wp\/v2\/categories?post=11234"},{"taxonomy":"post_tag","embeddable":true,"href":"https:\/\/investnews.com.br\/inv-api\/wp\/v2\/tags?post=11234"},{"taxonomy":"autor-wsj","embeddable":true,"href":"https:\/\/investnews.com.br\/inv-api\/wp\/v2\/autor-wsj?post=11234"},{"taxonomy":"author","embeddable":true,"href":"https:\/\/investnews.com.br\/inv-api\/wp\/v2\/coauthors?post=11234"}],"curies":[{"name":"wp","href":"https:\/\/api.w.org\/{rel}","templated":true}]}}