{"id":11362,"date":"2020-05-25T11:07:00","date_gmt":"2020-05-25T14:07:00","guid":{"rendered":"https:\/\/investnews.com.br\/?p=11362"},"modified":"2020-05-25T17:16:07","modified_gmt":"2020-05-25T20:16:07","slug":"sem-impactos-do-video-ibovespa-opera-em-forte-alta-de-3-dolar-cai","status":"publish","type":"post","link":"https:\/\/investnews.com.br\/financas\/sem-impactos-do-video-ibovespa-opera-em-forte-alta-de-3-dolar-cai\/","title":{"rendered":"Sem impacto do v\u00eddeo, Ibovespa dispara mais de 4% e d\u00f3lar recua a R$ 5,45"},"content":{"rendered":"\n<p>O principal \u00edndice de a\u00e7\u00f5es da B3, o <a aria-label=\"Ibovespa  (opens in a new tab)\" rel=\"noreferrer noopener\" href=\"https:\/\/investnews.com.br\/tag\/ibovespa\/\" target=\"_blank\" class=\"rank-math-link\">Ibovespa, <\/a>come\u00e7ou a semana em forte alta. O \u00edndice da <a aria-label=\"B3  (opens in a new tab)\" rel=\"noreferrer noopener\" href=\"https:\/\/investnews.com.br\/tag\/b3\/\" target=\"_blank\" class=\"rank-math-link\">B3 <\/a>subiu <strong>4,25%<\/strong> nesta segunda-feira (25), aos <strong>85.663 pontos<\/strong>. J\u00e1 o <a rel=\"noreferrer noopener\" href=\"https:\/\/investnews.com.br\/tag\/dolar\/\" target=\"_blank\" class=\"rank-math-link\">d\u00f3lar<\/a> terminou o dia com queda de <strong>2,07%<\/strong>, cotado a <strong>R$ 5,45.<\/strong> O v\u00eddeo da reuni\u00e3o ministerial, divulgado na sexta-feira (22) ap\u00f3s o fechamento dos mercados, gerou al\u00edvio aos investidores ao n\u00e3o indicar provas &#8220;bomb\u00e1sticas&#8221; que dessem abertura a um poss\u00edvel pedido de impeachment.<\/p>\n\n\n\n<p>O impacto pol\u00edtico da divulga\u00e7\u00e3o foi logo sentido no <a aria-label=\"mercado futuro (opens in a new tab)\" rel=\"noreferrer noopener\" href=\"https:\/\/investnews.com.br\/tag\/ibovespa-futuro\/\" target=\"_blank\" class=\"rank-math-link\">mercado futuro<\/a>, que chegou a ter alta de 1,3% na sexta-feria (22). Na leitura do mercado, o v\u00eddeo no qual o presidente <strong>Jair Bolsonaro<\/strong> (acusado pelo ex-ministro da Justi\u00e7a Sergio Moro de interfer\u00eancia na PF) faz v\u00e1rias afirma\u00e7\u00f5es sobre o comando da institui\u00e7\u00e3o, seria insuficiente para promover um debate sobre sua derrubada.<\/p>\n\n\n\n<p>Apesar do relativo al\u00edvio com a crise pol\u00edtica, os investidores ainda monitoram o clima desfavor\u00e1vel que pode refor\u00e7ar a <a href=\"https:\/\/investnews.com.br\/guias\/volatilidade-o-que-e\/\">volatilidade<\/a> na Bolsa mais \u00e0 frente. Al\u00e9m disso, os casos de pessoas infectadas pelo novo coronav\u00edrus seguem avan\u00e7ando. Agora, o Pa\u00eds \u00e9 o epicentro da doen\u00e7a na Am\u00e9rica Latina e, por isso, os EUA proibiram ontem a entrada l\u00e1 de viajantes procedentes do Brasil. <\/p>\n\n\n\n<p>O giro financeiro no mercado local foi reduzido, por conta do feriado nos EUA, em celebra\u00e7\u00e3o ao Memorial Day, onde as bolsas ficaram fechadas, e tamb\u00e9m em Londres, por conta de folga banc\u00e1ria. <\/p>\n\n\n\n<p> As <strong>bolsas da Europa<\/strong> fecharam com fortes ganhos, enquanto investidores acompanharam os processos de relaxamento das medidas de distanciamento social impostas pela pandemia de coronav\u00edrus. Em um dia de liquidez reduzida, o \u00edndice <strong>Stoxx 600<\/strong> encerrou em alta de 1,38%, a 344.87 pontos. <\/p>\n\n\n\n<h2 class=\"wp-block-heading\"><strong>Destaques da Bolsa<\/strong><\/h2>\n\n\n\n<p>A a\u00e7\u00e3o do Banco do Brasil (<a href=\"https:\/\/investnews.com.br\/tag\/bbas3\/\" class=\"rank-math-link\">BBAS3<\/a>) avan\u00e7ou mais de 9% pouco antes do fechamento da sess\u00e3o, ajudando a impulsionar o salto do Ibovespa. O papel subiu ap\u00f3s uma declara\u00e7\u00e3o do ministro da Economia, Paulo Guedes, favor\u00e1vel \u00e0 privatiza\u00e7\u00e3o do banco estatal, que \u00e9 uma sociedade de economia mista e capital aberto, durante reuni\u00e3o ministerial.<\/p>\n\n\n\n<p>Outro destaque foi a a\u00e7\u00e3o da varejista Via Varejo (<a href=\"https:\/\/investnews.com.br\/tag\/vvar3\/\" class=\"rank-math-link\">VVAR3<\/a>), que subiu 15% no preg\u00e3o, ainda refletindo a conclus\u00e3o da compra do banco digital banQi na sexta-feira, o que em tese fortalece a atua\u00e7\u00e3o da rede no ramo de opera\u00e7\u00f5es financeiras, rivalizando com B2W e Lojas Americanas, que j\u00e1 operam com o Ame Digital.<\/p>\n\n\n\n<p>No mercado corporativo quatro balan\u00e7os eram esperados ap\u00f3s o fechamento dos mercados. \u00c9 o caso da <strong>Magazine Luiza <a aria-label=\"(MGLU3) (opens in a new tab)\" rel=\"noreferrer noopener\" href=\"https:\/\/investnews.com.br\/tag\/mglu3\/\" target=\"_blank\" class=\"rank-math-link\">(MGLU3)<\/a>, Comg\u00e1s <a aria-label=\"(CGAS5) (opens in a new tab)\" rel=\"noreferrer noopener\" href=\"https:\/\/investnews.com.br\/tag\/cgas5\/\" target=\"_blank\" class=\"rank-math-link\">(CGAS5)<\/a>, Marcopolo <a aria-label=\"(POMO4) (opens in a new tab)\" rel=\"noreferrer noopener\" href=\"https:\/\/investnews.com.br\/tag\/pomo4\/\" target=\"_blank\" class=\"rank-math-link\">(POMO4)<\/a> e S\u00e3o Martinho <a aria-label=\"(STMO3) (opens in a new tab)\" rel=\"noreferrer noopener\" href=\"https:\/\/investnews.com.br\/tag\/stmo3\/\" target=\"_blank\" class=\"rank-math-link\">(STMO3)<\/a>. <\/strong><\/p>\n\n\n\n<p>Em entrevista ao\u00a0InvestNews,\u00a0<a rel=\"noreferrer noopener\" href=\"https:\/\/investnews.com.br\/tag\/luiza-trajano\/\" target=\"_blank\">Luiza Trajano<\/a>, presidente do conselho da empresa, explicou como o<a aria-label=\" Magalu  (opens in a new tab)\" rel=\"noreferrer noopener\" href=\"https:\/\/investnews.com.br\/tag\/magalu\/\" target=\"_blank\" class=\"rank-math-link\"> Magalu <\/a>conseguiu driblar a crise: &#8220;No isolamento, o\u00a0<a rel=\"noreferrer noopener\" href=\"https:\/\/investnews.com.br\/tag\/e-commerce\/\" target=\"_blank\">com\u00e9rcio digital<\/a>\u00a0cresceu 5 anos em 5 dias e passamos de 3 ou 4 mil para 10 mil entregas pela\u00a0<a rel=\"noreferrer noopener\" href=\"https:\/\/investnews.com.br\/tag\/internet\/\" target=\"_blank\">internet<\/a>&#8220;. As a\u00e7\u00f5es da varejista valorizam\u00a0em torno de <strong>20%\u00a0<\/strong>no acumulado do ano.<\/p>\n\n\n\n<h2 class=\"wp-block-heading\"><strong>Cen\u00e1rio externo e interno<\/strong><\/h2>\n\n\n\n<p>No cen\u00e1rio internacional, os mercados deram sinais de otimismo com a retomada gradual de algumas economias. Na Alemanha, o \u00edndice de confian\u00e7a dos empres\u00e1rios foi de 79,5 em maio, alta superior a 5 pontos. O resultado superou as expectativas, o Produto Interno Bruto <a aria-label=\"(PIB) (opens in a new tab)\" rel=\"noreferrer noopener\" href=\"https:\/\/investnews.com.br\/tag\/pib\/\" target=\"_blank\" class=\"rank-math-link\">(PIB)<\/a>, por exemplo, retraiu 2,2% no primeiro trimestre comparado ao mesmo per\u00edodo em 2019.<\/p>\n\n\n\n<p>A melhora dos \u00edndices de confian\u00e7a tamb\u00e9m foi sentida no Brasil. Segundo levantamento da <a aria-label=\"FGV (opens in a new tab)\" href=\"https:\/\/investnews.com.br\/tag\/fgv\/\" target=\"_blank\" rel=\"noreferrer noopener\" class=\"rank-math-link\">FGV<\/a>, o \u00cdndice de Confian\u00e7a do Consumidor <a href=\"https:\/\/investnews.com.br\/tag\/icc\/\" target=\"_blank\" aria-label=\"(ICC) (opens in a new tab)\" rel=\"noreferrer noopener\" class=\"rank-math-link\">(ICC)<\/a> foi de 62,1 pontos. J\u00e1 o &nbsp;\u00cdndice de Confian\u00e7a do Com\u00e9rcio (Icom)&nbsp;subiu 6,2 pontos na passagem de abril para maio, para 67,4 pontos. Nos dois meses anteriores, o \u00edndice tinha acumulado uma perda de 38,6 pontos e descido ao menor n\u00edvel da s\u00e9rie hist\u00f3rica.<\/p>\n\n\n\n<p>\u201cOs efeitos da pandemia de coronav\u00edrus continuam impactando as empresas do&nbsp;<a rel=\"noreferrer noopener\" href=\"https:\/\/investnews.com.br\/tag\/comercio\/\" target=\"_blank\">com\u00e9rcio&nbsp;<\/a>ap\u00f3s a forte queda da confian\u00e7a de abril. Apesar da alta no m\u00eas, esse resultado pode ser visto como uma acomoda\u00e7\u00e3o em patamar muito baixo, dado que esse resultado positivo recuperou apenas 16% da confian\u00e7a perdida desde mar\u00e7o\u201d, avaliou Rodolpho Tobler, coordenador da Sondagem do Com\u00e9rcio no Instituto Brasileiro de Economia da FGV (Ibre\/FGV).<\/p>\n\n\n\n<p>No cen\u00e1rio externo, novo cap\u00edtulo da <a aria-label=\"guerra comercial  (opens in a new tab)\" rel=\"noreferrer noopener\" href=\"https:\/\/investnews.com.br\/tag\/guerra-comercial\/\" target=\"_blank\" class=\"rank-math-link\">guerra comercial <\/a>\u00e9 escrito. A&nbsp;<a rel=\"noreferrer noopener\" href=\"https:\/\/investnews.com.br\/tag\/china\/\" target=\"_blank\">China<\/a>&nbsp;exigiu que os&nbsp;<a rel=\"noreferrer noopener\" href=\"https:\/\/investnews.com.br\/tag\/eua\/\" target=\"_blank\">EUA<\/a>&nbsp;retirem san\u00e7\u00f5es impostas a exporta\u00e7\u00f5es de empresas chinesas, no \u00faltimo lance de um conflito bilateral cada vez mais grave que gira em torno de tecnologia, seguran\u00e7a e direitos humanos. A briga entre as na\u00e7\u00f5es continua levando cautela para os investidores.<\/p>\n\n\n\n<h2 class=\"wp-block-heading\"><strong>Piora nas proje\u00e7\u00f5es para o PIB<\/strong><\/h2>\n\n\n\n<p>Os economistas do <a href=\"https:\/\/investnews.com.br\/guias\/como-funciona-o-mercado-financeiro\/\">mercado financeiro<\/a> reduziram mais uma vez suas proje\u00e7\u00f5es para o Produto Interno Bruto (<a rel=\"noreferrer noopener\" href=\"https:\/\/investnews.com.br\/tag\/pib\/\" target=\"_blank\">PIB<\/a>) em 2020. Segundo o boletim&nbsp;<a rel=\"noreferrer noopener\" href=\"https:\/\/investnews.com.br\/tag\/focus\/\" target=\"_blank\">Focus<\/a>, a expectativa para a economia este ano passou de retra\u00e7\u00e3o de 5,12% para&nbsp;<strong>queda de 5,89%<\/strong>. <\/p>\n\n\n\n<p>Para 2021, a proje\u00e7\u00e3o do PIB tamb\u00e9m mudou subindo de 3,20% para 3,50%.  As expectativas de c\u00e2mbio para 2020 s\u00e3o de R$ 5,40. Para 2021, a estimativa foi para R$ 5,03.<\/p>\n\n\n\n<p> As proje\u00e7\u00f5es para a infla\u00e7\u00e3o medida pelo <a href=\"https:\/\/investnews.com.br\/guias\/o-que-e-ipca\/\">IPCA<\/a> ca\u00edram, fechando em 1,57%. Enquanto a <a href=\"https:\/\/investnews.com.br\/tag\/selic\/\" target=\"_blank\" aria-label=\"Selic  (opens in a new tab)\" rel=\"noreferrer noopener\" class=\"rank-math-link\">Selic <\/a>projetada permanece em 2,25% para 2020.<\/p>\n\n\n\n<p>O Focus mostra que a mediana para o <a href=\"https:\/\/investnews.com.br\/tag\/ipca\/\" target=\"_blank\" aria-label=\"IPCA (opens in a new tab)\" rel=\"noreferrer noopener\" class=\"rank-math-link\">IPCA<\/a> neste ano foi de alta&nbsp;<strong>de 1,59% para 1,57%<\/strong>. H\u00e1 um m\u00eas, estava em 2,20%. A proje\u00e7\u00e3o para o \u00edndice em 2021 passou de 3,20% para 3,14%. Quatro semanas atr\u00e1s, estava em 3,40%.<\/p>\n\n\n\n<p>O relat\u00f3rio Focus trouxe ainda a proje\u00e7\u00e3o para o IPCA em 2022, que seguiu em 3,50%. No caso de 2023, a expectativa permaneceu em 3,50%. H\u00e1 quatro semanas, essas proje\u00e7\u00f5es eram de 3,50% para ambos os casos.<\/p>\n","protected":false},"excerpt":{"rendered":"<p>Mercado reagiu com al\u00edvio \u00e0 aus\u00eancia de provas concretas que poderiam levar a um pedido de impeachment, mas crise est\u00e1 longe de ser encerrada.<\/p>\n","protected":false},"author":7,"featured_media":2491,"comment_status":"open","ping_status":"open","sticky":false,"template":"","format":"standard","meta":{"_acf_changed":false,"inline_featured_image":false,"footnotes":""},"categories":[4],"tags":[274,244,26,236,246,187,921,53,51],"autor-wsj":[],"coauthors":[],"class_list":["post-11362","post","type-post","status-publish","format-standard","has-post-thumbnail","hentry","category-financas","tag-focus","tag-china","tag-dolar","tag-eua","tag-ipca","tag-lojas-americanas","tag-pomo4","tag-pib","tag-selic"],"acf":[],"amp_enabled":true,"_links":{"self":[{"href":"https:\/\/investnews.com.br\/inv-api\/wp\/v2\/posts\/11362","targetHints":{"allow":["GET"]}}],"collection":[{"href":"https:\/\/investnews.com.br\/inv-api\/wp\/v2\/posts"}],"about":[{"href":"https:\/\/investnews.com.br\/inv-api\/wp\/v2\/types\/post"}],"author":[{"embeddable":true,"href":"https:\/\/investnews.com.br\/inv-api\/wp\/v2\/users\/7"}],"replies":[{"embeddable":true,"href":"https:\/\/investnews.com.br\/inv-api\/wp\/v2\/comments?post=11362"}],"version-history":[{"count":23,"href":"https:\/\/investnews.com.br\/inv-api\/wp\/v2\/posts\/11362\/revisions"}],"predecessor-version":[{"id":333479,"href":"https:\/\/investnews.com.br\/inv-api\/wp\/v2\/posts\/11362\/revisions\/333479"}],"wp:featuredmedia":[{"embeddable":true,"href":"https:\/\/investnews.com.br\/inv-api\/wp\/v2\/media\/2491"}],"wp:attachment":[{"href":"https:\/\/investnews.com.br\/inv-api\/wp\/v2\/media?parent=11362"}],"wp:term":[{"taxonomy":"category","embeddable":true,"href":"https:\/\/investnews.com.br\/inv-api\/wp\/v2\/categories?post=11362"},{"taxonomy":"post_tag","embeddable":true,"href":"https:\/\/investnews.com.br\/inv-api\/wp\/v2\/tags?post=11362"},{"taxonomy":"autor-wsj","embeddable":true,"href":"https:\/\/investnews.com.br\/inv-api\/wp\/v2\/autor-wsj?post=11362"},{"taxonomy":"author","embeddable":true,"href":"https:\/\/investnews.com.br\/inv-api\/wp\/v2\/coauthors?post=11362"}],"curies":[{"name":"wp","href":"https:\/\/api.w.org\/{rel}","templated":true}]}}