{"id":12209,"date":"2020-06-08T08:41:23","date_gmt":"2020-06-08T11:41:23","guid":{"rendered":"https:\/\/investnews.com.br\/?p=12209"},"modified":"2024-06-26T12:28:46","modified_gmt":"2024-06-26T15:28:46","slug":"5-fatos-para-saber-hoje-brasil-com-segunda-maior-divida-entre-os-emergentes","status":"publish","type":"post","link":"https:\/\/investnews.com.br\/economia\/5-fatos-para-saber-hoje-brasil-com-segunda-maior-divida-entre-os-emergentes\/","title":{"rendered":"5 fatos para saber hoje: Brasil com segunda maior d\u00edvida entre os emergentes"},"content":{"rendered":"\n<h2 class=\"wp-block-heading\">1 &#8211; Importa\u00e7\u00f5es chinesas em maio desabam<\/h2>\n\n\n\n<p>As <a href=\"https:\/\/investnews.com.br\/tag\/exportacoes\/\" class=\"rank-math-link\">exporta\u00e7\u00f5es<\/a> da <a href=\"https:\/\/investnews.com.br\/tag\/china\/\" class=\"rank-math-link\">China<\/a> ca\u00edram em maio, atingidas pela pandemia de <a href=\"https:\/\/investnews.com.br\/tag\/coronavirus\/\" class=\"rank-math-link\">coronav\u00edrus<\/a> que segue derrubando a demanda global. Enquanto isso, uma queda mais acentuada que a esperada nas importa\u00e7\u00f5es sinalizou press\u00e3o crescente sobre f\u00e1bricas do pa\u00eds.<\/p>\n\n\n\n<p>As leituras de com\u00e9rcio da segunda maior economia do mundo colocam press\u00e3o sobre autoridades do pa\u00eds para adotarem mais medidas de est\u00edmulo para um setor que \u00e9 cr\u00edtico para a renda de mais de 180 milh\u00f5es de pessoas. O <a href=\"https:\/\/investnews.com.br\/tag\/comercio-exterior\/\" class=\"rank-math-link\">com\u00e9rcio externo<\/a> representa cerca de um ter\u00e7o da economia da China.<\/p>\n\n\n\n<p>As exporta\u00e7\u00f5es da China em maio ca\u00edram 3,3% sobre um ano antes, depois de uma alta surpreendente de 3,5% em abril, segundo dados divulgados ontem. Isso se compara a uma perspectiva de queda de 7% compilada por pesquisa da Reuters.<\/p>\n\n\n\n<h2 class=\"wp-block-heading\">2 &#8211; D\u00edvida bruta do Brasil s\u00f3 deve ser menor do que a de Angola entre emergentes<\/h2>\n\n\n\n<p>Os <a href=\"https:\/\/investnews.com.br\/tag\/gastos-do-governo\/\" class=\"rank-math-link\">gastos do governo<\/a> para sustentar a economia far\u00e3o o Brasil sair da pandemia do novo coronav\u00edrus com a segunda maior d\u00edvida bruta entre os pa\u00edses <a href=\"https:\/\/investnews.com.br\/tag\/mercados-emergentes\/\" class=\"rank-math-link\">emergentes<\/a>. Proje\u00e7\u00f5es do Fundo Monet\u00e1rio Internacional (<a href=\"https:\/\/investnews.com.br\/tag\/fmi\/\" class=\"rank-math-link\">FMI<\/a>), compiladas pelo &#8220;Estad\u00e3o\/Broadcast&#8221;, mostram que a d\u00edvida bruta, hoje em 89, 51% do Produto Interno Bruto (<a href=\"https:\/\/investnews.com.br\/tag\/pib\/\" class=\"rank-math-link\">PIB<\/a>), deve chegar a 98,24% no fim deste ano e se manter no mesmo patamar em 2021. Em um conjunto de 36 pa\u00edses emergentes e de renda m\u00e9dia, o porcentual ser\u00e1 inferior apenas ao de Angola, de 132,24% do PIB no fim deste ano.<\/p>\n\n\n\n<p>O aumento da d\u00edvida bruta \u00e9 uma das principais refer\u00eancias para avalia\u00e7\u00e3o, por parte das ag\u00eancias de classifica\u00e7\u00e3o de risco, da capacidade de solv\u00eancia de um pa\u00eds. Quanto maior a d\u00edvida, maior o risco de calote.<\/p>\n\n\n\n<p>As proje\u00e7\u00f5es do FMI n\u00e3o incluem tr\u00eas pa\u00edses emergentes &#8211; L\u00edbia, Argentina e Venezuela, por n\u00e3o entregarem informa\u00e7\u00f5es ou n\u00e3o terem dados confi\u00e1veis -, sendo que os dois vizinhos sul-americanos possuem situa\u00e7\u00e3o fiscal tamb\u00e9m preocupante. Ainda assim, as estimativas mostram que o Brasil ter\u00e1, ap\u00f3s a pandemia, uma d\u00edvida bruta bem superior \u00e0 m\u00e9dia de seus pares emergentes (62% do PIB no fim de 2020 e 64,5% em 2021).<\/p>\n\n\n\n<h2 class=\"wp-block-heading\">3 &#8211; PicPay \u00e9 notificada por Procon sobre reclama\u00e7\u00f5es em redes sociais<\/h2>\n\n\n\n<p>A fintech <a href=\"https:\/\/investnews.com.br\/tag\/picpay\/\" class=\"rank-math-link\">PicPay<\/a> foi notificada pelo <a href=\"https:\/\/investnews.com.br\/tag\/procon\/\" class=\"rank-math-link\">Procon<\/a>-SP pedindo explica\u00e7\u00f5es sobre problemas relatados em redes sociais quanto \u00e0 arrecada\u00e7\u00e3o para a ONG &#8220;M\u00e3es da Favela&#8221;. Em nota enviada ao &#8220;Broadcast&#8221;, sistema de not\u00edcias em tempo real do &#8220;Grupo Estado&#8221;, o PicPay diz que confirma o recebimento da notifica\u00e7\u00e3o, e enviar\u00e1 a resposta dentro do prazo determinado pelo \u00f3rg\u00e3o.<\/p>\n\n\n\n<p>Conforme a notifica\u00e7\u00e3o realizada na quinta-feira, a PicPay Servi\u00e7os S.A. teria de prestar esclarecimentos em 72 horas sobre falhas em transfer\u00eancias e estornos de opera\u00e7\u00f5es e impossibilidade de acesso ao saldo, bem como informar quais provid\u00eancias t\u00eam sido adotadas e os canais de atendimento.<\/p>\n\n\n\n<p>&#8220;Cabe esclarecer que, apesar de encontradas em posts relacionados ao projeto M\u00e3es da Favela, as mensagens dos usu\u00e1rios que chamaram a aten\u00e7\u00e3o do Procon n\u00e3o s\u00e3o relativas ao programa, mas sim a casos gerais, que est\u00e3o sendo tratados&#8221;, diz o comunicado, completando que o M\u00e3es da Favela tem funcionado &#8220;de forma muito positiva&#8221;, arrecadando doa\u00e7\u00f5es em prol de moradoras das comunidades por meio da Central de Doa\u00e7\u00f5es do PicPay em conjunto com a Central \u00danica das Favelas (CUFA), segundo a nota.<\/p>\n\n\n\n<h2 class=\"wp-block-heading\">4 &#8211; Plano Safra 2020\/21 ser\u00e1 anunciado no dia 17 de junho, diz Tereza Cristina<\/h2>\n\n\n\n<p>\u00a0A ministra da <a href=\"https:\/\/investnews.com.br\/tag\/ministerio-da-agricultura\/\" class=\"rank-math-link\">Agricultura<\/a>, Tereza Cristina, anunciou que o <a href=\"https:\/\/investnews.com.br\/tag\/plano-safra\/\" class=\"rank-math-link\">Plano Safra<\/a> 2020\/21 ser\u00e1 divulgado no dia 17 de junho. &#8220;Est\u00e1 marcado&#8221;, garantiu ela, em &#8220;live&#8221; promovida na tarde da \u00faltima sexta-feira pela MZR Consultoria. Ela ressaltou, por\u00e9m, que ainda n\u00e3o tem a taxa de juros fechada para o pr\u00f3ximo ciclo agr\u00edcola, que tem in\u00edcio em 1\u00ba de julho. &#8220;Mesmo se tivesse estaria impedida de dizer&#8221;, enfatizou.<\/p>\n\n\n\n<p>Segundo Tereza Cristina, a prioridade no cr\u00e9dito agropecu\u00e1rio para a temporada 2020\/21 ser\u00e1, novamente, os pequenos e m\u00e9dios produtores. &#8220;Temos de viabilizar os pequenos produtores, para que eles entrem cada vez mais no sistema de produ\u00e7\u00e3o de alto n\u00edvel e tenham mais renda&#8221;, justificou, acrescentando que desde o ano passado a pol\u00edtica agr\u00edcola no Plano Safra beneficiou pequenos e m\u00e9dios produtores. &#8220;O grande produtor disp\u00f5e de outras formas de financiamento; eles podem buscar recursos no mercado&#8221;.<\/p>\n\n\n\n<p>Ela citou a mais recente ferramenta de capta\u00e7\u00e3o de recursos para o setor <a href=\"https:\/\/investnews.com.br\/tag\/agropecuaria\/\" class=\"rank-math-link\">agropecu\u00e1rio<\/a>, principalmente para grandes produtores, embutida na Lei 13.986, de 7 de abril de 2020 &#8211; a antiga MP do Agro, que trouxe v\u00e1rias mudan\u00e7as no sistema privado de financiamento do agroneg\u00f3cio.<\/p>\n\n\n\n<h2 class=\"wp-block-heading\">5 &#8211; Produ\u00e7\u00e3o industrial alem\u00e3 sofre queda hist\u00f3rica de 17,9% em abril ante mar\u00e7o<\/h2>\n\n\n\n<p>A <a href=\"https:\/\/investnews.com.br\/tag\/producao-industrial\/\" class=\"rank-math-link\">produ\u00e7\u00e3o industrial<\/a> da <a href=\"https:\/\/investnews.com.br\/tag\/alemanha\/\" class=\"rank-math-link\">Alemanha<\/a> sofreu um tombo hist\u00f3rico de 17,9% em abril ante mar\u00e7o, diante do violento impacto econ\u00f4mico da pandemia de coronav\u00edrus, segundo dados com ajustes sazonais publicados hoje pela Destatis, a ag\u00eancia de estat\u00edsticas do pa\u00eds.<\/p>\n\n\n\n<p>A queda, a maior registrada numa s\u00e9rie hist\u00f3rica iniciada em janeiro de 1991, foi mas intensa do que o decl\u00ednio de 16,8% previsto por analistas consultados pelo\u00a0&#8220;The Wall Street Journal&#8221;.<\/p>\n\n\n\n<p>Apenas a produ\u00e7\u00e3o manufatureira encolheu 22,1% na compara\u00e7\u00e3o mensal de abril, enquanto o setor de constru\u00e7\u00e3o diminuiu 4,1% no per\u00edodo.<\/p>\n\n\n\n<p><em>*Com Estad\u00e3o Conte\u00fado<\/em><\/p>\n","protected":false},"excerpt":{"rendered":"<p>Com os gastos necess\u00e1rios para sair da pandemia, a d\u00edvida bruta s\u00f3 ficar\u00e1 menor do que a de Angola.<\/p>\n","protected":false},"author":17,"featured_media":288,"comment_status":"closed","ping_status":"open","sticky":false,"template":"","format":"standard","meta":{"_acf_changed":false,"inline_featured_image":false,"footnotes":""},"categories":[5],"tags":[993,244,704,404,53,817],"autor-wsj":[],"coauthors":[],"class_list":["post-12209","post","type-post","status-publish","format-standard","has-post-thumbnail","hentry","category-economia","tag-alemanha","tag-china","tag-comercio-exterior","tag-coronavirus","tag-pib","tag-producao-industrial"],"acf":[],"amp_enabled":true,"_links":{"self":[{"href":"https:\/\/investnews.com.br\/inv-api\/wp\/v2\/posts\/12209","targetHints":{"allow":["GET"]}}],"collection":[{"href":"https:\/\/investnews.com.br\/inv-api\/wp\/v2\/posts"}],"about":[{"href":"https:\/\/investnews.com.br\/inv-api\/wp\/v2\/types\/post"}],"author":[{"embeddable":true,"href":"https:\/\/investnews.com.br\/inv-api\/wp\/v2\/users\/17"}],"replies":[{"embeddable":true,"href":"https:\/\/investnews.com.br\/inv-api\/wp\/v2\/comments?post=12209"}],"version-history":[{"count":3,"href":"https:\/\/investnews.com.br\/inv-api\/wp\/v2\/posts\/12209\/revisions"}],"predecessor-version":[{"id":333528,"href":"https:\/\/investnews.com.br\/inv-api\/wp\/v2\/posts\/12209\/revisions\/333528"}],"wp:featuredmedia":[{"embeddable":true,"href":"https:\/\/investnews.com.br\/inv-api\/wp\/v2\/media\/288"}],"wp:attachment":[{"href":"https:\/\/investnews.com.br\/inv-api\/wp\/v2\/media?parent=12209"}],"wp:term":[{"taxonomy":"category","embeddable":true,"href":"https:\/\/investnews.com.br\/inv-api\/wp\/v2\/categories?post=12209"},{"taxonomy":"post_tag","embeddable":true,"href":"https:\/\/investnews.com.br\/inv-api\/wp\/v2\/tags?post=12209"},{"taxonomy":"autor-wsj","embeddable":true,"href":"https:\/\/investnews.com.br\/inv-api\/wp\/v2\/autor-wsj?post=12209"},{"taxonomy":"author","embeddable":true,"href":"https:\/\/investnews.com.br\/inv-api\/wp\/v2\/coauthors?post=12209"}],"curies":[{"name":"wp","href":"https:\/\/api.w.org\/{rel}","templated":true}]}}