{"id":12250,"date":"2020-06-08T19:14:15","date_gmt":"2020-06-08T22:14:15","guid":{"rendered":"https:\/\/investnews.com.br\/?p=12250"},"modified":"2020-06-08T19:17:01","modified_gmt":"2020-06-08T22:17:01","slug":"b3-informa-que-nao-havera-pregao-no-dia-11-mas-funcionara-em-9-07-e-20-11","status":"publish","type":"post","link":"https:\/\/investnews.com.br\/financas\/b3-informa-que-nao-havera-pregao-no-dia-11-mas-funcionara-em-9-07-e-20-11\/","title":{"rendered":"B3 informa que n\u00e3o haver\u00e1 preg\u00e3o no dia 11, mas funcionar\u00e1 em 9\/07 e 20\/11"},"content":{"rendered":"\n<p>A <a aria-label=\"B3 (opens in a new tab)\" href=\"https:\/\/investnews.com.br\/tag\/b3\/\" target=\"_blank\" rel=\"noreferrer noopener\" class=\"rank-math-link\">B3<\/a> informou que n\u00e3o haver\u00e1 preg\u00e3o no pr\u00f3ximo dia 11, feriado nacional de Corpus Christi que foi antecipado pela prefeitura de S\u00e3o Paulo no dia 20 de maio, data em que a Bolsa funcionou normalmente. J\u00e1 para os feriados de 9 de julho e 20 de novembro, que s\u00e3o estaduais e foram antecipados para os dias 25 e 21 de maio, respectivamente, haver\u00e1 funcionamento da Bolsa nesses dias, mesmo tendo tido opera\u00e7\u00f5es nas datas em que os feriados foram antecipados, estrat\u00e9gia do governo estadual e municipal para conter o avan\u00e7o da pandemia do coronav\u00edrus.<\/p>\n\n\n\n<p>Na pr\u00e1tica, a <a href=\"https:\/\/investnews.com.br\/tag\/bolsa-de-valores\/\" target=\"_blank\" aria-label=\"Bolsa (opens in a new tab)\" rel=\"noreferrer noopener\" class=\"rank-math-link\">Bolsa<\/a> ter\u00e1 dois preg\u00f5es em 2020 a mais do que estava previsto no calend\u00e1rio inicialmente divulgado para o ano.<\/p>\n\n\n\n<p>&#8220;Por n\u00e3o se tratar de dia \u00fatil, n\u00e3o haver\u00e1 atividade de negocia\u00e7\u00e3o, liquida\u00e7\u00e3o, registro e dep\u00f3sito centralizado de ativos&#8221;, afirma of\u00edcio divulgado no in\u00edcio da noite pela B3 sobre o pr\u00f3ximo dia 11. O documento \u00e9 assinado pelo seu presidente, Gilson Finkelsztain, e pelo vice-presidente de Opera\u00e7\u00f5es, Clearing e Deposit\u00e1ria, C\u00edcero Augusto Vieira Neto.<\/p>\n\n\n\n<p>Para os dias 9 de julho e 20 de novembro, a B3 informa que &#8220;as atividades de negocia\u00e7\u00e3o, liquida\u00e7\u00e3o, registro e dep\u00f3sito centralizado de ativos funcionar\u00e3o normalmente&#8221;. Nestes dois dias, o calend\u00e1rio original estipulava que &#8220;n\u00e3o haver\u00e1 negocia\u00e7\u00e3o nos mercados de <a href=\"https:\/\/investnews.com.br\/guias\/renda-variavel-o-que-e-e-como-investir\/\">renda vari\u00e1vel<\/a>, <a href=\"https:\/\/investnews.com.br\/guias\/renda-fixa-o-que-e\/\">renda fixa<\/a> privada e de derivativos listados, bem como no mercado de empr\u00e9stimo de ativos&#8221; nem funcionamento da Central Deposit\u00e1ria.<\/p>\n\n\n\n<p>O calend\u00e1rio original previa para os dias 9 de julho e 20 de novembro &#8220;negocia\u00e7\u00e3o, registro de opera\u00e7\u00f5es, liquida\u00e7\u00e3o e movimenta\u00e7\u00e3o de garantias&#8221; para o <a href=\"https:\/\/investnews.com.br\/guias\/como-funciona-o-mercado-financeiro\/\">mercado de c\u00e2mbio<\/a> pronto. Tamb\u00e9m previa registro de opera\u00e7\u00f5es de renda fixa.<\/p>\n","protected":false},"excerpt":{"rendered":"<p>A B3 informou que n\u00e3o haver\u00e1 preg\u00e3o no pr\u00f3ximo dia 11, feriado nacional de Corpus Christi que foi antecipado pela prefeitura de S\u00e3o Paulo no dia 20 de maio, data em que a Bolsa funcionou normalmente. J\u00e1 para os feriados de 9 de julho e 20 de novembro, que s\u00e3o estaduais e foram antecipados para [&hellip;]<\/p>\n","protected":false},"author":7,"featured_media":5888,"comment_status":"closed","ping_status":"open","sticky":false,"template":"","format":"standard","meta":{"_acf_changed":false,"inline_featured_image":false,"footnotes":""},"categories":[4],"tags":[226],"autor-wsj":[],"coauthors":[],"class_list":["post-12250","post","type-post","status-publish","format-standard","has-post-thumbnail","hentry","category-financas","tag-bolsa-de-valores"],"acf":[],"amp_enabled":true,"_links":{"self":[{"href":"https:\/\/investnews.com.br\/inv-api\/wp\/v2\/posts\/12250","targetHints":{"allow":["GET"]}}],"collection":[{"href":"https:\/\/investnews.com.br\/inv-api\/wp\/v2\/posts"}],"about":[{"href":"https:\/\/investnews.com.br\/inv-api\/wp\/v2\/types\/post"}],"author":[{"embeddable":true,"href":"https:\/\/investnews.com.br\/inv-api\/wp\/v2\/users\/7"}],"replies":[{"embeddable":true,"href":"https:\/\/investnews.com.br\/inv-api\/wp\/v2\/comments?post=12250"}],"version-history":[{"count":3,"href":"https:\/\/investnews.com.br\/inv-api\/wp\/v2\/posts\/12250\/revisions"}],"predecessor-version":[{"id":333533,"href":"https:\/\/investnews.com.br\/inv-api\/wp\/v2\/posts\/12250\/revisions\/333533"}],"wp:featuredmedia":[{"embeddable":true,"href":"https:\/\/investnews.com.br\/inv-api\/wp\/v2\/media\/5888"}],"wp:attachment":[{"href":"https:\/\/investnews.com.br\/inv-api\/wp\/v2\/media?parent=12250"}],"wp:term":[{"taxonomy":"category","embeddable":true,"href":"https:\/\/investnews.com.br\/inv-api\/wp\/v2\/categories?post=12250"},{"taxonomy":"post_tag","embeddable":true,"href":"https:\/\/investnews.com.br\/inv-api\/wp\/v2\/tags?post=12250"},{"taxonomy":"autor-wsj","embeddable":true,"href":"https:\/\/investnews.com.br\/inv-api\/wp\/v2\/autor-wsj?post=12250"},{"taxonomy":"author","embeddable":true,"href":"https:\/\/investnews.com.br\/inv-api\/wp\/v2\/coauthors?post=12250"}],"curies":[{"name":"wp","href":"https:\/\/api.w.org\/{rel}","templated":true}]}}