{"id":12403,"date":"2020-06-11T11:12:39","date_gmt":"2020-06-11T14:12:39","guid":{"rendered":"https:\/\/investnews.com.br\/?p=12403"},"modified":"2026-01-07T12:40:02","modified_gmt":"2026-01-07T15:40:02","slug":"na-crise-alimentacao-pesa-ainda-mais-para-as-familias-pobres","status":"publish","type":"post","link":"https:\/\/investnews.com.br\/economia\/na-crise-alimentacao-pesa-ainda-mais-para-as-familias-pobres\/","title":{"rendered":"Na crise, alimenta\u00e7\u00e3o pesa ainda mais para as fam\u00edlias pobres"},"content":{"rendered":"\n<p>Mesmo ap\u00f3s o segundo m\u00eas consecutivo de <a href=\"https:\/\/investnews.com.br\/guias\/deflacao\/\">defla\u00e7\u00e3o<\/a>, pelo \u00cdndice Nacional de Pre\u00e7os ao Consumidor Amplo (<a class=\"rank-math-link\" href=\"https:\/\/investnews.com.br\/tag\/ipca\/\">IPCA<\/a>), a <strong>alta dos pre\u00e7os dos alimentos<\/strong> &#8211; de 0,24% em maio, vindo de um aumento de 1,79% em abril &#8211; indica que as fam\u00edlias mais pobres ter\u00e3o a renda ainda mais comprometida pela <a class=\"rank-math-link\" href=\"https:\/\/investnews.com.br\/tag\/pandemia\/\">pandemia<\/a>.<\/p>\n\n\n\n<p>Quando os <a class=\"rank-math-link\" href=\"https:\/\/investnews.com.br\/tag\/alimentos\/\">alimentos<\/a> sobem em um momento de alta de sal\u00e1rios, esse gasto acaba amortecido pelo ganho de renda. No cen\u00e1rio atual, no entanto, a perda de dinheiro das fam\u00edlias, sobretudo para as de menor renda, \u00e9 expressiva e a alta dos custos de alimenta\u00e7\u00e3o pesam ainda mais.<\/p>\n\n\n\n<p>De acordo com o Instituto Brasileiro de Geografia e Estat\u00edstica (<a href=\"https:\/\/investnews.com.br\/tag\/ibge\/\" class=\"rank-math-link\">IBGE<\/a>), as fam\u00edlias mais pobres gastam cerca de <strong>22% do or\u00e7amento com alimenta\u00e7\u00e3o<\/strong>. E uma outra pesquisa, do Instituto Plano CDE, aponta que 50% das fam\u00edlias das classes D e E, de baixa renda, perderam <strong>mais da metade da renda<\/strong> desde o in\u00edcio da crise causada pela pandemia do novo coronav\u00edrus.<\/p>\n\n\n\n<p>&#8220;A crise, do ponto de vista de desigualdade de renda, \u00e9 catastr\u00f3fica. Muitos profissionais, ainda com redu\u00e7\u00e3o de sal\u00e1rio, puderam se adaptar para trabalhar em casa. Para os mais pobres, s\u00f3 restou tentar o aux\u00edlio emergencial&#8221;, diz o economista da Universidade de Bras\u00edlia (UnB) Jos\u00e9 Luis Oreiro.<\/p>\n\n\n\n<h2 class=\"wp-block-heading\">Choque de pre\u00e7os<\/h2>\n\n\n\n<p>Especialista em infla\u00e7\u00e3o, o economista da Universidade de S\u00e3o Paulo (USP) Heron do Carmo lembra que h\u00e1 um problema de oferta de alimentos, por conta do clima mais seco e muitos produtos est\u00e3o sujeitos a choque de pre\u00e7os. &#8220;Pesou mais para as fam\u00edlias mais pobres. Como \u00e9 um gasto b\u00e1sico, n\u00e3o h\u00e1 uma queda abrupta do consumo, mas o consumidor procura, na medida do poss\u00edvel, racionalizar as compras.&#8221;<\/p>\n\n\n\n<p>Pelo <a href=\"https:\/\/investnews.com.br\/guias\/o-que-e-ipca\/\">IPCA<\/a>, itens como frutas (-2,10%) tiveram queda de pre\u00e7os, mas houve altas de produtos, como cebola (30,08%), batata-inglesa (16,39%), feij\u00e3o carioca (8,66%) e carnes (0,05%).<\/p>\n\n\n\n<p>Andr\u00e9 Braz, coordenador do \u00cdndice de Pre\u00e7os ao Consumidor (IPC) do Instituto Brasileiro de Economia da Funda\u00e7\u00e3o Get\u00falio Vargas (Ibre\/<a href=\"https:\/\/investnews.com.br\/tag\/fgv\/\" class=\"rank-math-link\">FGV<\/a>), concorda que a alta dos alimentos, apesar de destoar dos demais pre\u00e7os, vem em um momento cruel. &#8220;A alta de 0,24% poderia parecer pouco, se a renda tivesse se mantida est\u00e1vel. O problema \u00e9 quando a renda desaparece, por conta da pandemia, e comer fica mais caro.&#8221;<\/p>\n\n\n\n<p>Ele avalia que os pre\u00e7os dos alimentos devem ter uma nova alta em junho, por conta de um aumento da demanda por carnes por parte da <a href=\"https:\/\/investnews.com.br\/tag\/china\/\" class=\"rank-math-link\">China<\/a>, que j\u00e1 come\u00e7ou o processo de reabertura ap\u00f3s a quarentena. &#8220;Essa nova alta dos alimentos, por\u00e9m, ainda n\u00e3o deve ser suficiente para que a infla\u00e7\u00e3o como um todo suba, devemos ter mais um m\u00eas de defla\u00e7\u00e3o em junho.&#8221;<\/p>\n\n\n\n<h2 class=\"wp-block-heading\">Press\u00e3o no juros<\/h2>\n\n\n\n<p>Com um cen\u00e1rio inflacion\u00e1rio t\u00e3o comportado, o <a href=\"https:\/\/investnews.com.br\/tag\/itau-unibanco\/\" class=\"rank-math-link\">Ita\u00fa Unibanco<\/a> espera que o Banco Central (<a href=\"https:\/\/investnews.com.br\/tag\/banco-central\/\" class=\"rank-math-link\">BC<\/a>) corte em 0,75 ponto porcentual a taxa b\u00e1sica de juros, a <a href=\"https:\/\/investnews.com.br\/tag\/selic\/\" class=\"rank-math-link\">Selic<\/a>, na reuni\u00e3o de junho, para 2,25% ao ano at\u00e9 o fim de 2020.<\/p>\n\n\n\n<p>&#8220;A infla\u00e7\u00e3o n\u00e3o \u00e9 um risco para a pol\u00edtica monet\u00e1ria, olhando esse cen\u00e1rio benigno para 2020 e a propaga\u00e7\u00e3o para 2021&#8221;, resumiu a economista Julia Passabom, do Ita\u00fa Unibanco.<\/p>\n\n\n\n<p>&#8220;De uma maneira geral, a defla\u00e7\u00e3o em maio e abril mostrou a press\u00e3o da recess\u00e3o causada pelas medidas de distanciamento social nos pre\u00e7os de servi\u00e7os e produtos. Mas, como parece que abril foi o fundo do po\u00e7o para a atividade, j\u00e1 trabalhamos com expectativa de uma taxa positiva em junho (no IPCA do m\u00eas)&#8221;, afirmou o economista s\u00eanior do Banco MUFG Brasil, Carlos Pedroso. <\/p>\n","protected":false},"excerpt":{"rendered":"<p>Dentro do IPCA, os alimentos foram uma das \u00fanicas categorias que sofreu aumento de pre\u00e7o. <\/p>\n","protected":false},"author":17,"featured_media":787,"comment_status":"closed","ping_status":"open","sticky":false,"template":"","format":"standard","meta":{"_acf_changed":false,"inline_featured_image":false,"footnotes":""},"categories":[5],"tags":[683,56,244,54,246,186,51],"autor-wsj":[],"coauthors":[1498],"class_list":["post-12403","post","type-post","status-publish","format-standard","has-post-thumbnail","hentry","category-economia","tag-alimentos","tag-banco-central","tag-china","tag-ibge","tag-ipca","tag-itau-unibanco","tag-selic"],"acf":[],"amp_enabled":true,"_links":{"self":[{"href":"https:\/\/investnews.com.br\/inv-api\/wp\/v2\/posts\/12403","targetHints":{"allow":["GET"]}}],"collection":[{"href":"https:\/\/investnews.com.br\/inv-api\/wp\/v2\/posts"}],"about":[{"href":"https:\/\/investnews.com.br\/inv-api\/wp\/v2\/types\/post"}],"author":[{"embeddable":true,"href":"https:\/\/investnews.com.br\/inv-api\/wp\/v2\/users\/17"}],"replies":[{"embeddable":true,"href":"https:\/\/investnews.com.br\/inv-api\/wp\/v2\/comments?post=12403"}],"version-history":[{"count":5,"href":"https:\/\/investnews.com.br\/inv-api\/wp\/v2\/posts\/12403\/revisions"}],"predecessor-version":[{"id":745841,"href":"https:\/\/investnews.com.br\/inv-api\/wp\/v2\/posts\/12403\/revisions\/745841"}],"wp:featuredmedia":[{"embeddable":true,"href":"https:\/\/investnews.com.br\/inv-api\/wp\/v2\/media\/787"}],"wp:attachment":[{"href":"https:\/\/investnews.com.br\/inv-api\/wp\/v2\/media?parent=12403"}],"wp:term":[{"taxonomy":"category","embeddable":true,"href":"https:\/\/investnews.com.br\/inv-api\/wp\/v2\/categories?post=12403"},{"taxonomy":"post_tag","embeddable":true,"href":"https:\/\/investnews.com.br\/inv-api\/wp\/v2\/tags?post=12403"},{"taxonomy":"autor-wsj","embeddable":true,"href":"https:\/\/investnews.com.br\/inv-api\/wp\/v2\/autor-wsj?post=12403"},{"taxonomy":"author","embeddable":true,"href":"https:\/\/investnews.com.br\/inv-api\/wp\/v2\/coauthors?post=12403"}],"curies":[{"name":"wp","href":"https:\/\/api.w.org\/{rel}","templated":true}]}}