{"id":124418,"date":"2021-01-20T18:36:40","date_gmt":"2021-01-20T21:36:40","guid":{"rendered":"https:\/\/investnews.com.br\/?p=124418"},"modified":"2024-06-24T15:41:18","modified_gmt":"2024-06-24T18:41:18","slug":"bolsa-para-baixo-e-dolar-caindo-por-que-acoes-e-cambio-tomaram-rumos-diferentes","status":"publish","type":"post","link":"https:\/\/investnews.com.br\/financas\/bolsa-para-baixo-e-dolar-caindo-por-que-acoes-e-cambio-tomaram-rumos-diferentes\/","title":{"rendered":"Bolsa para baixo e d\u00f3lar caindo: por que a\u00e7\u00f5es e c\u00e2mbio tomaram rumos diferentes"},"content":{"rendered":"\n<figure class=\"wp-block-embed-youtube wp-block-embed is-type-video is-provider-youtube wp-embed-aspect-16-9 wp-has-aspect-ratio\"><div class=\"wp-block-embed__wrapper\">\n<iframe loading=\"lazy\" title=\"Bolsa para baixo e d\u00f3lar caindo: por que a\u00e7\u00f5es e c\u00e2mbio tomaram rumos diferentes\" width=\"500\" height=\"281\" src=\"https:\/\/www.youtube.com\/embed\/yt0F2eDZYBc?feature=oembed\" frameborder=\"0\" allow=\"accelerometer; autoplay; clipboard-write; encrypted-media; gyroscope; picture-in-picture; web-share\" referrerpolicy=\"strict-origin-when-cross-origin\" allowfullscreen><\/iframe>\n<\/div><\/figure>\n\n\n\n<p>O Ibovespa fechou em queda e o d\u00f3lar caiu. Por que o pessimismo prevaleceu sobre o mercado de a\u00e7\u00f5es e, no de c\u00e2mbio, o clima foi de otimismo? Esse \u00e9 o tema do <strong>Mais InvestNews <\/strong>desta quarta-feira (20), com Samy Dana e Dony De Nuccio. <\/p>\n\n\n\n<p>Al\u00e9m dos n\u00fameros do<a href=\"https:\/\/investnews.com.br\/financas\/bolsa-sobe-com-exterior-mas-e-freada-por-problemas-com-vacinacao-dolar-cai\/\" class=\"rank-math-link\"> fechamento do mercado financeiro<\/a>, o programa comenta ainda outros destaques do dia, como a <a href=\"https:\/\/investnews.com.br\/economia\/copom-decide-manter-a-taxa-selic-em-2-ao-ano\/\" class=\"rank-math-link\">reuni\u00e3o do Copom para definir a taxa Selic<\/a> e a <a href=\"https:\/\/investnews.com.br\/economia\/biden-assume-o-poder-como-sera-o-futuro-da-relacao-entre-brasil-e-eua\/\" class=\"rank-math-link\">posse de Joe Biden como novo presidente dos Estados Unidos. <\/a><\/p>\n","protected":false},"excerpt":{"rendered":"<p>Por que o pessimismo prevaleceu sobre o mercado de a\u00e7\u00f5es e, no de c\u00e2mbio, o clima foi de otimismo? Acompanhe transmiss\u00e3o a vivo \u00e0s 19h?<\/p>\n","protected":false},"author":7,"featured_media":124433,"comment_status":"closed","ping_status":"open","sticky":false,"template":"","format":"standard","meta":{"_acf_changed":false,"inline_featured_image":false,"footnotes":""},"categories":[4],"tags":[226,26],"autor-wsj":[],"coauthors":[1569,1494],"class_list":["post-124418","post","type-post","status-publish","format-standard","has-post-thumbnail","hentry","category-financas","tag-bolsa-de-valores","tag-dolar"],"acf":[],"amp_enabled":true,"_links":{"self":[{"href":"https:\/\/investnews.com.br\/inv-api\/wp\/v2\/posts\/124418","targetHints":{"allow":["GET"]}}],"collection":[{"href":"https:\/\/investnews.com.br\/inv-api\/wp\/v2\/posts"}],"about":[{"href":"https:\/\/investnews.com.br\/inv-api\/wp\/v2\/types\/post"}],"author":[{"embeddable":true,"href":"https:\/\/investnews.com.br\/inv-api\/wp\/v2\/users\/7"}],"replies":[{"embeddable":true,"href":"https:\/\/investnews.com.br\/inv-api\/wp\/v2\/comments?post=124418"}],"version-history":[{"count":7,"href":"https:\/\/investnews.com.br\/inv-api\/wp\/v2\/posts\/124418\/revisions"}],"predecessor-version":[{"id":124467,"href":"https:\/\/investnews.com.br\/inv-api\/wp\/v2\/posts\/124418\/revisions\/124467"}],"wp:featuredmedia":[{"embeddable":true,"href":"https:\/\/investnews.com.br\/inv-api\/wp\/v2\/media\/124433"}],"wp:attachment":[{"href":"https:\/\/investnews.com.br\/inv-api\/wp\/v2\/media?parent=124418"}],"wp:term":[{"taxonomy":"category","embeddable":true,"href":"https:\/\/investnews.com.br\/inv-api\/wp\/v2\/categories?post=124418"},{"taxonomy":"post_tag","embeddable":true,"href":"https:\/\/investnews.com.br\/inv-api\/wp\/v2\/tags?post=124418"},{"taxonomy":"autor-wsj","embeddable":true,"href":"https:\/\/investnews.com.br\/inv-api\/wp\/v2\/autor-wsj?post=124418"},{"taxonomy":"author","embeddable":true,"href":"https:\/\/investnews.com.br\/inv-api\/wp\/v2\/coauthors?post=124418"}],"curies":[{"name":"wp","href":"https:\/\/api.w.org\/{rel}","templated":true}]}}