{"id":12449,"date":"2020-06-12T19:03:02","date_gmt":"2020-06-12T22:03:02","guid":{"rendered":"https:\/\/investnews.com.br\/?p=12449"},"modified":"2024-06-24T15:15:52","modified_gmt":"2024-06-24T18:15:52","slug":"a-crise-e-um-bom-momento-para-simular-o-futuro-diz-presidente-da-icatu","status":"publish","type":"post","link":"https:\/\/investnews.com.br\/financas\/a-crise-e-um-bom-momento-para-simular-o-futuro-diz-presidente-da-icatu\/","title":{"rendered":"&#8216;A crise \u00e9 um bom momento para simular o futuro&#8217;, diz presidente da Icatu"},"content":{"rendered":"\n<figure class=\"wp-block-embed-youtube wp-block-embed is-type-video is-provider-youtube wp-embed-aspect-16-9 wp-has-aspect-ratio\"><div class=\"wp-block-embed__wrapper\">\n<iframe loading=\"lazy\" title=\"&quot;A crise \u00e9 um bom momento para simular o futuro\u201d, diz presidente da Icatu\" width=\"500\" height=\"281\" src=\"https:\/\/www.youtube.com\/embed\/Z6EqKGhGMXk?start=278&#038;feature=oembed\" frameborder=\"0\" allow=\"accelerometer; autoplay; clipboard-write; encrypted-media; gyroscope; picture-in-picture; web-share\" referrerpolicy=\"strict-origin-when-cross-origin\" allowfullscreen><\/iframe>\n<\/div><\/figure>\n\n\n\n<p>Quando a ind\u00fastria de previd\u00eancia complementar caminhava para atingir seu primeiro trilh\u00e3o, a pandemia do novo <strong>coronav\u00edrus<\/strong> interrompeu o crescimento do setor. No fim de janeiro, a carteira dessa ind\u00fastria somava R$ 953 bilh\u00f5es. Hoje, soma ao redor de R$ 900 bilh\u00f5es. Agora, o segmento aprende a lidar com os impactos financeiros da crise. <\/p>\n\n\n\n<p><strong>MAIS ENTREVISTAS:<\/strong><\/p>\n\n\n\n<ul class=\"wp-block-list\"><li><a href=\"https:\/\/investnews.com.br\/financas\/o-brasil-esta-uma-pechincha-para-investir-diz-porta-voz-da-franklin-templeton\/\" class=\"rank-math-link\"><strong>\u2018O Brasil est\u00e1 uma pechincha para investir\u2019, diz Franklin Templeton<\/strong><\/a><\/li><li><a rel=\"noreferrer noopener\" href=\"https:\/\/investnews.com.br\/financas\/entrevista-e-hora-de-comprar-mais-acoes-diz-gestor-da-verde\/\" target=\"_blank\"><strong>\u2018\u00c9 hora de comprar mais a\u00e7\u00f5es\u2019, diz gestor da Verde<\/strong><\/a><\/li><li><a rel=\"noreferrer noopener\" href=\"https:\/\/investnews.com.br\/financas\/bredda-do-alaska-se-a-queda-foi-rapida-a-volta-tambem-sera\/\" target=\"_blank\"><strong>Bredda, do Alaska: \u2018Se a queda foi r\u00e1pida, a volta tamb\u00e9m ser\u00e1\u2019<\/strong><\/a><\/li><li><a rel=\"noreferrer noopener\" href=\"https:\/\/investnews.com.br\/economia\/barsi-o-brasil-e-um-pais-com-uma-bolsa-rica-e-um-mercado-pobre\/\" target=\"_blank\"><strong>Barsi: \u2018O Brasil \u00e9 um pa\u00eds com uma bolsa rica e um mercado pobre\u2019<\/strong><\/a><\/li><\/ul>\n\n\n\n<p>Em entrevista ao <strong>Conta+<\/strong>, o presidente da Icatu Seguros, Luciano Snel, defende que a queda na capta\u00e7\u00e3o dessa ind\u00fastria \u00e9 normal na atual conjuntura, dado que o brasileiro acabou postergando algumas decis\u00f5es de investimentos para o longo prazo. Al\u00e9m de estar \u00e0 frente da maior seguradora independente do pa\u00eds em Vida, Previd\u00eancia e Capitaliza\u00e7\u00e3o, Snel tamb\u00e9m \u00e9 vice-presidente da Fenaprevi, que representa 67 seguradoras e entidades abertas de previd\u00eancia complementar. Ele fala sobre&nbsp;a inevit\u00e1vel desvaloriza\u00e7\u00e3o das carteiras de Previd\u00eancia no per\u00edodo, comenta a mudan\u00e7a de perfil dos&nbsp;<a class=\"rank-math-link\" href=\"https:\/\/investnews.com.br\/tag\/fundos-de-previdencia\/\">fundos de Previd\u00eancia<\/a> e do momento para fazer a portabilidade para fundos com novas carteiras. Snel tamb\u00e9m comenta como a crise vem mudando a conscientiza\u00e7\u00e3o do brasileiro sobre os seguros de vida. <\/p>\n\n\n\n<p>Sobre os riscos financeiros para o longo prazo, o presidente da Icatu defende que nada mudou. \u201cMuita gente fala sobre o novo normal. Mas a tecnologia n\u00e3o eliminou os riscos financeiros que as pessoas enfrentam. As pessoas continuam com o desafio de proteger a renda do primeiro emprego, de economizar para a educa\u00e7\u00e3o dos filhos, de garantir uma renda para a aposentadoria\u201d, diz. Leia abaixo a entrevista completa:<\/p>\n\n\n\n<p><strong>InvestNews &#8211;<\/strong> <strong>A Icatu teve um aumento de 18% no lucro em 2019, para R$ 320 milh\u00f5es, o melhor resultado da hist\u00f3ria da empresa, mas do ano passado para c\u00e1 muita coisa mudou. Como a pandemia afetou a trajet\u00f3ria de crescimento do setor e como voc\u00eas est\u00e3o lidando com isso<\/strong>?<\/p>\n\n\n\n<p><strong>Luciano Snel &#8211;<\/strong> Gosto de dizer que colhemos hoje o que foi plantado l\u00e1 atr\u00e1s. O resultado do ano passado foi plantado alguns anos antes e agora estamos plantando as sementes que v\u00e3o gerar resultados mais \u00e0 frente. Temos que ter sempre essa vis\u00e3o de longo prazo, ainda mais uma seguradora como a Icatu, que tem foco em pessoas. N\u00e3o atuamos com autom\u00f3veis, grandes riscos e sa\u00fade. At\u00e9 abril a capta\u00e7\u00e3o l\u00edquida do setor de Previd\u00eancia est\u00e1 positiva em aproximadamente R$ 4,5 bilh\u00f5es. A Icatu neste per\u00edodo est\u00e1 com uma capta\u00e7\u00e3o l\u00edquida de R$ 1,5 bilh\u00e3o. Em termos de resgates, a tend\u00eancia nos primeiros quatro meses do ano est\u00e1 bastante em linha com os meses anteriores. Mas a capta\u00e7\u00e3o l\u00edquida como um todo caiu sim, tanto a nossa quanto a do mercado, muito mais por conta da desacelera\u00e7\u00e3o dos novos aportes e novas contrata\u00e7\u00f5es e que acreditamos ser perfeitamente normal, em momento de crise e incerteza econ\u00f4mica, as pessoas postergarem algumas decis\u00f5es de investimentos como em Previd\u00eancia.<br><\/p>\n\n\n\n<p><strong>A recente recupera\u00e7\u00e3o da bolsa brasileira, que chegou perto dos 100 mil pontos, pode acabar beneficiando o segmento de Vida e Previd\u00eancia tamb\u00e9m?<\/strong><br><\/p>\n\n\n\n<p>A gente percebe que dos R$ 900 bilh\u00f5es em fundos de Previd\u00eancia hoje no Brasil, aproximadamente 80% continuam alocados em <a href=\"https:\/\/investnews.com.br\/tag\/fundos-de-renda-fixa\/\" class=\"rank-math-link\">fundos de renda fixa<\/a>. Houve sim nesse \u00faltimo ano uma migra\u00e7\u00e3o mais forte para multimercados e no in\u00edcio deste ano para <a href=\"https:\/\/investnews.com.br\/tag\/fundos-de-acoes\/\" class=\"rank-math-link\">fundos de a\u00e7\u00f5es<\/a> em previd\u00eancia, que v\u00eam ganhando um pouco mais de momento. Mas, na pr\u00e1tica, olhando em grandes n\u00fameros, a maioria das reservas de previd\u00eancia continuam em fundos conservadores, principalmente de renda fixa. E com esse patamar atual da Selic e as tend\u00eancias ainda para o <a href=\"https:\/\/investnews.com.br\/tag\/aposentadoria\/\" class=\"rank-math-link\">futuro<\/a>, \u00e9 uma tend\u00eancia continuar uma realoca\u00e7\u00e3o e diversifica\u00e7\u00e3o dos investimentos. A bolsa, os fundos de a\u00e7\u00f5es e novos gestores entrando no mercado, deve continuar atraindo no m\u00ednimo essa diversifica\u00e7\u00e3o da carteira.<br><\/p>\n\n\n\n<p><strong>\u00c9 momento para reavaliar os investimentos na carteira de Previd\u00eancia?<\/strong><br><\/p>\n\n\n\n<p>Sim. As pessoas deveriam no m\u00ednimo uma vez por ano fazer seu check up de sa\u00fade independentemente de pandemia, e tamb\u00e9m deveriam pelo menos uma vez por ano fazer seu check up financeiro. Revisitar seu momento atual, sua vis\u00e3o de futuro, as perspectivas que o <a href=\"https:\/\/investnews.com.br\/guias\/como-funciona-o-mercado-financeiro\/\">mercado financeiro<\/a> oferece, quais modalidades surgiram nos <a href=\"https:\/\/investnews.com.br\/tag\/fundos-de-previdencia\/\" class=\"rank-math-link\">fundos<\/a> de previd\u00eancia, quem s\u00e3o os novos gestores, como est\u00e1 a <a href=\"https:\/\/investnews.com.br\/guias\/rentabilidade\/\">rentabilidade<\/a> e a volatilidade dos fundos. A crise \u00e9 um bom momento para, sob orienta\u00e7\u00e3o e com calma, ou usar as ferramentas e simuladores dispon\u00edveis, fazer essas simula\u00e7\u00f5es para o futuro. Normalmente, todas as modalidades dentro dos fundos de previd\u00eancia buscam uma boa diversifica\u00e7\u00e3o e checar se dentro dela e, \u00e0 luz da volatilidade dos fundos nos \u00faltimos meses, se est\u00e1 adequado ao seu perfil de risco e seu horizonte de investimento. Gosto de enfatizar que n\u00e3o existe o investidor m\u00e9dio. Cada um tem suas peculiaridades, seu n\u00facleo familiar, seu momento de vida pessoal e profissional e horizonte de investimentos, que outros recursos e fontes de renda cada um tem. Com essa an\u00e1lise, a\u00ed sim tomar sua decis\u00e3o e fazer a aloca\u00e7\u00e3o buscando todas as informa\u00e7\u00f5es pertinentes.<br><\/p>\n\n\n\n<p><strong>Passamos por um enorme susto no curto prazo. A atual crise mudou alguma coisa nos fundamentos para quem olha para o longo prazo? <\/strong><br><\/p>\n\n\n\n<p>Muita gente fala sobre o novo normal e que o mundo mudou. Mas a tecnologia n\u00e3o eliminou os riscos financeiros que as pessoas enfrentam. As pessoas continuam com o desafio de proteger a renda do primeiro emprego, de economizar para a educa\u00e7\u00e3o dos filhos, de garantir uma renda para a aposentadoria. Sob a \u00f3tica da necessidade, continuam assim. E quais caracter\u00edsticas os produtos de Previd\u00eancia podem auxiliar como uma das solu\u00e7\u00f5es para as incertezas financeiras para o futuro? Os produtos de Previd\u00eancia, na minha vis\u00e3o, s\u00e3o hoje o melhor ve\u00edculo de investimentos de longo prazo no Brasil. Tem a n\u00e3o incid\u00eancia de <strong>come-cotas<\/strong> no per\u00edodo de acumula\u00e7\u00e3o, todo o recurso acumulado vai compondo exponencialmente com a rentabilidade e s\u00f3 incide o <a href=\"https:\/\/investnews.com.br\/guias\/imposto-de-renda-o-que-e\/\">Imposto de Renda<\/a> no resgate. Para quem tem algum tipo de remunera\u00e7\u00e3o tribut\u00e1vel, poder alocar at\u00e9 12% da sua renda tribut\u00e1vel nos produtos de <strong>PGBL<\/strong>, e a\u00ed esse recurso alocado ser dedut\u00edvel do Imposto de Renda no ano dos aportes. E tem a tabela regressiva do IR que come\u00e7a em 35% mas vai at\u00e9 <strong>10% no d\u00e9cimo ano<\/strong>, que significa que quem conseguiu poupar o limite \u00f3timo de 12% de sua renda bruta anual, incluindo todas as fontes de renda e somar e no final do ano se tiver conseguido investir em PGBL 12% desse valor, esses 12% v\u00e3o ser abatidos da sua base de imposto. Voc\u00ea n\u00e3o paga os 27,5% sobre o valor aportado, vai acumular por anos sem tributa\u00e7\u00e3o e, se este recurso ficar pelo menos 10 anos, ser\u00e1 tributado sob a al\u00edquota de 10%. Essa vis\u00e3o do produto como longo prazo tem um efeito multiplicador muito forte, e tem a caracter\u00edstica de o PGBL e <strong>VGBL<\/strong> ser um planejamento sucess\u00f3rio. No falecimento do titular do plano, os benefici\u00e1rios t\u00eam acesso mais r\u00e1pido \u00e0s reservas acumuladas e uma flexibilidade maior para a escolha dos benefici\u00e1rios no plano. S\u00e3o diversas caracter\u00edsticas que, conjugado o grau de evolu\u00e7\u00e3o de aplica\u00e7\u00e3o dos fundos de Previd\u00eancia, se tornaram um produto de primeira necessidade do brasileiro.<br><\/p>\n\n\n\n<p><strong>Voc\u00ea falou da import\u00e2ncia em diversificar, mas diante do risco que vivemos hoje, da crise e do que ela pode gerar para as pr\u00f3ximas d\u00e9cadas, voc\u00ea acha importante alocar mais risco na carteira de Previd\u00eancia, como a\u00e7\u00f5es?<\/strong><br><\/p>\n\n\n\n<p>O mais importante \u00e9 ter um di\u00e1logo frequente entre a <strong>Fenaprevi<\/strong>, a Federa\u00e7\u00e3o das Segiradoras de Vida e Previd\u00eancia, e o \u00f3rg\u00e3o regulador, que \u00e9 a Susep. Ao longo do tempo vai se discutindo o que se poderia ampliar em termos de regras e aplica\u00e7\u00e3o desses fundos de Previd\u00eancia \u00e0 luz do que o mercado vem oferecendo. Surgem novos t\u00edtulos, o papel vai tendo mais liquidez e mais demanda e as regras de Previd\u00eancia tamb\u00e9m v\u00e3o evoluindo com o tempo. Dentre as mais recentes, anteriormente os fundos podiam ter at\u00e9 49% em <a href=\"https:\/\/investnews.com.br\/tag\/fundos-de-acoes\/\" class=\"rank-math-link\">a\u00e7\u00f5es<\/a>, isso foi ampliado para at\u00e9 70% para os fundos normais, chamados fundos de varejo. <\/p>\n\n\n\n<p>Tem tamb\u00e9m a figura do investidor qualificado de Previd\u00eancia parecido com o investidor qualificado com os fundos de investimento que para estes casos o fundo pode at\u00e9 ter 100% em a\u00e7\u00f5es. Alguns gestores de a\u00e7\u00f5es n\u00e3o se aventuravam a entrar no mercado de Previd\u00eancia para ter um fundo com menos da metade da carteira em a\u00e7\u00f5es, e agora tem bons gestores que est\u00e3o avaliando abrir fundos de Previd\u00eancia em benef\u00edcio de todo o mercado e dos participantes. Com isso, as pessoas t\u00eam mais flexibilidade tamb\u00e9m de diversificar com mais op\u00e7\u00f5es de <a href=\"https:\/\/investnews.com.br\/tag\/investimentos-pessoais\/\" class=\"rank-math-link\">investimentos<\/a>. Traz mais gestores, mais op\u00e7\u00f5es, mais variedade e isso \u00e9 sempre ben\u00e9fico. Outra regra que evoluiu \u00e9 quanto poderia alocar em ativos no exterior. Vai at\u00e9 10% para o varejo, 20% para o proponente qualificado. S\u00e3o regras que v\u00e3o evoluindo ao longo do tempo.<br><\/p>\n\n\n\n<p><strong>Sobre o segmento de seguros de vida, qual foi o impacto desta crise? Quais as perspectivas do segmento daqui para frente?<\/strong><br><\/p>\n\n\n\n<p>Percebemos uma evolu\u00e7\u00e3o grande em rela\u00e7\u00e3o \u00e0 percep\u00e7\u00e3o, \u00e0 cultura do brasileiro em rela\u00e7\u00e3o ao seguro de vida, especialmente o individual, que tem ainda uma penetra\u00e7\u00e3o muito baixa e at\u00e9 a demanda sempre abaixo do que se esperava comparado com seguros de autom\u00f3vel e seguro sa\u00fade. A representatividade do seguro de vida, mesmo crescendo nos \u00faltimos anos, sempre abaixo do potencial comparado a outros pa\u00edses. Percebemos claramente nestes \u00faltimos dois meses uma curiosidade e preocupa\u00e7\u00e3o maior com seguro de vida, seja para si pr\u00f3prio e cobertura de morte, invalidez e doen\u00e7as graves que abrangem o seguro de pessoas, ou at\u00e9 os seguros para os funcion\u00e1rios das empresas. At\u00e9 os pequenos empreendedores est\u00e3o preocupados com a situa\u00e7\u00e3o financeira e de vulnerabilidade nesse momento. No nosso ponto de vista, a Previd\u00eancia, \u00e0 luz de queda dos juros, reforma da Previd\u00eancia muito em voga, houve uma conscientiza\u00e7\u00e3o do papel da Previd\u00eancia Privada, e agora a conjuga\u00e7\u00e3o dela com um seguro de vida cria uma for\u00e7a muito poderosa em termos de planejamento e prote\u00e7\u00e3o financeira para o futuro. Fazer uma Previd\u00eancia olhando para daqui a 20 ou 30 anos \u00e0 frente, corre o risco da jornada, como \u00e9 longa, ter imprevistos ao longo do caminho. Percebemos que o seguro de vida tende a ser cada vez mais demandado e ter uma maior sensibilidade de at\u00e9 quanto custa. Pessoas comparam com quanto custa o seguro do autom\u00f3vel achando que vai ser proporcional, e normalmente \u00e9 bem mais em conta do que as pessoas imaginam. Leva um tempo at\u00e9 as pessoas entenderem quanto precisa de capital.<br><\/p>\n\n\n\n<p><strong>O momento \u00e9 prop\u00edcio para quem pensa em fazer a portabilidade de seu fundo de Previd\u00eancia?<\/strong><br><\/p>\n\n\n\n<p>A portabilidade \u00e9 um instrumento da ind\u00fastria de fundos de Previd\u00eancia que n\u00e3o tem paralelo em outros instrumentos financeiros. Al\u00e9m de dar uma liberdade muito grande para o cliente poder migrar ou de uma seguradora para outra, ou de um fundo para outro fundo, em ambos os casos sem caracterizar um resgate, sem incid\u00eancia de imposto nessa movimenta\u00e7\u00e3o, \u00e9 muito importante para esse momento de revis\u00e3o e realoca\u00e7\u00e3o da carteira de investimentos. Na maioria dos casos vai demandar a portabilidade para migrar para uma carteira mais diversificada. \u00c9 altamente recomend\u00e1vel. Na Fenaprevi tem um sistema como uma Cetip, uma c\u00e2mara de liquida\u00e7\u00e3o que controla essas portabilidades entre seguradoras que tamb\u00e9m evoluiu muito com a demanda nos \u00faltimos anos e isso traz mais transpar\u00eancia para o mercado.<br><\/p>\n\n\n\n<p><strong>Essa atual crise e tudo o que aconteceu nos \u00faltimos dois meses j\u00e1 deixou alguma li\u00e7\u00e3o para o segmento de Vida e Previd\u00eancia?<\/strong><br><\/p>\n\n\n\n<p>O mercado de seguros vive do mutualismo. Al\u00e9m dos grandes n\u00fameros, fazer essa conta estat\u00edstica atuarial dos seguros. O mutualismo est\u00e1 muito em voga, olhando para o coletivo, n\u00e3o s\u00f3 para n\u00f3s pr\u00f3prios mas para a fam\u00edlia e a comunidade. Mutualismo e prote\u00e7\u00e3o, que s\u00e3o os pilares dos seguros, chegaram para ficar e t\u00eam um tom de moderno por olhar a coletividade. Um ponto interessante com crise, que tem a ver com o olhar de n\u00f3s como profissionais, que toda crise nos traz mais for\u00e7a para focar no prop\u00f3sito. L\u00e1 na Icatu nossa miss\u00e3o \u00e9 democratizar o acesso aos produtos de planejamento e prote\u00e7\u00e3o financeira a todos os brasileiros e todas regi\u00f5es do pa\u00eds. Por exemplo, uma plataforma como a da Easynvest gera essa possibilidade e democratiza\u00e7\u00e3o do acesso da informa\u00e7\u00e3o. Essa parceria \u00e9 muito importante e vai muito em linha com a miss\u00e3o do prop\u00f3sito. O momento de crise tamb\u00e9m trazem mais uni\u00e3o ao mercado, as seguradoras est\u00e3o se falando mais, conversando com \u00f3rg\u00e3o regulador, cada um para entender o ponto de vista, como refor\u00e7ar ainda mais o setor, e como nos comunicar melhor com o p\u00fablico e os formadores de pol\u00edticas econ\u00f4micas. A crise nos obriga a buscar novas solu\u00e7\u00f5es com mais velocidade ainda, todos buscando mais conveni\u00eancia e mais seguran\u00e7a e isso s\u00f3 acelera como pensar diferente e atender \u00e0s novas dores e necessidades. E tamb\u00e9m \u00e9 uma oportunidade para inspirar a nova gera\u00e7\u00e3o de l\u00edderes, tem muita gente vivendo essa crise como a sua primeira ou entrando no mercado de trabalho e acabou de entrar ou est\u00e1 evoluindo na carreira ou \u00e9 um empreendedor e acredito que temos um papel importante. As pessoas v\u00e3o olhar para tr\u00e1s e ver como as empresas e os l\u00edderes agiram nesse per\u00edodo. Na crise, as pessoas lembram mais do que aconteceu naquele ano, como as pessoas se comportaram. Temos que assumir uma responsabilidade muito grande e fazer as coias certas pelos motivos certos.<br><\/p>\n","protected":false},"excerpt":{"rendered":"<p>No programa Conta+, Ta\u00eds Laporta fala sobre o impacto da pandemia no segmento de Previd\u00eancia e seguros de vida com Luciano Snel <\/p>\n","protected":false},"author":5,"featured_media":12450,"comment_status":"closed","ping_status":"open","sticky":false,"template":"","format":"video","meta":{"_acf_changed":false,"inline_featured_image":false,"footnotes":""},"categories":[4],"tags":[641,68,22,23],"autor-wsj":[],"coauthors":[1495],"class_list":["post-12449","post","type-post","status-publish","format-video","has-post-thumbnail","hentry","category-financas","tag-fundos-de-previdencia","tag-investimentos-pessoais","tag-renda-fixa","tag-previdencia-privada","post_format-post-format-video"],"acf":[],"amp_enabled":true,"_links":{"self":[{"href":"https:\/\/investnews.com.br\/inv-api\/wp\/v2\/posts\/12449","targetHints":{"allow":["GET"]}}],"collection":[{"href":"https:\/\/investnews.com.br\/inv-api\/wp\/v2\/posts"}],"about":[{"href":"https:\/\/investnews.com.br\/inv-api\/wp\/v2\/types\/post"}],"author":[{"embeddable":true,"href":"https:\/\/investnews.com.br\/inv-api\/wp\/v2\/users\/5"}],"replies":[{"embeddable":true,"href":"https:\/\/investnews.com.br\/inv-api\/wp\/v2\/comments?post=12449"}],"version-history":[{"count":14,"href":"https:\/\/investnews.com.br\/inv-api\/wp\/v2\/posts\/12449\/revisions"}],"predecessor-version":[{"id":302795,"href":"https:\/\/investnews.com.br\/inv-api\/wp\/v2\/posts\/12449\/revisions\/302795"}],"wp:featuredmedia":[{"embeddable":true,"href":"https:\/\/investnews.com.br\/inv-api\/wp\/v2\/media\/12450"}],"wp:attachment":[{"href":"https:\/\/investnews.com.br\/inv-api\/wp\/v2\/media?parent=12449"}],"wp:term":[{"taxonomy":"category","embeddable":true,"href":"https:\/\/investnews.com.br\/inv-api\/wp\/v2\/categories?post=12449"},{"taxonomy":"post_tag","embeddable":true,"href":"https:\/\/investnews.com.br\/inv-api\/wp\/v2\/tags?post=12449"},{"taxonomy":"autor-wsj","embeddable":true,"href":"https:\/\/investnews.com.br\/inv-api\/wp\/v2\/autor-wsj?post=12449"},{"taxonomy":"author","embeddable":true,"href":"https:\/\/investnews.com.br\/inv-api\/wp\/v2\/coauthors?post=12449"}],"curies":[{"name":"wp","href":"https:\/\/api.w.org\/{rel}","templated":true}]}}