{"id":13259,"date":"2020-06-24T15:40:54","date_gmt":"2020-06-24T18:40:54","guid":{"rendered":"https:\/\/investnews.com.br\/?p=13259"},"modified":"2020-06-24T15:45:51","modified_gmt":"2020-06-24T18:45:51","slug":"agua-nao-e-mercadoria-criticas-a-marco-do-saneamento-lideram-no-twitter","status":"publish","type":"post","link":"https:\/\/investnews.com.br\/economia\/agua-nao-e-mercadoria-criticas-a-marco-do-saneamento-lideram-no-twitter\/","title":{"rendered":"&#8216;\u00c1gua n\u00e3o \u00e9 mercadoria&#8217;: cr\u00edticas a Marco do Saneamento esquentam o Twitter"},"content":{"rendered":"\n<p>Os <a href=\"https:\/\/investnews.com.br\/flash\/como-o-marco-do-saneamento-vai-destravar-a-economia-shoppings-voltam-a-fechar\/\" class=\"rank-math-link\">debates envolvendo o marco do saneamento<\/a>, programado para ser votado nesta quarta-feira (24), no Senado, t\u00eam provocado uma forte manifesta\u00e7\u00e3o contr\u00e1ria ao projeto nas redes sociais. No per\u00edodo da tarde desta quarta, o assunto <strong>#aguanaoemercadoria<\/strong> era o tema mais comentado no <strong>Twitter<\/strong> no Brasil.<\/p>\n\n\n\n<p>O projeto para o novo marco do saneamento, que j\u00e1 passou pela C\u00e2mara, prev\u00ea a <a href=\"https:\/\/investnews.com.br\/economia\/privatizacao-nao-esta-no-radar-do-governo-diz-presidente-da-petrobras\/\" class=\"rank-math-link\">privatiza\u00e7\u00e3o<\/a> dos servidos de saneamento no Pa\u00eds. O texto transfere para a Ag\u00eancia Nacional de \u00c1guas (<strong>ANA<\/strong>) o papel de estabelecer normas de refer\u00eancia para a regula\u00e7\u00e3o dos servi\u00e7os.<\/p>\n\n\n\n<p>Segundo o deputado federal <strong>Marcelo Freixo<\/strong> (PSOL-RJ) privatizar o saneamento \u00e9 ir na contram\u00e3o do mundo. &#8220;A maioria das cidades que adotou o modelo voltou atr\u00e1s e reestatizou o sistema, como Paris e Buenos Aires. Fizeram isso porque as tarifas aumentaram muito e a quantidade de fam\u00edlias atendidas n\u00e3o foi ampliada&#8221;, escreveu.<\/p>\n\n\n\n<p>Segundo o deputado, a privatiza\u00e7\u00e3o aumenta o pre\u00e7o dos servi\u00e7os e exclui os mais pobres. &#8220;Na Inglaterra, a tarifa subiu 46% em 9 anos. Milhares de fam\u00edlias sofreram cortes por n\u00e3o conseguirem pagar. Agora imagina isso no Brasil&#8221;, acrescentou.<\/p>\n\n\n\n<p>Na mesma dire\u00e7\u00e3o, o deputado federal Helder Salom\u00e3o (PT\/ES) criticou o projeto. &#8220;\u00c1gua \u00e9 um direito, n\u00e3o \u00e9 mercadoria! N\u00e3o \u00e0 privatiza\u00e7\u00e3o da \u00e1gua&#8221;, escreveu.<\/p>\n\n\n\n<h2 class=\"wp-block-heading\"><strong>Investimentos<\/strong><\/h2>\n\n\n\n<p>O projeto do marco do saneamento \u00e9 bastante aguardado pelo mercado. Alguns especialistas apontam que ele teria a capacidade de elevar significativamente os investimentos no setor e colaborar para a democratiza\u00e7\u00e3o dos servi\u00e7os.<\/p>\n\n\n\n<p>Diferentemente de setores como o <strong>el\u00e9tric<\/strong>o, a regula\u00e7\u00e3o do saneamento hoje \u00e9 feita por agentes subnacionais (munic\u00edpios, regionais ou estaduais). Diante disso, investidores criticam a falta de seguran\u00e7a jur\u00eddica e clareza nas regras para poder investir.<\/p>\n\n\n\n<p>A estimativa do governo federal \u00e9 incentivar a entrada do capital privado com a mudan\u00e7a. O pr\u00f3prio fundo P\u00e1tria, que tem investido fortemente em infraestrutura, sinalizou interesse no setor.<\/p>\n\n\n\n<p><em>*Com Estad\u00e3o Conte\u00fado<\/em><br><\/p>\n","protected":false},"excerpt":{"rendered":"<p>Projeto que j\u00e1 passou pela C\u00e2mara prev\u00ea a privatiza\u00e7\u00e3o dos servidos de \u00e1gua e esgoto no Pa\u00eds.<\/p>\n","protected":false},"author":7,"featured_media":13261,"comment_status":"closed","ping_status":"open","sticky":false,"template":"","format":"standard","meta":{"_acf_changed":false,"inline_featured_image":false,"footnotes":""},"categories":[5],"tags":[1037,201,1529],"autor-wsj":[],"coauthors":[1494],"class_list":["post-13259","post","type-post","status-publish","format-standard","has-post-thumbnail","hentry","category-economia","tag-conta-de-agua","tag-sabesp","tag-twitter"],"acf":[],"amp_enabled":true,"_links":{"self":[{"href":"https:\/\/investnews.com.br\/inv-api\/wp\/v2\/posts\/13259","targetHints":{"allow":["GET"]}}],"collection":[{"href":"https:\/\/investnews.com.br\/inv-api\/wp\/v2\/posts"}],"about":[{"href":"https:\/\/investnews.com.br\/inv-api\/wp\/v2\/types\/post"}],"author":[{"embeddable":true,"href":"https:\/\/investnews.com.br\/inv-api\/wp\/v2\/users\/7"}],"replies":[{"embeddable":true,"href":"https:\/\/investnews.com.br\/inv-api\/wp\/v2\/comments?post=13259"}],"version-history":[{"count":4,"href":"https:\/\/investnews.com.br\/inv-api\/wp\/v2\/posts\/13259\/revisions"}],"predecessor-version":[{"id":13267,"href":"https:\/\/investnews.com.br\/inv-api\/wp\/v2\/posts\/13259\/revisions\/13267"}],"wp:featuredmedia":[{"embeddable":true,"href":"https:\/\/investnews.com.br\/inv-api\/wp\/v2\/media\/13261"}],"wp:attachment":[{"href":"https:\/\/investnews.com.br\/inv-api\/wp\/v2\/media?parent=13259"}],"wp:term":[{"taxonomy":"category","embeddable":true,"href":"https:\/\/investnews.com.br\/inv-api\/wp\/v2\/categories?post=13259"},{"taxonomy":"post_tag","embeddable":true,"href":"https:\/\/investnews.com.br\/inv-api\/wp\/v2\/tags?post=13259"},{"taxonomy":"autor-wsj","embeddable":true,"href":"https:\/\/investnews.com.br\/inv-api\/wp\/v2\/autor-wsj?post=13259"},{"taxonomy":"author","embeddable":true,"href":"https:\/\/investnews.com.br\/inv-api\/wp\/v2\/coauthors?post=13259"}],"curies":[{"name":"wp","href":"https:\/\/api.w.org\/{rel}","templated":true}]}}