{"id":13409,"date":"2020-06-26T09:25:00","date_gmt":"2020-06-26T12:25:00","guid":{"rendered":"https:\/\/investnews.com.br\/?p=13409"},"modified":"2024-06-25T09:47:15","modified_gmt":"2024-06-25T12:47:15","slug":"auxilio-emergencial-por-mais-3-meses-maia-estuda-mudar-teto-de-gastos-e-vendas","status":"publish","type":"post","link":"https:\/\/investnews.com.br\/financas\/auxilio-emergencial-por-mais-3-meses-maia-estuda-mudar-teto-de-gastos-e-vendas\/","title":{"rendered":"Aux\u00edlio emergencial por mais 3 meses, Maia estuda mudar teto de gastos e im\u00f3veis"},"content":{"rendered":"\n<figure class=\"wp-block-embed-youtube wp-block-embed is-type-video is-provider-youtube wp-embed-aspect-16-9 wp-has-aspect-ratio wp-embed-aspect-4-3\"><div class=\"wp-block-embed__wrapper\">\n<iframe loading=\"lazy\" title=\"Aux\u00edlio emergencial por mais 3 meses, Maia estuda mudar teto de gastos e vendas de im\u00f3veis\" width=\"500\" height=\"375\" src=\"https:\/\/www.youtube.com\/embed\/UHaP5znROgw?feature=oembed\" frameborder=\"0\" allow=\"accelerometer; autoplay; clipboard-write; encrypted-media; gyroscope; picture-in-picture; web-share\" referrerpolicy=\"strict-origin-when-cross-origin\" allowfullscreen><\/iframe>\n<\/div><\/figure>\n\n\n\n<p>O presidente da C\u00e2mara dos Deputados, <strong>Rodrigo Mai<\/strong>a (DEM-RJ), disse que <strong>n\u00e3o descarta mudar a regra do <a class=\"rank-math-link rank-math-link\" href=\"https:\/\/investnews.com.br\/cafeina\/por-que-os-gastos-publicos-passaram-de-viloes-a-mocinhos-durante-a-pandemia\/\">teto de gastos<\/a> do governo<\/strong> por causa dos problemas gerados pela pandemia. Maia sempre foi um defensor do controle fiscal e economistas temem que o mercado reaja muito mal ao abandono desta pol\u00edtica. O presidente <strong>Jair Bolsonaro<\/strong> afirmou ao lado do ministro da economia, Paulo Guedes, que o governo vai prorrogar o pagamento do <a class=\"rank-math-link rank-math-link\" href=\"https:\/\/investnews.com.br\/economia\/caixa-divulga-calendario-da-3a-parcela-do-auxilio-emergencial\/\">aux\u00edlio emergencial<\/a> por mais tr\u00eas meses, com uma redu\u00e7\u00e3o gradual dos valores pagos. De acordo com o Secovi-SP, as <strong>vendas de im\u00f3veis<\/strong> residenciais novos na cidade de S\u00e3o Paulo <strong>ca\u00edram 26,7%<\/strong> em maio, o que pode impactar empresas do setor como Trisul (<a class=\"rank-math-link\" href=\"https:\/\/investnews.com.br\/tag\/tris3\/\">TRIS3<\/a>), Direcional (<a class=\"rank-math-link\" href=\"https:\/\/investnews.com.br\/tag\/dirr3\/\">DIRR3<\/a>) e Tenda (<a class=\"rank-math-link\" href=\"https:\/\/investnews.com.br\/tag\/tend3\/\">TEND3<\/a>). O <strong>FMI afirmou que o pior j\u00e1 passou<\/strong> da pandemia, mas o mundo n\u00e3o est\u00e1 livre de um novo susto e de uma recupera\u00e7\u00e3o mais sofrida das economias do que se imagina. O varejo de moda \u00e9 uma das maiores v\u00edtimas do coronav\u00edrus no mundo dos neg\u00f3cios, com o grupo Fatto a Mano pedindo recupera\u00e7\u00e3o. E destaques sobre o IRB (IRBR3), Notredame Intermedica (GNDI3) e o <a href=\"https:\/\/investnews.com.br\/guias\/ipo-o-que-e-e-como-funciona\/\">IPO<\/a> da rede de farm\u00e1cias Pague menos.<\/p>\n","protected":false},"excerpt":{"rendered":"<p>No Flash, Ta\u00eds Laporta explica como vai funcionar o saque do 3\u00ba lote do aux\u00edlio emergencial.<\/p>\n","protected":false},"author":17,"featured_media":13410,"comment_status":"closed","ping_status":"open","sticky":false,"template":"","format":"video","meta":{"_acf_changed":false,"inline_featured_image":false,"footnotes":""},"categories":[4],"tags":[234,347,376],"autor-wsj":[],"coauthors":[1498],"class_list":["post-13409","post","type-post","status-publish","format-video","has-post-thumbnail","hentry","category-financas","tag-jair-bolsonaro","tag-paulo-guedes","tag-varejo","post_format-post-format-video"],"acf":[],"amp_enabled":true,"_links":{"self":[{"href":"https:\/\/investnews.com.br\/inv-api\/wp\/v2\/posts\/13409","targetHints":{"allow":["GET"]}}],"collection":[{"href":"https:\/\/investnews.com.br\/inv-api\/wp\/v2\/posts"}],"about":[{"href":"https:\/\/investnews.com.br\/inv-api\/wp\/v2\/types\/post"}],"author":[{"embeddable":true,"href":"https:\/\/investnews.com.br\/inv-api\/wp\/v2\/users\/17"}],"replies":[{"embeddable":true,"href":"https:\/\/investnews.com.br\/inv-api\/wp\/v2\/comments?post=13409"}],"version-history":[{"count":5,"href":"https:\/\/investnews.com.br\/inv-api\/wp\/v2\/posts\/13409\/revisions"}],"predecessor-version":[{"id":13511,"href":"https:\/\/investnews.com.br\/inv-api\/wp\/v2\/posts\/13409\/revisions\/13511"}],"wp:featuredmedia":[{"embeddable":true,"href":"https:\/\/investnews.com.br\/inv-api\/wp\/v2\/media\/13410"}],"wp:attachment":[{"href":"https:\/\/investnews.com.br\/inv-api\/wp\/v2\/media?parent=13409"}],"wp:term":[{"taxonomy":"category","embeddable":true,"href":"https:\/\/investnews.com.br\/inv-api\/wp\/v2\/categories?post=13409"},{"taxonomy":"post_tag","embeddable":true,"href":"https:\/\/investnews.com.br\/inv-api\/wp\/v2\/tags?post=13409"},{"taxonomy":"autor-wsj","embeddable":true,"href":"https:\/\/investnews.com.br\/inv-api\/wp\/v2\/autor-wsj?post=13409"},{"taxonomy":"author","embeddable":true,"href":"https:\/\/investnews.com.br\/inv-api\/wp\/v2\/coauthors?post=13409"}],"curies":[{"name":"wp","href":"https:\/\/api.w.org\/{rel}","templated":true}]}}