{"id":13599,"date":"2020-06-30T16:00:07","date_gmt":"2020-06-30T19:00:07","guid":{"rendered":"https:\/\/investnews.com.br\/?p=13599"},"modified":"2020-06-30T14:14:15","modified_gmt":"2020-06-30T17:14:15","slug":"para-guedes-medidas-adotadas-pelo-governo-tem-conseguido-atenuar-crise","status":"publish","type":"post","link":"https:\/\/investnews.com.br\/economia\/para-guedes-medidas-adotadas-pelo-governo-tem-conseguido-atenuar-crise\/","title":{"rendered":"Para Guedes, medidas adotadas pelo governo t\u00eam conseguido atenuar crise"},"content":{"rendered":"\n<p>O ministro da Economia, Paulo Guedes, avaliou nesta ter\u00e7a-feira (30) que as medidas tomadas at\u00e9 agora pelo governo <strong>nas \u00e1reas de cr\u00e9dito e renda<\/strong> para a popula\u00e7\u00e3o &#8211; sobretudo o <a href=\"https:\/\/investnews.com.br\/economia\/caixa-divulga-calendario-da-3a-parcela-do-auxilio-emergencial\/\" class=\"rank-math-link\">aux\u00edlio emergencial<\/a> &#8211; t\u00eam conseguido atenuar a crise econ\u00f4mica decorrente da pandemia do novo coronav\u00edrus.<\/p>\n\n\n\n<p>&#8220;Apesar da queda brutal da produ\u00e7\u00e3o e do com\u00e9rcio, a massa salarial no Brasil subiu. H\u00e1 mais recursos circulando hoje do que antes da crise, atenuamos o impacto econ\u00f4mico&#8221;, afirmou, em audi\u00eancia p\u00fablica por videoconfer\u00eancia na <strong>Comiss\u00e3o Mista do Congresso Nacional<\/strong> que monitora a execu\u00e7\u00e3o or\u00e7ament\u00e1ria e financeira das medidas relacionadas \u00e0 covid-19.<\/p>\n\n\n\n<p>Ap\u00f3s o v\u00eddeo travar e for\u00e7ar uma reconex\u00e3o do ministro na confer\u00eancia, Guedes comparou o problema com as dificuldades em fazer o aux\u00edlio chegar a todos os benefici\u00e1rios. <strong>&#8220;Se para fazer essa videoconfer\u00eancia temos problemas, imagina para entregar dinheiro para 64 milh\u00f5es de pessoas&#8221;<\/strong>, brincou. &#8220;Temos o maior empenho para atingir o m\u00e1ximo de alcance das medidas econ\u00f4micas e de sa\u00fade, visando proteger a popula\u00e7\u00e3o brasileira&#8221;, completou.<\/p>\n\n\n\n<p>O ministro admitiu as <strong>dificuldades<\/strong> em fazer com que o cr\u00e9dito para <a href=\"https:\/\/investnews.com.br\/guias\/capital-de-giro\/\">capital de giro<\/a> chegasse na ponta para empresas, mas garantiu que novas a\u00e7\u00f5es j\u00e1 conseguiram destravar esses financiamentos. Ele comparou a equipe de secret\u00e1rios da Economia e o presidente do Banco Central, Roberto Campos Neto, ao time do Barcelona. &#8220;\u00c0s vezes o Barcelona tamb\u00e9m perde. A necessidade de capital de giro triplicou, quadruplicou na crise, e o cr\u00e9dito continuou insuficiente. Mas j\u00e1 melhorou&#8221;, comentou.<\/p>\n\n\n\n<p>Guedes citou ainda outras medidas como a redu\u00e7\u00e3o de jornada e sal\u00e1rios, que preservou quase 12 milh\u00f5es de empregos. O ministro elencou ainda os financiamentos para o pagamento da folha de sal\u00e1rios (Fopas) lan\u00e7ado ainda no come\u00e7o da crise e compra de <a href=\"https:\/\/investnews.com.br\/guias\/o-que-sao-debentures\/\">deb\u00eantures<\/a> de companhias de alguns setores selecionados, como o de avia\u00e7\u00e3o. <strong>&#8220;Vamos colocar as <a href=\"https:\/\/investnews.com.br\/financas\/prejuizo-da-gol-da-para-superar-o-que-vem-pela-frente\/\" class=\"rank-math-link\">\u00e1reas<\/a> para voar, mas vamos ser compensados por isso&#8221;<\/strong>, explicou.<\/p>\n\n\n\n<p>Ele destacou ainda o <a href=\"https:\/\/investnews.com.br\/negocios\/governo-anuncia-r-159-bi-para-emprestimos-a-pequenos-negocios\/\" class=\"rank-math-link\">cr\u00e9dito de capital de giro<\/a> para pequenos e microempres\u00e1rios (<strong>Pronampe<\/strong>) &#8211; que ser\u00e1 liberado a partir de julho. &#8220;Lamentamos que esse programa tenha demorado tanto para sair, mas assim que a economia reabrir, essas empresas continuar\u00e3o porque conseguiram manter o f\u00f4lego. E, nesse caso, o governo poder\u00e1 perder dinheiro&#8221;, completou.<\/p>\n\n\n\n<h2 class=\"wp-block-heading\">Novos programas<\/h2>\n\n\n\n<p>O ministro da Economia disse tamb\u00e9m que, ap\u00f3s a <strong>prorroga\u00e7\u00e3o do aux\u00edlio emergencial<\/strong> &#8211; que ser\u00e1 anunciada nesta ter\u00e7a \u00e0 tarde &#8211; o governo lan\u00e7ar\u00e1 novos programas de car\u00e1ter permanente. Ele citou o chamado &#8220;Renda Brasil&#8221; e a recria\u00e7\u00e3o do contrato de trabalho &#8220;Verde Amarelo&#8221;, cuja Medida Provis\u00f3ria anterior n\u00e3o chegou a ser votada pelo Congresso.<\/p>\n\n\n\n<p>&#8220;Vamos fazer uma extens\u00e3o do aux\u00edlio emergencial, ser\u00e1 anunciado hoje pelo presidente Jair Bolsonaro. Como a pandemia continua nos assombrando, vamos estender cobertura do aux\u00edlio. E quando acabar o aux\u00edlio emergencial anunciaremos o Renda Brasil e o novo Verde Amarelo&#8221;, afirmou Guedes.<\/p>\n\n\n\n<p>Na segunda-feira, o secret\u00e1rio do Tesouro, Mansueto Almeida, informou que a extens\u00e3o do aux\u00edlio emergencial custar\u00e1 <strong>R$ 100 bilh\u00f5es<\/strong> ao governo.<\/p>\n\n\n\n<p>Como revelou o Broadcast (sistema de not\u00edcias em tempo real do &#8220;Grupo Estado&#8221;), a equipe econ\u00f4mica estudou duas formas de prorroga\u00e7\u00e3o com o mesmo custo: a libera\u00e7\u00e3o mais duas parcelas de R$ 600 ou pagamento de tr\u00eas parcelas decrescentes do benef\u00edcio &#8211; de R$ 500, R$ 400 e R$ 300. A segunda op\u00e7\u00e3o, por\u00e9m, exigiria a aprova\u00e7\u00e3o de um novo dispositivo legal pelo Congresso.<\/p>\n\n\n\n<p>Tamb\u00e9m na segunda-feira, <a href=\"https:\/\/investnews.com.br\/geral\/5-fatos-para-saber-hoje-ajuda-a-embraer-e-bruno-funchal-no-lugar-de-mansueto\/\" class=\"rank-math-link\">Mansueto<\/a> alertou para o custo da cria\u00e7\u00e3o de novos programas sociais, como o Renda Brasil.<\/p>\n\n\n\n<p>Para o secret\u00e1rio do Tesouro, que deixar\u00e1 o cargo no pr\u00f3ximo m\u00eas, a cria\u00e7\u00e3o de novos gastos permanentes pode exigir aumentos de impostos no futuro.<br><\/p>\n","protected":false},"excerpt":{"rendered":"<p>Ministro falou em audi\u00eancia p\u00fablica por videoconfer\u00eancia na Comiss\u00e3o Mista do Congresso Nacional.<\/p>\n","protected":false},"author":17,"featured_media":1457,"comment_status":"closed","ping_status":"open","sticky":false,"template":"","format":"standard","meta":{"_acf_changed":false,"inline_featured_image":false,"footnotes":""},"categories":[5],"tags":[347,1080,1155],"autor-wsj":[],"coauthors":[1498],"class_list":["post-13599","post","type-post","status-publish","format-standard","has-post-thumbnail","hentry","category-economia","tag-paulo-guedes","tag-pronampe","tag-setor-aereo"],"acf":[],"amp_enabled":true,"_links":{"self":[{"href":"https:\/\/investnews.com.br\/inv-api\/wp\/v2\/posts\/13599","targetHints":{"allow":["GET"]}}],"collection":[{"href":"https:\/\/investnews.com.br\/inv-api\/wp\/v2\/posts"}],"about":[{"href":"https:\/\/investnews.com.br\/inv-api\/wp\/v2\/types\/post"}],"author":[{"embeddable":true,"href":"https:\/\/investnews.com.br\/inv-api\/wp\/v2\/users\/17"}],"replies":[{"embeddable":true,"href":"https:\/\/investnews.com.br\/inv-api\/wp\/v2\/comments?post=13599"}],"version-history":[{"count":2,"href":"https:\/\/investnews.com.br\/inv-api\/wp\/v2\/posts\/13599\/revisions"}],"predecessor-version":[{"id":13601,"href":"https:\/\/investnews.com.br\/inv-api\/wp\/v2\/posts\/13599\/revisions\/13601"}],"wp:featuredmedia":[{"embeddable":true,"href":"https:\/\/investnews.com.br\/inv-api\/wp\/v2\/media\/1457"}],"wp:attachment":[{"href":"https:\/\/investnews.com.br\/inv-api\/wp\/v2\/media?parent=13599"}],"wp:term":[{"taxonomy":"category","embeddable":true,"href":"https:\/\/investnews.com.br\/inv-api\/wp\/v2\/categories?post=13599"},{"taxonomy":"post_tag","embeddable":true,"href":"https:\/\/investnews.com.br\/inv-api\/wp\/v2\/tags?post=13599"},{"taxonomy":"autor-wsj","embeddable":true,"href":"https:\/\/investnews.com.br\/inv-api\/wp\/v2\/autor-wsj?post=13599"},{"taxonomy":"author","embeddable":true,"href":"https:\/\/investnews.com.br\/inv-api\/wp\/v2\/coauthors?post=13599"}],"curies":[{"name":"wp","href":"https:\/\/api.w.org\/{rel}","templated":true}]}}