{"id":13837,"date":"2020-07-03T08:39:02","date_gmt":"2020-07-03T11:39:02","guid":{"rendered":"https:\/\/investnews.com.br\/?p=13837"},"modified":"2024-06-26T12:28:14","modified_gmt":"2024-06-26T15:28:14","slug":"5-fatos-para-saber-hoje-governo-prepara-carta-para-investidores-estrangeiros","status":"publish","type":"post","link":"https:\/\/investnews.com.br\/economia\/5-fatos-para-saber-hoje-governo-prepara-carta-para-investidores-estrangeiros\/","title":{"rendered":"5 fatos para saber hoje: Governo prepara carta para investidores estrangeiros"},"content":{"rendered":"\n<h2 class=\"wp-block-heading\">1 &#8211; Pressionado, governo faz carta a investidores<\/h2>\n\n\n\n<p>Depois de ser duramente criticado por <strong>institui\u00e7\u00f5es financeiras internacionais<\/strong>, que alertaram sobre as falhas do Brasil no combate ao <strong>desmatamento<\/strong> e os riscos de come\u00e7arem a <strong>tirar investimentos do Pa\u00eds<\/strong>, o governo Bolsonaro decidiu enviar uma resposta direta aos <a href=\"https:\/\/investnews.com.br\/negocios\/presidentes-de-itau-e-bradesco-alertam-para-perigo-ambiental\/\" class=\"rank-math-link\">bancos<\/a>.<\/p>\n\n\n\n<p>O\u00a0jornal &#8220;O Estado de S. Paulo&#8221; apurou que os minist\u00e9rios do Meio Ambiente, Agricultura, Defesa, Justi\u00e7a e Itamaraty j\u00e1 se reuniram para levantar dados e, a partir dessas informa\u00e7\u00f5es, consolidar <strong>uma carta de resposta aos investidores<\/strong>. Uma reuni\u00e3o est\u00e1 prevista para a pr\u00f3xima semana, para que cada minist\u00e9rio apresente suas informa\u00e7\u00f5es sobre o assunto. Na semana seguinte, um posicionamento oficial ser\u00e1 encaminhado aos fundos internacionais.<\/p>\n\n\n\n<p>H\u00e1 duas semanas, <strong>uma carta assinada por 29 institui\u00e7\u00f5es financeiras<\/strong> que gerenciam mais de <strong>US$ 3,7 trilh\u00f5es em ativos<\/strong> foi entregue ao governo Bolsonaro. No documento, os bancos afirmaram que o governo brasileiro precisa frear o desmatamento na Amaz\u00f4nia, sob risco de alimentar &#8220;uma incerteza generalizada sobre as condi\u00e7\u00f5es para investir ou fornecer servi\u00e7os financeiros ao Brasil&#8221;.<\/p>\n\n\n\n<h2 class=\"wp-block-heading\">2 &#8211; Rendimento m\u00e9dio de brasileiros cai a 82% em maio devido \u00e0 covid-19<\/h2>\n\n\n\n<p>Os efeitos da pandemia de covid-19 foram especialmente sentidos no m\u00eas de maio, que marcou o pico de casos em diversas capitais do Brasil, levando a uma <strong>queda m\u00e9dia nos rendimentos, para 82%<\/strong> da renda habitualmente recebida. Algumas categorias foram ainda mais afetadas pela crise econ\u00f4mica, como quem\u00a0trabalha\u00a0por conta pr\u00f3pria, que viu\u00a0a renda m\u00e9dia cair para 60% da normal.<\/p>\n\n\n\n<p>Os dados fazem parte de um trabalho realizado pelo pesquisador Sandro Sacchet de Carvalho, do Instituto de Pesquisa Econ\u00f4mica Aplicada (Ipea), e divulgado nesta quinta-feira (2). Segundo o levantamento, que tem por base dados da <strong>Pesquisa Nacional por Amostra de Domic\u00edlios (PNAD) Covid-19<\/strong>, realizada pelo IBGE, o aux\u00edlio emergencial do governo foi fundamental, principalmente para as camadas de menor renda da popula\u00e7\u00e3o.<\/p>\n\n\n\n<p><strong>LEIA MAIS: <a href=\"https:\/\/investnews.com.br\/economia\/na-crise-alimentacao-pesa-ainda-mais-para-as-familias-pobres\/\" class=\"rank-math-link\">Na crise, alimenta\u00e7\u00e3o pesa ainda mais para as fam\u00edlias pobres<\/a><\/strong><\/p>\n\n\n\n<p>\u201cA pesquisa buscou avaliar os impactos da pandemia sobre o rendimento do trabalho e o impacto do aux\u00edlio emergencial na renda domiciliar. A gente mediu os efeitos atrav\u00e9s da diferen\u00e7a entre a renda efetivamente recebida e a renda habitualmente recebida. Os dados da PNAD mostraram que no m\u00eas de maio a renda efetiva foi s\u00f3 82% da habitual. Uma queda dessa magnitude, sem d\u00favida, foi pelo impacto da pandemia\u201d, explicou Sacchet de Carvalho.<\/p>\n\n\n\n<h2 class=\"wp-block-heading\">3 &#8211; Anunciantes voltar\u00e3o em breve, diz Zuckerberg<\/h2>\n\n\n\n<p>Presidente executivo do Facebook, Mark Zuckerberg parece <strong>n\u00e3o estar t\u00e3o preocupado com o <a href=\"https:\/\/investnews.com.br\/negocios\/boicote-ao-facebook-gigantes-globais-estendem-acao-ao-brasil\/\" class=\"rank-math-link\">boicote<\/a><\/strong> promovido contra a empresa, afirmaram alguns funcion\u00e1rios que estiveram presentes em reuni\u00e3o com o fundador da rede social. Segundo o site americano especializado em tecnologia &#8220;The Information&#8221;, o executivo teria dito que estava relutante a encarar o movimento e chegou a apostar que os anunciantes voltariam para a plataforma em breve.<\/p>\n\n\n\n<p>De acordo com esses funcion\u00e1rios, Zuckerberg deu a declara\u00e7\u00e3o na sexta-feira (26) em uma reuni\u00e3o virtual. No mesmo dia, o movimento liderado pela campanha Stop Hate For Profit tinha o apoio de grandes empresas como Unilever e Verizon. A campanha pressiona o Facebook para ser <strong>mais ativo na remo\u00e7\u00e3o de conte\u00fados com discursos de \u00f3dio<\/strong>. No mesmo dia, o presidente do Facebook divulgou um comunicado, afirmando que iria proibir outras categorias, consideradas como discurso de \u00f3dio, principalmente as relacionadas \u00e0 alega\u00e7\u00f5es de viol\u00eancia e seguran\u00e7a por parte de grupos \u00e9tnicos e religiosos.<\/p>\n\n\n\n<p>Segundo o &#8220;The Information&#8221;, para Zuckerberg, a maior preocupa\u00e7\u00e3o \u00e9 relacionada \u00e0 reputa\u00e7\u00e3o e parcerias de sua empresa e n\u00e3o necessariamente \u00e0s finan\u00e7as. A emissora americana CNN mostrou que s\u00f3 tr\u00eas dos maiores anunciantes do Facebook &#8211; Microsoft, Starbucks e Pfizer &#8211; haviam aderido ao boicote.<\/p>\n\n\n\n<h2 class=\"wp-block-heading\">4 &#8211; Decreto autoriza prorrogar antecipa\u00e7\u00f5es relativas ao aux\u00edlio-doen\u00e7a at\u00e9 outubro<\/h2>\n\n\n\n<p>O governo federal autorizou o Instituto Nacional do Seguro Social (INSS) a <strong>prorrogar o per\u00edodo de antecipa\u00e7\u00f5es relativas ao aux\u00edlio-doen\u00e7a<\/strong> at\u00e9 31 de outubro de 2020. A autoriza\u00e7\u00e3o foi dada por meio do Decreto 10.413, publicado em edi\u00e7\u00e3o extra do Di\u00e1rio Oficial da Uni\u00e3o (DOU) que circulou na noite desta quinta-feira (2).<\/p>\n\n\n\n<p>Conforme o\u00a0jornal &#8220;O Estado de S. Paulo&#8221;\u00a0informou na semana passada, a prorroga\u00e7\u00e3o vinha sendo estudada pela Secretaria Especial de Previd\u00eancia e Trabalho. No in\u00edcio de abril deste ano, o governo federal autorizou a antecipa\u00e7\u00e3o do pagamento de <strong>um <a href=\"https:\/\/investnews.com.br\/guias\/salario-minimo\/\">sal\u00e1rio m\u00ednimo<\/a> (R$ 1.045,00)<\/strong> para os benefici\u00e1rios do aux\u00edlio-doen\u00e7a e <strong>a antecipa\u00e7\u00e3o do valor do aux\u00edlio emergencial (R$ 600,00)<\/strong> para os requerentes do benef\u00edcio de presta\u00e7\u00e3o continuada no caso de pessoas com defici\u00eancia ou idoso, at\u00e9 a realiza\u00e7\u00e3o pelo INSS da per\u00edcia m\u00e9dica.<\/p>\n\n\n\n<p><strong>Sem a per\u00edcia presencial<\/strong>, o segurado n\u00e3o pode receber o benef\u00edcio, recebendo apenas a antecipa\u00e7\u00e3o autorizada pelo governo. Quando as ag\u00eancias do INSS reabrirem, o segurado dever\u00e1 passar por per\u00edcia e a diferen\u00e7a do benef\u00edcio ser\u00e1 paga.<\/p>\n\n\n\n<h2 class=\"wp-block-heading\">5 &#8211; Presidente da Caixa diz sentir retomada no setor imobili\u00e1rio<\/h2>\n\n\n\n<p>O presidente da Caixa Econ\u00f4mica Federal, Pedro Guimar\u00e3es, afirmou nesta quinta-feira (2) que j\u00e1 h\u00e1 uma percep\u00e7\u00e3o de retomada no setor imobili\u00e1rio no m\u00eas de junho. &#8220;Estamos otimistas com os pr\u00f3ximos meses em termos de economia&#8221;, afirmou, durante coletiva virtual de imprensa.<\/p>\n\n\n\n<p><strong>LEIA MAIS: <\/strong><\/p>\n\n\n\n<p><strong><a href=\"https:\/\/investnews.com.br\/economia\/credito-imobiliario-caixa-lanca-registro-eletronico-para-contrato-habitacional\/\" class=\"rank-math-link\">Cr\u00e9dito imobili\u00e1rio: Caixa lan\u00e7a registro eletr\u00f4nico para contrato habitacional<\/a><\/strong><\/p>\n\n\n\n<p><strong><a href=\"https:\/\/investnews.com.br\/cafeina\/entrevista-a-caixa-nao-cometera-erros-de-10-anos-atras-diz-pedro-guimaraes\/\" class=\"rank-math-link\">Entrevista: \u2018A Caixa n\u00e3o cometer\u00e1 erros de 10 anos atr\u00e1s\u2019, diz Pedro Guimar\u00e3es<\/a><\/strong><\/p>\n\n\n\n<p>A Caixa anunciou nesta quinta medidas para o setor imobili\u00e1rio, tanto para pessoas f\u00edsicas quanto para construtoras.<\/p>\n\n\n\n<p><strong>&#8220;Fizemos R$ 11,1 bilh\u00f5es em contrata\u00e7\u00f5es em junho de cr\u00e9dito imobili\u00e1rio&#8221;<\/strong>, disse Guimar\u00e3es, durante sua apresenta\u00e7\u00e3o.<\/p>\n\n\n\n<p>Ele reconheceu, por\u00e9m, que o m\u00eas de abril &#8211; quando houve acirramento da crise gerada pela pandemia do novo coronav\u00edrus &#8211; foi de dificuldades para o setor.<\/p>\n\n\n\n<p><em>*Com Estad\u00e3o Conte\u00fado e Ag\u00eancia Brasil<\/em><\/p>\n","protected":false},"excerpt":{"rendered":"<p>Preocupados com a imagem do Brasil no exterior, relacionada aos desmatamentos na Amaz\u00f4nia, o governo pretende agir para impedir a fuga de recursos.<\/p>\n","protected":false},"author":17,"featured_media":13250,"comment_status":"closed","ping_status":"open","sticky":false,"template":"","format":"standard","meta":{"_acf_changed":false,"inline_featured_image":false,"footnotes":""},"categories":[5],"tags":[58,54,932,234,1136,778],"autor-wsj":[],"coauthors":[1498],"class_list":["post-13837","post","type-post","status-publish","format-standard","has-post-thumbnail","hentry","category-economia","tag-caixa-economica-federal","tag-ibge","tag-instituicoes-financeiras","tag-jair-bolsonaro","tag-mark-zuckerberg","tag-mercado-imobiliario"],"acf":[],"amp_enabled":true,"_links":{"self":[{"href":"https:\/\/investnews.com.br\/inv-api\/wp\/v2\/posts\/13837","targetHints":{"allow":["GET"]}}],"collection":[{"href":"https:\/\/investnews.com.br\/inv-api\/wp\/v2\/posts"}],"about":[{"href":"https:\/\/investnews.com.br\/inv-api\/wp\/v2\/types\/post"}],"author":[{"embeddable":true,"href":"https:\/\/investnews.com.br\/inv-api\/wp\/v2\/users\/17"}],"replies":[{"embeddable":true,"href":"https:\/\/investnews.com.br\/inv-api\/wp\/v2\/comments?post=13837"}],"version-history":[{"count":2,"href":"https:\/\/investnews.com.br\/inv-api\/wp\/v2\/posts\/13837\/revisions"}],"predecessor-version":[{"id":13847,"href":"https:\/\/investnews.com.br\/inv-api\/wp\/v2\/posts\/13837\/revisions\/13847"}],"wp:featuredmedia":[{"embeddable":true,"href":"https:\/\/investnews.com.br\/inv-api\/wp\/v2\/media\/13250"}],"wp:attachment":[{"href":"https:\/\/investnews.com.br\/inv-api\/wp\/v2\/media?parent=13837"}],"wp:term":[{"taxonomy":"category","embeddable":true,"href":"https:\/\/investnews.com.br\/inv-api\/wp\/v2\/categories?post=13837"},{"taxonomy":"post_tag","embeddable":true,"href":"https:\/\/investnews.com.br\/inv-api\/wp\/v2\/tags?post=13837"},{"taxonomy":"autor-wsj","embeddable":true,"href":"https:\/\/investnews.com.br\/inv-api\/wp\/v2\/autor-wsj?post=13837"},{"taxonomy":"author","embeddable":true,"href":"https:\/\/investnews.com.br\/inv-api\/wp\/v2\/coauthors?post=13837"}],"curies":[{"name":"wp","href":"https:\/\/api.w.org\/{rel}","templated":true}]}}