{"id":14119,"date":"2020-07-08T08:46:24","date_gmt":"2020-07-08T11:46:24","guid":{"rendered":"https:\/\/investnews.com.br\/?p=14119"},"modified":"2024-06-26T12:28:10","modified_gmt":"2024-06-26T15:28:10","slug":"5-fatos-para-saber-hoje-135-mil-lojas-abrem-e-commerce-saida-dos-eua-da-oms","status":"publish","type":"post","link":"https:\/\/investnews.com.br\/economia\/5-fatos-para-saber-hoje-135-mil-lojas-abrem-e-commerce-saida-dos-eua-da-oms\/","title":{"rendered":"5 fatos para saber hoje: e-commerce abre 135 mil lojas; EUA sair\u00e3o da OMS"},"content":{"rendered":"\n<h2 class=\"wp-block-heading\">1 &#8211; Desde o in\u00edcio da pandemia, e-commerce brasileiro j\u00e1 ganhou 135 mil lojas<\/h2>\n\n\n\n<p>Segundo a Associa\u00e7\u00e3o Brasileira de Com\u00e9rcio Eletr\u00f4nico (ABComm), desde o in\u00edcio da pandemia <strong>mais de 135 mil lojas aderiram \u00e0s vendas pelo com\u00e9rcio eletr\u00f4nico para continuar vendendo e mantendo-se no mercado<\/strong>. A m\u00e9dia mensal antes da pandemia era de 10 mil lojas por m\u00eas.<\/p>\n\n\n\n<p><strong>LEIA MAIS:<\/strong><\/p>\n\n\n\n<p><strong><a href=\"https:\/\/investnews.com.br\/conta\/pandemia-acelera-inclusao-de-milhoes-de-clientes-no-e-commerce-ceo-da-visa\/\" class=\"rank-math-link\">\u2018Pandemia acelera inclus\u00e3o de milh\u00f5es de clientes no e-commerce\u2019: CEO da Visa<\/a><\/strong><\/p>\n\n\n\n<p>A institui\u00e7\u00e3o diz que os setores mais aquecidos na abertura de estabelecimentos virtuais s\u00e3o os de <strong>moda, alimentos e servi\u00e7os<\/strong>. &#8220;\u00c9 importante ressaltar que essas 135 mil s\u00e3o lojas ativas e que realmente t\u00eam produtos\/servi\u00e7os para oferecer. Ou seja, um n\u00famero gigante de lojas realmente ativas e vendendo&#8221;, diz o presidente da ABComm, Maur\u00edcio Salvador.<\/p>\n\n\n\n<p>Em junho, a associa\u00e7\u00e3o observou aumento de reclama\u00e7\u00f5es relacionadas \u00e0 demora de entrega de infraestrutura das lojas virtuais. Uma das maiores empresas do ramo, a Vtex, chegou a fazer, ainda em maio deste ano, uma transmiss\u00e3o ao vivo para clientes explicando falhas relativas ao aumento de demanda da sua plataforma Loja Integrada, que atende pequenos varejistas, como noticiou o Broadcast, sistema de not\u00edcias em tempo real do &#8220;Grupo Estado&#8221;.<\/p>\n\n\n\n<h2 class=\"wp-block-heading\">2 &#8211; Sa\u00edda dos Estados Unidos da OMS ocorrer\u00e1 em julho de 2021<\/h2>\n\n\n\n<p><strong>Os Estados Unidos (EUA) deixar\u00e3o a Organiza\u00e7\u00e3o Mundial da Sa\u00fade (OMS) em<\/strong> <strong>julho de 2021<\/strong>, anunciou a Organiza\u00e7\u00e3o das Na\u00e7\u00f5es Unidas (ONU) nessa&nbsp;ter\u00e7a-feira (7), ap\u00f3s receber notifica\u00e7\u00e3o formal de decis\u00e3o tomada pelo presidente norte-americano Donald Trump h\u00e1&nbsp;um m\u00eas.<\/p>\n\n\n\n<p>Trump teve que dar o aviso, com um ano de anteced\u00eancia, da retirada de seu pa\u00eds da ag\u00eancia da ONU baseada em Genebra, \u00e0 qual Washington d\u00e1 suporte financeiro. Os EUA devem atualmente mais de US$ 200 milh\u00f5es em contribui\u00e7\u00f5es, de acordo com o&nbsp;<em>site<\/em>&nbsp;da OMS.<\/p>\n\n\n\n<p>Ap\u00f3s mais de 70 anos de filia\u00e7\u00e3o, o pa\u00eds tomou a iniciativa de se retirar, ap\u00f3s <strong>Trump acusar o \u00f3rg\u00e3o de&nbsp;ter&nbsp;se tornado uma marionete da China em meio \u00e0 pandemia do novo coronav\u00edrus<\/strong>. O v\u00edrus apareceu na cidade chinesa de Wuhan no fim do ano passado.&nbsp;<\/p>\n\n\n\n<p>&#8220;O secret\u00e1rio-geral est\u00e1 no processo de verificar com a Organiza\u00e7\u00e3o Mundial da Sa\u00fade se todas as condi\u00e7\u00f5es para a retirada ser\u00e3o cumpridas&#8221;, disse o porta-voz da ONU, Stephane Dujarric.<\/p>\n\n\n\n<h2 class=\"wp-block-heading\">3 &#8211; Claro vai ativar sinal de 5G em SP e Rio na semana que vem<\/h2>\n\n\n\n<p>A aguardada tecnologia de internet m\u00f3vel de quinta gera\u00e7\u00e3o (5G) j\u00e1 tem data e local para estrear no Brasil. Ela ser\u00e1 ativada na pr\u00f3xima ter\u00e7a-feira (14) em S\u00e3o Paulo e no Rio de Janeiro, com a cobertura restrita a alguns bairros. <strong>Esta ser\u00e1 a primeira rede 5G da Am\u00e9rica Latina<\/strong>.<\/p>\n\n\n\n<p>Por enquanto, a novidade ser\u00e1 uma <a href=\"https:\/\/investnews.com.br\/financas\/como-negociar-contas-na-quarentena\/\" class=\"rank-math-link\">exclusividade da Claro<\/a>. A operadora decidiu tomar um &#8220;atalho&#8221; para ofertar a nova gera\u00e7\u00e3o de internet antes das suas concorrentes. <strong>A operadora vai empregar uma tecnologia desenvolvida pela Ericsson que permitir\u00e1 \u00e0 tele ligar o 5G nas frequ\u00eancias (esp\u00e9cies de &#8220;rodovias&#8221; por onde trafegam os sinais) j\u00e1 usadas para 4G, 3G e 2G<\/strong>. A mesma estrat\u00e9gia foi adotada recentemente por operadoras que quiseram antecipar a cobertura em pa\u00edses como EUA, Alemanha e Su\u00ed\u00e7a, por exemplo.<\/p>\n\n\n\n<p>A rede, no entanto, n\u00e3o vai desfrutar de outras vantagens do 5G, como a baixa lat\u00eancia (esp\u00e9cie de tempo de rea\u00e7\u00e3o entre um pacote de dados ser enviado para a rede e retornar ao dispositivo). \u00c9 um dos fatores mais importantes para a tecnologia, que pode garantir, por exemplo, a seguran\u00e7a de <a href=\"https:\/\/investnews.com.br\/negocios\/pandemia-acelera-demanda-por-drones\/\" class=\"rank-math-link\">carros sem motorista<\/a> nas ruas.<\/p>\n\n\n\n<h2 class=\"wp-block-heading\">4 &#8211; Governo quer desonera\u00e7\u00e3o da folha na reforma tribut\u00e1ria<\/h2>\n\n\n\n<p><strong>O ministro da Economia, Paulo Guedes, prefere discutir a desonera\u00e7\u00e3o da folha na reforma tribut\u00e1ria<\/strong>. Promessa de campanha do presidente Jair Bolsonaro, a implementa\u00e7\u00e3o de uma desonera\u00e7\u00e3o ampla da folha enfrenta, no entanto, dificuldades por conta das restri\u00e7\u00f5es or\u00e7ament\u00e1rias para bancar a retirada de encargos pagos hoje pelas empresas.<\/p>\n\n\n\n<p>Para lideran\u00e7as do Congresso, por tr\u00e1s do veto \u00e0 prorroga\u00e7\u00e3o da desonera\u00e7\u00e3o da folha estaria <a href=\"https:\/\/investnews.com.br\/flash\/por-que-paulo-guedes-quer-taxar-dividendos-ibovespa-toca-99-mil-pontos\/\" class=\"rank-math-link\">a tentativa de Guedes<\/a> de buscar ambiente pol\u00edtico para a cria\u00e7\u00e3o de um imposto sobre as transa\u00e7\u00f5es digitais, nos moldes da antiga CPMF, como &#8220;salva\u00e7\u00e3o&#8221; de empregos depois da pandemia da covid-19.<\/p>\n\n\n\n<p>Nos \u00faltimos dias, o ministro voltou a falar no tributo, ao defender que n\u00e3o haja a interdi\u00e7\u00e3o do debate no Congresso. A proposta, por\u00e9m, enfrenta forte resist\u00eancia no Congresso.<\/p>\n\n\n\n<p><strong>Uma das alternativas \u00e9 come\u00e7ar a fazer a desonera\u00e7\u00e3o da folha de forma gradual<\/strong>. A equipe econ\u00f4mica prepara um programa para desobrigar empresas de pagar impostos sobre a folha na contrata\u00e7\u00e3o de jovens e pessoas que est\u00e3o sem carteira assinada. Essa desonera\u00e7\u00e3o inicial poderia ser bancada com recursos do Sistema S. Assim, o governo avalia que ganharia tempo para trabalhar melhor no Congresso a possibilidade de emplacar a ideia do novo tributo.<\/p>\n\n\n\n<h2 class=\"wp-block-heading\">5 &#8211; C\u00e2mara aprova texto-base da medida provis\u00f3ria de socorro ao setor a\u00e9reo<\/h2>\n\n\n\n<p><strong>A C\u00e2mara aprovou o texto-base da Medida Provis\u00f3ria (925) de socorro ao setor a\u00e9reo<\/strong>. A vota\u00e7\u00e3o foi simb\u00f3lica, sem contagem de votos. Deputados n\u00e3o chegaram a votar os destaques, pedidos de altera\u00e7\u00e3o ao texto. Essa an\u00e1lise ser\u00e1 feita s\u00f3 amanh\u00e3. Depois da conclus\u00e3o dessa fase, a proposta ir\u00e1 ao Senado.<\/p>\n\n\n\n<p>A proposta determina que as companhias a\u00e9reas <strong>ter\u00e3o prazo de at\u00e9 12 meses para devolver aos consumidores o valor das passagens<\/strong> compradas entre 19 de mar\u00e7o e 31 de dezembro de 2020 e canceladas em raz\u00e3o do agravamento da pandemia.<\/p>\n\n\n\n<p>Pelo texto do relator, deputado Arthur Oliveira Maia (DEM-BA), consumidor ter\u00e1 ainda a op\u00e7\u00e3o de receber cr\u00e9dito, ao inv\u00e9s de reembolso, que poder\u00e1 ser utilizado at\u00e9 dezoito meses, a contar de seu recebimento. Na proposta original do governo esse prazo era menor, de 12 meses.<\/p>\n\n\n\n<p><em>*Com Estad\u00e3o Conte\u00fado e Ag\u00eancia Brasil<\/em><\/p>\n","protected":false},"excerpt":{"rendered":"<p>Segundo anuncio do \u00f3rg\u00e3o, a sa\u00edda formal s\u00f3 ocorre no ano que vem com as condi\u00e7\u00f5es para retirada cumpridas.<\/p>\n","protected":false},"author":17,"featured_media":10540,"comment_status":"closed","ping_status":"open","sticky":false,"template":"","format":"standard","meta":{"_acf_changed":false,"inline_featured_image":false,"footnotes":""},"categories":[5],"tags":[1435,1042,79,869,78,234,418,347,432,1155],"autor-wsj":[],"coauthors":[1498],"class_list":["post-14119","post","type-post","status-publish","format-standard","has-post-thumbnail","hentry","category-economia","tag-5g","tag-claro","tag-donald-trump","tag-e-commerce","tag-estados-unidos","tag-jair-bolsonaro","tag-oms","tag-paulo-guedes","tag-reforma-tributaria","tag-setor-aereo"],"acf":[],"amp_enabled":true,"_links":{"self":[{"href":"https:\/\/investnews.com.br\/inv-api\/wp\/v2\/posts\/14119","targetHints":{"allow":["GET"]}}],"collection":[{"href":"https:\/\/investnews.com.br\/inv-api\/wp\/v2\/posts"}],"about":[{"href":"https:\/\/investnews.com.br\/inv-api\/wp\/v2\/types\/post"}],"author":[{"embeddable":true,"href":"https:\/\/investnews.com.br\/inv-api\/wp\/v2\/users\/17"}],"replies":[{"embeddable":true,"href":"https:\/\/investnews.com.br\/inv-api\/wp\/v2\/comments?post=14119"}],"version-history":[{"count":4,"href":"https:\/\/investnews.com.br\/inv-api\/wp\/v2\/posts\/14119\/revisions"}],"predecessor-version":[{"id":14170,"href":"https:\/\/investnews.com.br\/inv-api\/wp\/v2\/posts\/14119\/revisions\/14170"}],"wp:featuredmedia":[{"embeddable":true,"href":"https:\/\/investnews.com.br\/inv-api\/wp\/v2\/media\/10540"}],"wp:attachment":[{"href":"https:\/\/investnews.com.br\/inv-api\/wp\/v2\/media?parent=14119"}],"wp:term":[{"taxonomy":"category","embeddable":true,"href":"https:\/\/investnews.com.br\/inv-api\/wp\/v2\/categories?post=14119"},{"taxonomy":"post_tag","embeddable":true,"href":"https:\/\/investnews.com.br\/inv-api\/wp\/v2\/tags?post=14119"},{"taxonomy":"autor-wsj","embeddable":true,"href":"https:\/\/investnews.com.br\/inv-api\/wp\/v2\/autor-wsj?post=14119"},{"taxonomy":"author","embeddable":true,"href":"https:\/\/investnews.com.br\/inv-api\/wp\/v2\/coauthors?post=14119"}],"curies":[{"name":"wp","href":"https:\/\/api.w.org\/{rel}","templated":true}]}}