{"id":14451,"date":"2020-07-13T14:53:03","date_gmt":"2020-07-13T17:53:03","guid":{"rendered":"https:\/\/investnews.com.br\/?p=14451"},"modified":"2021-07-27T10:55:15","modified_gmt":"2021-07-27T13:55:15","slug":"acao-da-ambipar-dispara-em-estreia-na-b3","status":"publish","type":"post","link":"https:\/\/investnews.com.br\/financas\/acao-da-ambipar-dispara-em-estreia-na-b3\/","title":{"rendered":"A\u00e7\u00e3o da Ambipar dispara mais de 17% em estreia na B3"},"content":{"rendered":"\n<p>Ancorada no crescente interesse dos investidores em quest\u00f5es relacionadas \u00e0 sustentabilidade, a <a class=\"rank-math-link\" href=\"https:\/\/investnews.com.br\/flash\/euforia-chega-as-acoes-da-vale-e-siderurgicas-ambipar-dispara-17-no-ipo\/\">Ambipar estreou nesta segunda-feira na B3,<\/a> ap\u00f3s <strong>registrar uma das ofertas iniciais de a\u00e7\u00f5es (<a href=\"https:\/\/investnews.com.br\/guias\/ipo-o-que-e-e-como-funciona\/\">IPO<\/a>, na sigla em ingl\u00eas) com maior demanda da hist\u00f3ria recente do Pa\u00eds. <\/strong><\/p>\n\n\n\n<p>Os pedidos dos investidores pelas a\u00e7\u00f5es superaram em mais de dez vezes as a\u00e7\u00f5es que foram ofertadas. Com R$ 1,08 bilh\u00e3o indo ao caixa da empresa, a Ambipar prepara agora uma nova onda de crescimento, mirando aquisi\u00e7\u00f5es.<\/p>\n\n\n\n<p>Al\u00e9m da gest\u00e3o ambiental e de respostas a emerg\u00eancias, a Ambipar ao longo desses \u00faltimos meses trabalhou no combate ao novo coronav\u00edrus, tese que foi muito bem-recebida pelos investidores.<\/p>\n\n\n\n<p><strong>Quest\u00e3o relacionadas \u00e0 pauta &#8216;ESG&#8217; &#8211; ambiental, social e de governan\u00e7a, pelas siglas em ingl\u00eas &#8211; \u00e9 um avan\u00e7o importante no mercado &#8211; e um caminho sem volta<\/strong>, comentou o presidente da B3, Gilson Finkelsztain, em cerim\u00f4nia de comemora\u00e7\u00e3o de chegada da companhia \u00e0 Bolsa. <\/p>\n\n\n\n<p>O executivo citou que o momento de estreia da <a class=\"rank-math-link\" href=\"https:\/\/investnews.com.br\/negocios\/gisele-bundchen-se-torna-acionista-da-ambipar-e-integrante-de-comite-sustentavel\/\">Ambipar<\/a> n\u00e3o poderia ser mais adequado, dado todo o <a href=\"https:\/\/investnews.com.br\/economia\/mourao-gestores-dos-fundos-querem-ver-resultado-na-reducao-do-desmatamento\/\" class=\"rank-math-link\">pano de fundo de cobran\u00e7a da sociedade por mais sustentabilidade das companhias<\/a> &#8211; incluindo dos grandes investidores. &#8220;Al\u00e9m disso \u00e9 importante termos empresas de diferentes setores, \u00e9 uma diversifica\u00e7\u00e3o importante, torna a Bolsa mais representativa e traz mais amadurecimento ao mercado&#8221;, disse.<\/p>\n\n\n\n<p>Em mais de tr\u00eas meses de quarentena mandat\u00f3ria para conter a dissemina\u00e7\u00e3o do novo coronav\u00edrus impedindo a realiza\u00e7\u00e3o de eventos, <strong>esse \u00e9 o terceiro IPO na B3 com cerim\u00f4nia virtual &#8211; antes estrearam assim Estapar e Aura Minerals.<\/strong> A comemora\u00e7\u00e3o de vinte minutos hoje substituiu o sal\u00e3o da B3 decorado com o tema da empresa e que muitas vezes ficava lotado. O IPO em tempos de pandemia \u00e9 feito em reuni\u00f5es virtuais e comemorado tamb\u00e9m por videoconfer\u00eancia.<\/p>\n\n\n\n<p>A presidente da Ambipar, Cristina Andriotti, afirma que a empresa, agora de capital aberto, continuar\u00e1 com seu trabalho de forma transparente e sustent\u00e1vel, &#8220;garantindo a perenidade da empresa e um futuro melhor para as futuras gera\u00e7\u00f5es&#8221;. &#8220;Listados no Novo Mercado temos o compromisso de entregar valor para investidores e acionistas&#8221;, disse Andriotti.<\/p>\n\n\n\n<p>Com o nome pouco conhecido entre investidores antes de partir para o roadshow, a Ambipar atuou na gest\u00e3o da trag\u00e9dia de Brumadinho (MG), com o rompimento da barragem da Vale, em janeiro de 2019. Na pandemia, a Ambipar passou a vender e alugar o &#8220;t\u00fanel de descontamina\u00e7\u00e3o&#8221;, que funciona por meio de uma centrifuga\u00e7\u00e3o \u00e0 base de oz\u00f4nio.<\/p>\n\n\n\n<p>Foram coordenadores da oferta Bradesco BBI, BTG Pactual e Bank os America Merril Lynch.<\/p>\n\n\n\n<p><em>*Com Estad\u00e3o Conte\u00fado<\/em><\/p>\n","protected":false},"excerpt":{"rendered":"<p>Demanda dos investidores foi a maior da hist\u00f3ria recente da bolsa brasileira, no terceiro IPO durante a pandemia.<\/p>\n","protected":false},"author":7,"featured_media":14457,"comment_status":"closed","ping_status":"open","sticky":false,"template":"","format":"standard","meta":{"_acf_changed":false,"inline_featured_image":false,"footnotes":""},"categories":[4],"tags":[226,223],"autor-wsj":[],"coauthors":[1494],"class_list":["post-14451","post","type-post","status-publish","format-standard","has-post-thumbnail","hentry","category-financas","tag-bolsa-de-valores","tag-financas-pessoais"],"acf":[],"amp_enabled":true,"_links":{"self":[{"href":"https:\/\/investnews.com.br\/inv-api\/wp\/v2\/posts\/14451","targetHints":{"allow":["GET"]}}],"collection":[{"href":"https:\/\/investnews.com.br\/inv-api\/wp\/v2\/posts"}],"about":[{"href":"https:\/\/investnews.com.br\/inv-api\/wp\/v2\/types\/post"}],"author":[{"embeddable":true,"href":"https:\/\/investnews.com.br\/inv-api\/wp\/v2\/users\/7"}],"replies":[{"embeddable":true,"href":"https:\/\/investnews.com.br\/inv-api\/wp\/v2\/comments?post=14451"}],"version-history":[{"count":6,"href":"https:\/\/investnews.com.br\/inv-api\/wp\/v2\/posts\/14451\/revisions"}],"predecessor-version":[{"id":264678,"href":"https:\/\/investnews.com.br\/inv-api\/wp\/v2\/posts\/14451\/revisions\/264678"}],"wp:featuredmedia":[{"embeddable":true,"href":"https:\/\/investnews.com.br\/inv-api\/wp\/v2\/media\/14457"}],"wp:attachment":[{"href":"https:\/\/investnews.com.br\/inv-api\/wp\/v2\/media?parent=14451"}],"wp:term":[{"taxonomy":"category","embeddable":true,"href":"https:\/\/investnews.com.br\/inv-api\/wp\/v2\/categories?post=14451"},{"taxonomy":"post_tag","embeddable":true,"href":"https:\/\/investnews.com.br\/inv-api\/wp\/v2\/tags?post=14451"},{"taxonomy":"autor-wsj","embeddable":true,"href":"https:\/\/investnews.com.br\/inv-api\/wp\/v2\/autor-wsj?post=14451"},{"taxonomy":"author","embeddable":true,"href":"https:\/\/investnews.com.br\/inv-api\/wp\/v2\/coauthors?post=14451"}],"curies":[{"name":"wp","href":"https:\/\/api.w.org\/{rel}","templated":true}]}}