{"id":14463,"date":"2020-07-13T16:30:00","date_gmt":"2020-07-13T19:30:00","guid":{"rendered":"https:\/\/investnews.com.br\/?p=14463"},"modified":"2020-07-13T15:06:13","modified_gmt":"2020-07-13T18:06:13","slug":"allianz-preve-faturar-r-7-bi-com-braco-de-seguro-auto-da-sulamerica","status":"publish","type":"post","link":"https:\/\/investnews.com.br\/negocios\/allianz-preve-faturar-r-7-bi-com-braco-de-seguro-auto-da-sulamerica\/","title":{"rendered":"Allianz prev\u00ea faturar R$ 7 bi com bra\u00e7o de seguro auto da SulAm\u00e9rica"},"content":{"rendered":"\n<p>Com a <strong>conclus\u00e3o da compra das opera\u00e7\u00f5es de autom\u00f3veis e ramos elementares da SulAm\u00e9rica (SULA11), a Allianz projeta um faturamento total de R$ 7 bilh\u00f5es<\/strong> no ano de 2020, ante R$ 3,3 bilh\u00f5es no ano passado. Segundo o CEO da seguradora no Brasil, Eduard Folch, com a aquisi\u00e7\u00e3o, 75% dos pr\u00eamios passam a ser originados pelo segmento de autom\u00f3veis, com uma frota segurada de 2,6 milh\u00f5es de unidades, das quais 1,6 milh\u00e3o vindos da SulAm\u00e9rica.<\/p>\n\n\n\n<p>&#8220;Passamos a ser o segundo no ranking em seguros de autom\u00f3veis, com aproximadamente 14% do mercado. E compramos n\u00e3o s\u00f3 a carteira, mas toda a opera\u00e7\u00e3o, inclusive estrutura tecnol\u00f3gica e rela\u00e7\u00e3o com corretores. S\u00e3o cerca de 1,7 mil funcion\u00e1rios da SulAm\u00e9rica incorporados pela Allianz&#8221;, explica Folch. <\/p>\n\n\n\n<p>Este ano, entre janeiro e maio, a <strong>Allianz acumula pr\u00eamios em seguros de autom\u00f3veis de R$ 833,6 milh\u00f5es<\/strong>, aumento de 12,8% em rela\u00e7\u00e3o ao mesmo per\u00edodo de 2019. Enquanto isso, o mercado em geral amarga queda de 7,5% na mesma base de compara\u00e7\u00e3o, segundo dados da Superintend\u00eancia de Seguros Privados (Susep).<\/p>\n\n\n\n<p>O executivo conta que haver\u00e1 um processo gradual de troca da marca, tanto para os corretores quanto para os segurados. &#8220;Acreditamos que esse processo vai levar alguns meses&#8221;, afirma o CEO da Allianz. Folch ressalta que foram absorvidos muitos colaboradores da equipe comercial, para que os corretores n\u00e3o sintam uma mudan\u00e7a muito brusca.<\/p>\n\n\n\n<p>No que diz respeito ao momento de crise por conta da pandemia de covid-19, Folch conta que dentro da Allianz, nas \u00faltimas semanas, j\u00e1 se verifica uma demanda semelhante \u00e0quela antes do in\u00edcio das medidas de restri\u00e7\u00f5es sociais. &#8220;De qualquer forma, esse \u00e9 um investimento de longo prazo, e acreditamos em uma retomada mais forte da economia e do mercado segurador a partir de 2021&#8221;.<\/p>\n\n\n\n<h2 class=\"wp-block-heading\"><strong>Seguro residencial<\/strong><\/h2>\n\n\n\n<p>Em outros produtos dentro do segmento de ramos elementares, a Allianz passa a ser a primeira no ranking de seguro condom\u00ednio, somando mais de 100 mil contratos com pequenas e m\u00e9dias empresas, e 550 mil im\u00f3veis com seguro residencial. <\/p>\n\n\n\n<p>Este \u00faltimo produto \u00e9 um dos que apresentam maior ritmo de crescimento dentro da Allianz. No ano passado, os pr\u00eamios cresceram quase 72% em rela\u00e7\u00e3o a 2018 e, no acumulado at\u00e9 maio deste ano, houve um avan\u00e7o de 41%. Em todo o mercado, segundo dados da Susep, o crescimento dos pr\u00eamios foi de 5,8% no ano passado, enquanto neste ano o produto registra queda acumulada de 5%.<\/p>\n\n\n\n<p>Segundo Folch, ainda \u00e9 grande o potencial de crescimento do seguro residencial no Brasil. &#8220;Este deveria ser o primeiro seguro adquirido pelas pessoas. Na Europa, j\u00e1 \u00e9 um produto bem consolidado, presente entre 85% a 90% das casas&#8221;, explica.<\/p>\n\n\n\n<p><em>*Com Estad\u00e3o Conte\u00fado<\/em><\/p>\n","protected":false},"excerpt":{"rendered":"<p>Seguradora alem\u00e3 passa a ser a segunda maior no ramo de autom\u00f3veis no Brasil com a conclus\u00e3o do neg\u00f3cio.<\/p>\n","protected":false},"author":7,"featured_media":14465,"comment_status":"closed","ping_status":"open","sticky":false,"template":"","format":"standard","meta":{"_acf_changed":false,"inline_featured_image":false,"footnotes":""},"categories":[6],"tags":[802,864,1668,1114],"autor-wsj":[],"coauthors":[1494],"class_list":["post-14463","post","type-post","status-publish","format-standard","has-post-thumbnail","hentry","category-negocios","tag-automoveis","tag-montadoras","tag-sulamerica","tag-saude"],"acf":[],"amp_enabled":true,"_links":{"self":[{"href":"https:\/\/investnews.com.br\/inv-api\/wp\/v2\/posts\/14463","targetHints":{"allow":["GET"]}}],"collection":[{"href":"https:\/\/investnews.com.br\/inv-api\/wp\/v2\/posts"}],"about":[{"href":"https:\/\/investnews.com.br\/inv-api\/wp\/v2\/types\/post"}],"author":[{"embeddable":true,"href":"https:\/\/investnews.com.br\/inv-api\/wp\/v2\/users\/7"}],"replies":[{"embeddable":true,"href":"https:\/\/investnews.com.br\/inv-api\/wp\/v2\/comments?post=14463"}],"version-history":[{"count":2,"href":"https:\/\/investnews.com.br\/inv-api\/wp\/v2\/posts\/14463\/revisions"}],"predecessor-version":[{"id":14466,"href":"https:\/\/investnews.com.br\/inv-api\/wp\/v2\/posts\/14463\/revisions\/14466"}],"wp:featuredmedia":[{"embeddable":true,"href":"https:\/\/investnews.com.br\/inv-api\/wp\/v2\/media\/14465"}],"wp:attachment":[{"href":"https:\/\/investnews.com.br\/inv-api\/wp\/v2\/media?parent=14463"}],"wp:term":[{"taxonomy":"category","embeddable":true,"href":"https:\/\/investnews.com.br\/inv-api\/wp\/v2\/categories?post=14463"},{"taxonomy":"post_tag","embeddable":true,"href":"https:\/\/investnews.com.br\/inv-api\/wp\/v2\/tags?post=14463"},{"taxonomy":"autor-wsj","embeddable":true,"href":"https:\/\/investnews.com.br\/inv-api\/wp\/v2\/autor-wsj?post=14463"},{"taxonomy":"author","embeddable":true,"href":"https:\/\/investnews.com.br\/inv-api\/wp\/v2\/coauthors?post=14463"}],"curies":[{"name":"wp","href":"https:\/\/api.w.org\/{rel}","templated":true}]}}