{"id":14487,"date":"2020-07-14T08:48:46","date_gmt":"2020-07-14T11:48:46","guid":{"rendered":"https:\/\/investnews.com.br\/?p=14487"},"modified":"2025-09-05T14:04:24","modified_gmt":"2025-09-05T17:04:24","slug":"5-fatos-para-saber-hoje-comecam-as-incricoes-do-prouni-saldos-da-reabertura","status":"publish","type":"post","link":"https:\/\/investnews.com.br\/economia\/5-fatos-para-saber-hoje-comecam-as-incricoes-do-prouni-saldos-da-reabertura\/","title":{"rendered":"5 fatos para saber hoje: come\u00e7am as incri\u00e7\u00f5es do Prouni; saldos da reabertura"},"content":{"rendered":"\n<h2 class=\"wp-block-heading\">1 &#8211; Inscri\u00e7\u00f5es para o Prouni come\u00e7am hoje, com quase 170 mil bolsas<\/h2>\n\n\n\n<p>As inscri\u00e7\u00f5es para o processo seletivo do Programa Universidade para Todos (Prouni) <strong>abrem hoje (13) e v\u00e3o at\u00e9 a sexta-feira (17)<\/strong>. A iniciativa do governo federal oferece bolsas de estudo em institui\u00e7\u00f5es de ensino superior privadas.<\/p>\n\n\n\n<p>Os interessados devem acessar o&nbsp;<a href=\"https:\/\/prounialuno.mec.gov.br\/\" target=\"_blank\" rel=\"noreferrer noopener\">portal do Prouni<\/a>&nbsp;e consultar as bolsas e cursos dispon\u00edveis. No site \u00e9 poss\u00edvel buscar por institui\u00e7\u00e3o, munic\u00edpio ou \u00e1rea de estudo.<\/p>\n\n\n\n<p>De acordo com o Minist\u00e9rio da Educa\u00e7\u00e3o, <strong>neste segundo processo seletivo foram disponibilizadas 167.780 bolsas em 1.061 faculdades particulares<\/strong>. Destas, 60.551 s\u00e3o bolsas integrais e 107.229, parciais.<\/p>\n\n\n\n<p>Para inscri\u00e7\u00e3o, \u00e9 preciso ter uma conta no&nbsp;<a rel=\"noreferrer noopener\" href=\"https:\/\/acesso.gov.br\/\" target=\"_blank\">portal de servi\u00e7os do governo federal<\/a>.<\/p>\n\n\n\n<h2 class=\"wp-block-heading\">2 &#8211; Abrasel: Fim de semana com restaurantes abertos mant\u00e9m faturamento 85% abaixo<\/h2>\n\n\n\n<p>O primeiro final de semana com <a href=\"https:\/\/investnews.com.br\/negocios\/cozinhas-compartilhadas-o-que-sao-as-cloud-kitchens\/\" class=\"rank-math-link\">bares e restaurantes<\/a> abertos em S\u00e3o Paulo manteve o faturamento registrado durante a semana. <strong>Os estabelecimentos reabertos alcan\u00e7aram de 15% a 20% do que costumavam faturar antes da pandemia de covid-19<\/strong>. Os dados s\u00e3o da Associa\u00e7\u00e3o Brasileira de Bares e Restaurantes (Abrasel).<\/p>\n\n\n\n<p>&#8220;Alguns dos bares que n\u00e3o abriram durante a semana tentaram abrir no s\u00e1bado e domingo, <strong>mas<\/strong> <strong>a restri\u00e7\u00e3o de hor\u00e1rio reduz muito as vendas<\/strong>. Cerca de 70% do faturamento do setor se d\u00e1 depois das 17h&#8221;, diz Paulo Solmucci, presidente da Abrasel. Segundo a associa\u00e7\u00e3o, cerca de 59% dos bares e restaurantes da cidade ainda preferem n\u00e3o abrir ao p\u00fablico.<\/p>\n\n\n\n<p>Solmucci diz que caso a restri\u00e7\u00e3o de hor\u00e1rio continue, estabelecimentos que tentaram reabrir podem optar pelo fechamento. &#8220;Reabrir tem custos. Gasta-se energia el\u00e9trica, os empreendedores deixam de usar <a href=\"https:\/\/investnews.com.br\/economia\/para-guedes-medidas-adotadas-pelo-governo-tem-conseguido-atenuar-crise\/\" class=\"rank-math-link\">medidas do governo<\/a> para a folha salarial&#8221;, lembra o presidente da Abrasel. Ele acredita que a amplia\u00e7\u00e3o do hor\u00e1rio garantiria inclusive menos aglomera\u00e7\u00f5es.<\/p>\n\n\n\n<p>Questionado a respeito das cenas vistas no bairro do Leblon, no Rio de Janeiro, Solmucci afirma que a amplia\u00e7\u00e3o de hor\u00e1rio n\u00e3o deve levar o problema a se repetir. &#8220;<strong>As cenas do fim de semana anterior, no Leblon, n\u00e3o se repetiram no restante da cidade<\/strong>. O importante \u00e9 denunci\u00e1-las e fiscaliz\u00e1-las para que n\u00e3o se repitam&#8221;, diz.<\/p>\n\n\n\n<h2 class=\"wp-block-heading\">3 &#8211; You Inc: Intervalo de pre\u00e7o proposto em IPO fica entre R$ 17,50 e R$ 23,50<\/h2>\n\n\n\n<p>A incorporadora You Inc divulgou nesta segunda-feira (13) detalhes sobre a sua oferta inicial de prim\u00e1ria e secund\u00e1ria de a\u00e7\u00f5es (<a href=\"https:\/\/investnews.com.br\/financas\/acao-da-ambipar-dispara-em-estreia-na-b3\/\" class=\"rank-math-link\">IPO<\/a>). <strong>O intervalo de pre\u00e7o por a\u00e7\u00e3o proposto ficar\u00e1 entre R$ 17,50 e R$ 23,50<\/strong>, e o valor ser\u00e1 definido ap\u00f3s procedimento de levantamento de demanda (<em>bookbuilding<\/em>).<\/p>\n\n\n\n<p>Ser\u00e3o emitidas 48 milh\u00f5es de novas a\u00e7\u00f5es ON, e a You pode lan\u00e7ar um lote suplementar com at\u00e9 7,2 milh\u00f5es de a\u00e7\u00f5es adicionais, das quais 2,8 milh\u00f5es novas e 4,4 milh\u00f5es que est\u00e3o em posse do atual <a href=\"https:\/\/investnews.com.br\/guias\/acionista-o-que-e-e-como-funciona\/\">acionista<\/a> da companhia. Se todos os pap\u00e9is forem vendidos no teto do intervalo de pre\u00e7o proposto, <strong>a oferta pode movimentar quase R$ 1,3 bilh\u00e3o, dos quais R$ 1,23 bilh\u00e3o iriam para o caixa da companhia<\/strong>.<\/p>\n\n\n\n<h2 class=\"wp-block-heading\">4 &#8211; Caixa recebe novo limite para Pronampe, agora de R$ 5,9 bi<\/h2>\n\n\n\n<p>A Caixa anunciou que teve contrados <a href=\"https:\/\/investnews.com.br\/negocios\/governo-anuncia-r-159-bi-para-emprestimos-a-pequenos-negocios\/\" class=\"rank-math-link\">R$ 4,24 bilh\u00f5es em cr\u00e9ditos<\/a> pelo Programa de Apoio \u00e0s Microempresas e Empresas de Pequeno Porte (Pronampe) nesta segunda-feira, e que <strong>recebeu do Minist\u00e9rio da Economia um acr\u00e9scimo de limite, que passou a ser de R$ 5,9 bilh\u00f5es<\/strong>.<\/p>\n\n\n\n<p>Junto com o Pronampe, o banco oferece tamb\u00e9m o Fundo de Aval para as Micro e Pequenas Empresas (Fampe), em parceria com o Sebrae para microempreendedores individuais e micro e pequenas empresas, sendo que as duas linhas superaram R$ 6 bilh\u00f5es em fomento ao segmento.<\/p>\n\n\n\n<p>&#8220;<strong>Ajudar os pequenos empres\u00e1rios, t\u00e3o importantes para o nosso pa\u00eds, faz parte da voca\u00e7\u00e3o da Caixa<\/strong>, especialmente nesse per\u00edodo de pandemia em que o consumo e a renda s\u00e3o afetados&#8221;, diz o presidente da Caixa, Pedro Guimar\u00e3es.<\/p>\n\n\n\n<p>O banco p\u00fablico anunciou tamb\u00e9m para agosto um novo aplicativo voltado para as micro e pequenas empresas, em que o cliente precisar\u00e1 ir \u00e0 ag\u00eancia apenas para assinatura do contrato, mas an\u00e1lise e libera\u00e7\u00e3o do cr\u00e9dito ocorrer\u00e1 digitalmente.<\/p>\n\n\n\n<h2 class=\"wp-block-heading\">5 &#8211; Anac diz que recebeu 67 relatos de danos a aeronaves por gasolina de avia\u00e7\u00e3o<\/h2>\n\n\n\n<p>A Ag\u00eancia Nacional de Avia\u00e7\u00e3o Civil (Anac) informou nesta segunda-feira que desde o recebimento das primeiras den\u00fancias sobre combust\u00edvel de avia\u00e7\u00e3o adulterado iniciou imediatamente um grupo de trabalho para acompanhamento da poss\u00edvel contamina\u00e7\u00e3o da gasolina de avia\u00e7\u00e3o (AVGAS). <strong>A ag\u00eancia reguladora afirma ter recebido 67 relatos de operadores que identificaram danos em aeronaves<\/strong>.<\/p>\n\n\n\n<p>Segundo a Anac, a Ag\u00eancia Nacional de Petr\u00f3leo (<a href=\"https:\/\/investnews.com.br\/geral\/5-fatos-para-saber-hoje-petrobras-reajusta-gasolina-e-inadimplencia-recorde\/\" class=\"rank-math-link\">ANP<\/a>) e o Centro de Investiga\u00e7\u00e3o e Preven\u00e7\u00e3o de Acidentes Aeron\u00e1uticos (Cenipa), da Aeron\u00e1utica, foram informados sobre a situa\u00e7\u00e3o.<\/p>\n\n\n\n<p>A ag\u00eancia afirma que cerca de 12 mil avi\u00f5es de pequeno porte no Pa\u00eds s\u00e3o abastecidas com o AVGAS. Aeronaves maiores, que operam rotas comerciais regulares de passageiros, n\u00e3o utilizam o combust\u00edvel, de acordo com a ag\u00eancia.<\/p>\n\n\n\n<p><em>*Com Ag\u00eancia Brasil e Estad\u00e3o Conte\u00fado<\/em><\/p>\n","protected":false},"excerpt":{"rendered":"<p>Segundo associa\u00e7\u00e3o, os restaurantes que abriram no final de semana faturaram apenas de 15% a 20% o que conseguiam antes da pandemia.<\/p>\n","protected":false},"author":17,"featured_media":8875,"comment_status":"closed","ping_status":"closed","sticky":false,"template":"","format":"standard","meta":{"_acf_changed":false,"inline_featured_image":false,"footnotes":""},"categories":[5],"tags":[110574,314,792,58,653,240,1080],"autor-wsj":[],"coauthors":[1498],"class_list":["post-14487","post","type-post","status-publish","format-standard","has-post-thumbnail","hentry","category-economia","tag-anac","tag-anp","tag-aviacao","tag-caixa-economica-federal","tag-combustiveis","tag-ministerio-da-economia","tag-pronampe"],"acf":[],"amp_enabled":true,"_links":{"self":[{"href":"https:\/\/investnews.com.br\/inv-api\/wp\/v2\/posts\/14487","targetHints":{"allow":["GET"]}}],"collection":[{"href":"https:\/\/investnews.com.br\/inv-api\/wp\/v2\/posts"}],"about":[{"href":"https:\/\/investnews.com.br\/inv-api\/wp\/v2\/types\/post"}],"author":[{"embeddable":true,"href":"https:\/\/investnews.com.br\/inv-api\/wp\/v2\/users\/17"}],"replies":[{"embeddable":true,"href":"https:\/\/investnews.com.br\/inv-api\/wp\/v2\/comments?post=14487"}],"version-history":[{"count":4,"href":"https:\/\/investnews.com.br\/inv-api\/wp\/v2\/posts\/14487\/revisions"}],"predecessor-version":[{"id":14497,"href":"https:\/\/investnews.com.br\/inv-api\/wp\/v2\/posts\/14487\/revisions\/14497"}],"wp:featuredmedia":[{"embeddable":true,"href":"https:\/\/investnews.com.br\/inv-api\/wp\/v2\/media\/8875"}],"wp:attachment":[{"href":"https:\/\/investnews.com.br\/inv-api\/wp\/v2\/media?parent=14487"}],"wp:term":[{"taxonomy":"category","embeddable":true,"href":"https:\/\/investnews.com.br\/inv-api\/wp\/v2\/categories?post=14487"},{"taxonomy":"post_tag","embeddable":true,"href":"https:\/\/investnews.com.br\/inv-api\/wp\/v2\/tags?post=14487"},{"taxonomy":"autor-wsj","embeddable":true,"href":"https:\/\/investnews.com.br\/inv-api\/wp\/v2\/autor-wsj?post=14487"},{"taxonomy":"author","embeddable":true,"href":"https:\/\/investnews.com.br\/inv-api\/wp\/v2\/coauthors?post=14487"}],"curies":[{"name":"wp","href":"https:\/\/api.w.org\/{rel}","templated":true}]}}