{"id":15001,"date":"2020-07-21T08:50:00","date_gmt":"2020-07-21T11:50:00","guid":{"rendered":"https:\/\/investnews.com.br\/?p=15001"},"modified":"2020-07-22T14:22:07","modified_gmt":"2020-07-22T17:22:07","slug":"ibovespa-zera-ganhos-pressionada-pela-vale-e-fecha-nos-104-mil-pontos-dolar-cai","status":"publish","type":"post","link":"https:\/\/investnews.com.br\/financas\/ibovespa-zera-ganhos-pressionada-pela-vale-e-fecha-nos-104-mil-pontos-dolar-cai\/","title":{"rendered":"Ibovespa zera ganhos pressionada pela Vale e fecha nos 104 mil pontos; d\u00f3lar cai"},"content":{"rendered":"\n<p>Ap\u00f3s bater os 105 mil pontos na manh\u00e3 desta ter\u00e7a-feira (21)<strong>, <\/strong>o <strong><a aria-label=\"Ibovespa (opens in a new tab)\" href=\"https:\/\/investnews.com.br\/tag\/ibovespa\/\" target=\"_blank\" rel=\"noreferrer noopener\" class=\"rank-math-link\">Ibovespa<\/a><\/strong>, principal \u00edndice da <strong><a aria-label=\"B3 (opens in a new tab)\" href=\"https:\/\/investnews.com.br\/tag\/b3\/\" target=\"_blank\" rel=\"noreferrer noopener\" class=\"rank-math-link\">B3<\/a><\/strong>, operou com <a href=\"https:\/\/investnews.com.br\/guias\/volatilidade-o-que-e\/\">volatilidade<\/a> e fechou o dia com leve queda de <strong>0,11% <\/strong>aos <strong>104.309<\/strong> pontos. A bolsa de valores se distanciou dos \u00edndices americanos <strong>Dow Jones <\/strong>e <strong><a href=\"https:\/\/investnews.com.br\/tag\/sp-500\/\" target=\"_blank\" aria-label=\"S&amp;P 500 (opens in a new tab)\" rel=\"noreferrer noopener\" class=\"rank-math-link\">S&amp;P 500<\/a> <\/strong>que avan\u00e7aram <strong>0,60%<\/strong> e<strong> 0,17%<\/strong>, respectivamente. J\u00e1 o <strong>Nasdaq<\/strong> recuou <strong>0,81%<\/strong>.<\/p>\n\n\n<p>O desempenho da bolsa foi fruto de uma leve corre\u00e7\u00e3o de mercado, contudo tamb\u00e9m pesou no \u00edndice a queda das a\u00e7\u00f5es da Vale, que respondem por 10,5% da carteira te\u00f3rica do Ibovespa. <a class=\"rank-math-link\" href=\"https:\/\/investnews.com.br\/financas\/acao-da-vale-derrete-quase-3-com-receios-sobre-producao-no-2-semestre\/\" target=\"_blank\" rel=\"noreferrer noopener\" aria-label=\" A a\u00e7\u00e3o da mineradora (VALE3) chegou a cair quase 3% nesta ter\u00e7a (opens in a new tab)\"> A a\u00e7\u00e3o da mineradora (<\/a><a href=\"https:\/\/investnews.com.br\/cotacao\/vale3-vale\/\">VALE3<\/a><a class=\"rank-math-link\" href=\"https:\/\/investnews.com.br\/financas\/acao-da-vale-derrete-quase-3-com-receios-sobre-producao-no-2-semestre\/\" target=\"_blank\" rel=\"noreferrer noopener\" aria-label=\" A a\u00e7\u00e3o da mineradora (VALE3) chegou a cair quase 3% nesta ter\u00e7a (opens in a new tab)\">) chegou a cair quase 3% nesta ter\u00e7a<\/a>. A queda dos pap\u00e9is ocorreu ap\u00f3s a divulga\u00e7\u00e3o dos dados da produ\u00e7\u00e3o de min\u00e9rio de ferro da companhia na segunda-feira \u00e0 noite. O relat\u00f3rio aponta que a pandemia afetou a produ\u00e7\u00e3o da commoditie.<\/p>\n\n\n<p><strong> A companhia produziu 127,2 milh\u00f5es de toneladas de&nbsp;min\u00e9rio&nbsp;de ferro entre janeiro e junho, o que representa um recuo de 7,1%<\/strong>&nbsp;em compara\u00e7\u00e3o a um ano antes. Com isso as a\u00e7\u00f5es da <strong>Vale <a href=\"https:\/\/investnews.com.br\/tag\/vale3\/\" target=\"_blank\" aria-label=\"(VALE3) (opens in a new tab)\" rel=\"noreferrer noopener\" class=\"rank-math-link\">(VALE3)<\/a><\/strong> encerraram o dia em queda de<strong> 1,81%.<\/strong><\/p>\n\n\n\n<p>No cen\u00e1rio externo, investidores ficaram animados com acordo da Uni\u00e3o Europeia de liberar um pacto de 750 bilh\u00f5es de euros em est\u00edmulos de recupera\u00e7\u00e3o econ\u00f4mica por causa dos  impactos da pandemia.  <\/p>\n\n\n\n<p>Nos Estados Unidos tamb\u00e9m se debate a possibilidade de ter um pacote de ajuda financeira, especialmente para alguns estados que devem voltar ao isolamento. O partido republicano americano deve inserir a pauta no senado nos pr\u00f3ximos dias. <\/p>\n\n\n\n<p>Com um clima mais est\u00e1vel, o d\u00f3lar chegou ao menor patamar em quase um m\u00eas. O <a aria-label=\"d\u00f3lar comercial  (opens in a new tab)\" href=\"https:\/\/investnews.com.br\/tag\/dolar-comercial\/\" target=\"_blank\" rel=\"noreferrer noopener\" class=\"rank-math-link\"><strong>d\u00f3lar comercial<\/strong> <\/a>fechou cotado a<strong> R$ 5,212<\/strong>, com varia\u00e7\u00e3o negativa de <strong>2,44%.<\/strong> Na m\u00e1xima do dia a moeda americana chegou a <strong>R$ 5,303.<\/strong><\/p>\n\n\n\n<p>Entre as a\u00e7\u00f5es mais negociadas do dia, al\u00e9m da Vale, recuou a <strong>Via Varejo <\/strong><a href=\"https:\/\/investnews.com.br\/tag\/vvar3\/\" target=\"_blank\" aria-label=\"(VVAR3)  (opens in a new tab)\" rel=\"noreferrer noopener\" class=\"rank-math-link\"><strong>(VVAR3)<\/strong> <\/a>que fechou em queda de <strong>2,60%.<\/strong> A companhia varejista esta envolvida em um processo de investiga\u00e7\u00e3o da <strong>Comiss\u00e3o de Valores Mobili\u00e1rios (CVM)<\/strong> ap\u00f3s divulgar por &#8220;erro&#8221; no Twitter que teve ganhos de 2500% nas vendas de maio e junho, comparado ao mesmo per\u00edodo em 2019. O post supervalorizou as a\u00e7\u00f5es da companhia ontem. <\/p>\n\n\n\n<p>Em fato relevante, a Via Varejo informou que as mensagens no Twitter n\u00e3o foram autorizadas e por isso foram retiradas do ar assim que a \u00e1rea de Rela\u00e7\u00f5es com o Investidor soube. Contudo, ontem foi a data de vencimento de op\u00e7\u00f5es na B3, o que foi enxergado por alguns investidores como tentativa de manipula\u00e7\u00e3o de mercado.<\/p>\n\n\n\n<p>Outro destaque entre as mais negociadas foram as preferencias da <strong>Petrobras<a href=\"https:\/\/investnews.com.br\/tag\/petr4\/\" target=\"_blank\" aria-label=\" (PETR4) (opens in a new tab)\" rel=\"noreferrer noopener\" class=\"rank-math-link\"> (PETR4)<\/a><\/strong> que fecharam em alta de<strong> 2,77%.<\/strong> A companhia seguiu a alta do petr\u00f3leo que avan\u00e7ou quase 3%, nos contratos de Brent e WTI.  Outra not\u00edcia que impactou no papel foi o an\u00fancio de que a francesa Engie comprou a fatia de 10% da Petrobras na Transportadora Associada de G\u00e1s (TAG). O valor da opera\u00e7\u00e3o foi de R$ 1,1 bilh\u00e3o.<\/p>\n\n\n\n<h2 class=\"wp-block-heading\">Destaques da bolsa<\/h2>\n\n\n\n<p>Entre as maiores altas do dia est\u00e3o companhias do setor de alimentos. Entre estas, <strong>P\u00e3o de A\u00e7\u00facar <a href=\"https:\/\/investnews.com.br\/tag\/pcar3\/\" target=\"_blank\" aria-label=\"(PCAR3) (opens in a new tab)\" rel=\"noreferrer noopener\" class=\"rank-math-link\">(PCAR3)<\/a> <\/strong>e <strong>Ambev <a href=\"https:\/\/investnews.com.br\/tag\/abev3\/\" target=\"_blank\" aria-label=\"(ABEV3) (opens in a new tab)\" rel=\"noreferrer noopener\" class=\"rank-math-link\">(ABEV3)<\/a><\/strong> que fecharam em alta de <strong>6,93%<\/strong> e <strong>3,97%.<\/strong> Subiu tamb\u00e9m a <strong>CVC Brasil <a href=\"https:\/\/investnews.com.br\/tag\/cvcb3\/\" target=\"_blank\" aria-label=\"(CVCB3) (opens in a new tab)\" rel=\"noreferrer noopener\" class=\"rank-math-link\">(CVCB3)<\/a> <\/strong>que avan\u00e7ou <strong>4,76%.<\/strong><\/p>\n\n\n\n<p>O destaque negativo do dia foi a<strong> Qualicorp <a href=\"https:\/\/investnews.com.br\/tag\/qual3\/\" target=\"_blank\" aria-label=\"(QUAL3)  (opens in a new tab)\" rel=\"noreferrer noopener\" class=\"rank-math-link\">(QUAL3) <\/a><\/strong>que viu suas a\u00e7\u00f5es despencarem ap\u00f3s a pris\u00e3o do ex-presidente da empresa, Jos\u00e9 Seripieri Filho, durante a manh\u00e3 em S\u00e3o Paulo. Os pap\u00e9is da companhia fecharam em queda de<strong> 6,41%. <\/strong><\/p>\n\n\n\n<p>Outra a\u00e7\u00e3o que teve impacto ap\u00f3s mandado de busca e apreens\u00e3o foi a <strong>JHSF <\/strong><a href=\"https:\/\/investnews.com.br\/tag\/jhsf3\/\" target=\"_blank\" aria-label=\"(JHSF3)  (opens in a new tab)\" rel=\"noreferrer noopener\" class=\"rank-math-link\"><strong>(JHSF3)<\/strong> <\/a>que fechou em queda de <strong>5,23%.<\/strong><\/p>\n\n\n\n<p>Ainda entre as maiores quedas do dia estavam <strong>IRB Brasil <\/strong><a href=\"https:\/\/investnews.com.br\/tag\/irbr3\/\" target=\"_blank\" aria-label=\"(IRBR3)  (opens in a new tab)\" rel=\"noreferrer noopener\" class=\"rank-math-link\"><strong>(IRBR3)<\/strong> <\/a>e o banco <strong>BTG Pactual <a aria-label=\"(BPAC11)  (opens in a new tab)\" href=\"https:\/\/investnews.com.br\/tag\/bpac11\/\" target=\"_blank\" rel=\"noreferrer noopener\" class=\"rank-math-link\">(BPAC11) <\/a><\/strong>que recuaram<strong> 4,48%<\/strong> e <strong>3,46%<\/strong>, respectivamente.<\/p>\n\n\n\n<h2 class=\"wp-block-heading\">Contexto interno<\/h2>\n\n\n\n<p>No Brasil, a reforma tribut\u00e1ria de Paulo Guedes volta a andar, desta vez com o projeto de lei que unifica as cobran\u00e7as de PIS e Cofins em um novo tipo de tributo, mais conhecido como Contribui\u00e7\u00e3o Social sobre Opera\u00e7\u00f5es de Bens e Servi\u00e7os (CBS).<\/p>\n\n\n\n<p>O ministro da Economia <strong>enviou ao Congresso na tarde desta ter\u00e7a-feira (21) a primeira fase da proposta da reforma tribut\u00e1ria do governo federal<\/strong>. A entrega foi feita em cerim\u00f4nia com os presidentes da C\u00e2mara, Rodrigo Maia (DEM-RJ), e do Senado, Davi Alcolumbre (DEM-AP).<\/p>\n\n\n\n<p>Esta etapa da reforma tribut\u00e1ria s\u00f3 inclui impostos federais e est\u00e1 entre as pautas da agenda econ\u00f4mica. O objetivo \u00e9 tentar melhorar a efici\u00eancia na arrecada\u00e7\u00e3o de impostos e ajudar a equilibrar o quadro fiscal, em meio a gastos p\u00fablicos crescentes durante a pandemia do novo coronav\u00edrus. Ficam para depois quest\u00f5es como tributos sobre <a href=\"https:\/\/investnews.com.br\/guias\/dividendos-o-que-sao-como-funcionam\/\">dividendos<\/a>,&nbsp;<a rel=\"noreferrer noopener\" href=\"https:\/\/investnews.com.br\/financas\/8-investimentos-que-nao-cobram-imposto-de-renda\/\" target=\"_blank\">Imposto de Renda<\/a>&nbsp;e um imposto sobre transa\u00e7\u00f5es eletr\u00f4nicas.<\/p>\n\n\n\n<p><strong>Veja mais em: <a href=\"https:\/\/investnews.com.br\/economia\/entenda-ponto-a-ponto-a-proposta-da-reforma-tributaria-de-paulo-guedes\/\" target=\"_blank\" aria-label=\"Entenda em 6 pontos a proposta da reforma tribut\u00e1ria de Paulo Guedes (opens in a new tab)\" rel=\"noreferrer noopener\" class=\"rank-math-link\">Entenda em 6 pontos a proposta da reforma tribut\u00e1ria de Paulo Guedes<\/a><\/strong><\/p>\n\n\n\n<p>Em pronunciamento \u00e0 imprensa, Guedes disse confiar no \u201cCongresso reformista\u201d e mencionou a \u201cboa vontade\u201d do Parlamento com as propostas do governo. Segundo o ministro, cabe ao Congresso dizer se vai legislar para todos \u2013 Uni\u00e3o, Estados e munic\u00edpios \u2013 ou n\u00e3o. \u201cN\u00e3o posso invadir territ\u00f3rio de prefeitos e governadores falando de ISS [imposto municipal de servi\u00e7os] e <a href=\"https:\/\/investnews.com.br\/guias\/o-que-e-icms\/\">ICMS<\/a> [imposto estadual sobre o consumo]\u201d, disse.<\/p>\n\n\n\n<h3 class=\"wp-block-heading\">Bolsas americanas<\/h3>\n\n\n\n<p> As bolsas de Nova York fecharam o preg\u00e3o desta ter\u00e7a-feira sem dire\u00e7\u00e3o \u00fanica. Apesar do otimismo do mercado com a aprova\u00e7\u00e3o do fundo de recupera\u00e7\u00e3o da Uni\u00e3o Europeia e com avan\u00e7os em potenciais vacinas contra a covid-19, o \u00edndice acion\u00e1rio Nasdaq passou por uma realiza\u00e7\u00e3o de lucros, ap\u00f3s ter atingido m\u00e1xima intraday na abertura dos neg\u00f3cios. As reuni\u00f5es em Washington para debater um novo pacote de est\u00edmulos do governo do presidente Donald Trump tamb\u00e9m s\u00e3o monitoradas por investidores.<\/p>\n\n\n\n<p>No fechamento da sess\u00e3o, o Dow Jones subiu 0,60%, a 26.840,40 pontos, S&amp;P 500 avan\u00e7ou 0,17%, a 3.257,30 pontos, e o Nasdaq recuou 0,81%, a 10.680,36 pontos, em realiza\u00e7\u00e3o de lucros ap\u00f3s ter subido 2,51% na segunda-feira.<\/p>\n\n\n\n<p>&#8220;O novo acordo de est\u00edmulo europeu inspirou um estado de esp\u00edrito de risco para muitos investidores e os holofotes rapidamente se voltaram a Washington para um esfor\u00e7o semelhante&#8221;, avalia o analista Ian Lyngen, do BMO Capital Markets. Os l\u00edderes da Uni\u00e3o Europeia chegaram a um consenso sobre o fundo de recupera\u00e7\u00e3o econ\u00f4mica de 750 bilh\u00f5es de euros nesta madrugada (de Bras\u00edlia).<\/p>\n\n\n\n<p>Nos Estados Unidos, as negocia\u00e7\u00f5es para um novo pacote fiscal come\u00e7aram hoje. O l\u00edder do Partido Republicano no Senado, Mitch McConnell, disse que deve introduzir o projeto na Casa nos pr\u00f3ximos dias, mas que h\u00e1 diverg\u00eancias sobre um poss\u00edvel corte nos impostos sobre a folha de pagamento, defendido pela Casa Branca.<\/p>\n\n\n\n<p>H\u00e1 tamb\u00e9m diverg\u00eancias entre os republicanos e os democratas sobre o pacote, mas analistas do banco brit\u00e2nico NatWest acreditam que at\u00e9 10 de agosto, quando o Congresso americano entra em recesso, algum acordo deve ser fechado.<\/p>\n\n\n\n<p>&#8220;Est\u00edmulos e o otimismo com vacinas est\u00e3o apoiando ganhos nas a\u00e7\u00f5es globais&#8221;, comentam analista da corretora americana LPL Financial. Desde ontem, o apetite por risco \u00e9 apoiado por resultados promissores em testes de vacinas experimentais contra a covid-19, como a desenvolvida pela Universidade de Oxford em parceria com a farmac\u00eautica AstraZeneca. No entanto, o avan\u00e7o da pandemia nos EUA ainda gera cautela.<\/p>\n\n\n\n<p>No S&amp;P 500, o setor de tecnologia liderou as perdas, com recuo de 1,27%, e o sub\u00edndice de energia registrou a maior alta, de 5,66%. As a\u00e7\u00f5es da Coca-Cola subiram 2,32%, ap\u00f3s a companhia ter divulgado hoje o balan\u00e7o do segundo trimestre, com resultados que agradaram ao mercado. J\u00e1 os pap\u00e9is da IBM, que divulgou ontem o balan\u00e7o, ap\u00f3s o fechamento em Nova York, recuaram 0,64%, depois de terem subido durante boa parte do preg\u00e3o.<br><\/p>\n\n\n\n<p><em>*Com Estad\u00e3o Conte\u00fado<\/em><\/p>\n","protected":false},"excerpt":{"rendered":"<p>Mineradora sinalizou que os efeitos provocados pela pandemia ainda ser\u00e3o sentidos no segundo semestre de 2020<\/p>\n","protected":false},"author":7,"featured_media":5016,"comment_status":"closed","ping_status":"open","sticky":false,"template":"","format":"standard","meta":{"_acf_changed":false,"inline_featured_image":false,"footnotes":""},"categories":[4],"tags":[88,347,432,745,504],"autor-wsj":[],"coauthors":[1494],"class_list":["post-15001","post","type-post","status-publish","format-standard","has-post-thumbnail","hentry","category-financas","tag-abev3","tag-paulo-guedes","tag-reforma-tributaria","tag-sp-500","tag-uniao-europeia"],"acf":[],"amp_enabled":true,"_links":{"self":[{"href":"https:\/\/investnews.com.br\/inv-api\/wp\/v2\/posts\/15001","targetHints":{"allow":["GET"]}}],"collection":[{"href":"https:\/\/investnews.com.br\/inv-api\/wp\/v2\/posts"}],"about":[{"href":"https:\/\/investnews.com.br\/inv-api\/wp\/v2\/types\/post"}],"author":[{"embeddable":true,"href":"https:\/\/investnews.com.br\/inv-api\/wp\/v2\/users\/7"}],"replies":[{"embeddable":true,"href":"https:\/\/investnews.com.br\/inv-api\/wp\/v2\/comments?post=15001"}],"version-history":[{"count":15,"href":"https:\/\/investnews.com.br\/inv-api\/wp\/v2\/posts\/15001\/revisions"}],"predecessor-version":[{"id":709574,"href":"https:\/\/investnews.com.br\/inv-api\/wp\/v2\/posts\/15001\/revisions\/709574"}],"wp:featuredmedia":[{"embeddable":true,"href":"https:\/\/investnews.com.br\/inv-api\/wp\/v2\/media\/5016"}],"wp:attachment":[{"href":"https:\/\/investnews.com.br\/inv-api\/wp\/v2\/media?parent=15001"}],"wp:term":[{"taxonomy":"category","embeddable":true,"href":"https:\/\/investnews.com.br\/inv-api\/wp\/v2\/categories?post=15001"},{"taxonomy":"post_tag","embeddable":true,"href":"https:\/\/investnews.com.br\/inv-api\/wp\/v2\/tags?post=15001"},{"taxonomy":"autor-wsj","embeddable":true,"href":"https:\/\/investnews.com.br\/inv-api\/wp\/v2\/autor-wsj?post=15001"},{"taxonomy":"author","embeddable":true,"href":"https:\/\/investnews.com.br\/inv-api\/wp\/v2\/coauthors?post=15001"}],"curies":[{"name":"wp","href":"https:\/\/api.w.org\/{rel}","templated":true}]}}