{"id":15026,"date":"2020-07-21T15:22:54","date_gmt":"2020-07-21T18:22:54","guid":{"rendered":"https:\/\/investnews.com.br\/?p=15026"},"modified":"2021-07-29T12:17:12","modified_gmt":"2021-07-29T15:17:12","slug":"acao-da-vale-derrete-quase-3-com-receios-sobre-producao-no-2-semestre","status":"publish","type":"post","link":"https:\/\/investnews.com.br\/financas\/acao-da-vale-derrete-quase-3-com-receios-sobre-producao-no-2-semestre\/","title":{"rendered":"A\u00e7\u00e3o da Vale derrete quase 3% com receios sobre produ\u00e7\u00e3o no 2\u00b0 semestre"},"content":{"rendered":"\n<p>A <a class=\"rank-math-link\" href=\"https:\/\/investnews.com.br\/flash\/vale-decola-662-no-lucro-dividendos-fartos-por-ai\/\">a\u00e7\u00e3o da Vale<\/a> (<a href=\"https:\/\/investnews.com.br\/cotacao\/vale3-vale\/\" class=\"rank-math-link\">VALE3<\/a>) chegou a cair quase 3% nesta ter\u00e7a-feira (21), <a href=\"https:\/\/investnews.com.br\/financas\/bolsa-sobe-e-ja-bate-os-105-mil-pontos-dolar-continua-em-baixa\/\" class=\"rank-math-link\">pressionando para baixo o principal \u00edndice da bolsa brasileira<\/a>, o Ibovespa. O recuo acontece ap\u00f3s a companhia divulgar um relat\u00f3rio apontando que a pandemia da Covid-19 afetou a produ\u00e7\u00e3o do min\u00e9rio de ferro, seu principal produto exportador.<\/p>\n\n\n\n<p>Segundo o relat\u00f3rio de produ\u00e7\u00e3o divulgado na noite de segunda-feira (20), <strong>a companhia produziu 127,2 milh\u00f5es de toneladas de&nbsp;min\u00e9rio&nbsp;de ferro entre janeiro e junho, o que representa um recuo de 7,1%<\/strong> em compara\u00e7\u00e3o a um ano antes. <\/p>\n\n\n\n<figure class=\"wp-block-embed-youtube wp-block-embed is-type-video is-provider-youtube wp-embed-aspect-16-9 wp-has-aspect-ratio\"><div class=\"wp-block-embed__wrapper\">\n<iframe loading=\"lazy\" title=\"TUDO O QUE VOC\u00ca PRECISA SABER ANTES DE INVESTIR NA VALE\" width=\"500\" height=\"281\" src=\"https:\/\/www.youtube.com\/embed\/G9CNiwr80FQ?feature=oembed\" frameborder=\"0\" allow=\"accelerometer; autoplay; clipboard-write; encrypted-media; gyroscope; picture-in-picture; web-share\" referrerpolicy=\"strict-origin-when-cross-origin\" allowfullscreen><\/iframe>\n<\/div><\/figure>\n\n\n\n<p>No documento, a companhia sinalizou que os efeitos provocados pela pandemia ainda ser\u00e3o sentidos no segundo semestre deste ano. A estimativa \u00e9 de que a doen\u00e7a tenha um efeito negativo de 6,3 milh\u00f5es de toneladas na segunda metade do ano.<\/p>\n\n\n\n<h2 class=\"wp-block-heading\"><strong>Meta mantida<\/strong><\/h2>\n\n\n\n<p>Apesar disso, a companhia <strong>decidiu manter a meta de produ\u00e7\u00e3o para a commodity em 2020, perto de 310 milh\u00f5es de toneladas, o que gerou receio entre analistas<\/strong> de que a mineradora n\u00e3o seja capaz de cumprir o objetivo por conta da pandemia.&nbsp; <\/p>\n\n\n\n<p>Apesar do cen\u00e1rio n\u00e3o t\u00e3o favor\u00e1vel \u00e0 mineradora, analistas do BTG Pactual refor\u00e7aram a recomenda\u00e7\u00e3o de compra no papel da companhia, avaliado pela equipe como &#8220;inegavelmente barato sob qualquer m\u00e9trica&#8221;. &#8220;Com a recupera\u00e7\u00e3o da China, estamos confiantes que a Vale pode ter uma performance acima do esperado no curto prazo&#8221;, escreveu o banco em relat\u00f3rio da clientes.<\/p>\n\n\n\n<p>Negociada em torno de R$ 59,35, <strong>a a\u00e7\u00e3o da Vale acumula valoriza\u00e7\u00e3o ao redor de 11% desde o in\u00edcio do ano<\/strong>.<\/p>\n\n\n\n<h2 class=\"wp-block-heading\">Vendas do min\u00e9rio<\/h2>\n\n\n\n<p>Nos primeiros seis meses do ano, <strong>a venda de min\u00e9rio de ferro caiu 9,4%, para um volume de 106,271 milh\u00f5es de toneladas<\/strong>. Em pelotas, ainda de abril a junho, o volume vendido caiu 21,4% na rela\u00e7\u00e3o anual, para 6,950 milh\u00f5es de toneladas.<\/p>\n\n\n\n<p>Esse volume representa um recuo de 4,9% ante os tr\u00eas meses anteriores. No primeiro semestre do ano a queda das vendas de pelotas foi de 32,6%, para 14,261 milh\u00f5es de toneladas.<\/p>\n\n\n\n<p><em>*Com informa\u00e7\u00f5es do Estad\u00e3o Conte\u00fado<\/em><\/p>\n","protected":false},"excerpt":{"rendered":"<p>Queda acontece ap\u00f3s a companhia apontar que a pandemia afetou a produ\u00e7\u00e3o do min\u00e9rio de ferro no primeiro semestre.<\/p>\n","protected":false},"author":7,"featured_media":4023,"comment_status":"closed","ping_status":"open","sticky":false,"template":"","format":"standard","meta":{"_acf_changed":false,"inline_featured_image":false,"footnotes":""},"categories":[4],"tags":[226,666,668,208],"autor-wsj":[],"coauthors":[1494],"class_list":["post-15026","post","type-post","status-publish","format-standard","has-post-thumbnail","hentry","category-financas","tag-bolsa-de-valores","tag-commodities","tag-minerio-de-ferro","tag-vale"],"acf":[],"amp_enabled":true,"_links":{"self":[{"href":"https:\/\/investnews.com.br\/inv-api\/wp\/v2\/posts\/15026","targetHints":{"allow":["GET"]}}],"collection":[{"href":"https:\/\/investnews.com.br\/inv-api\/wp\/v2\/posts"}],"about":[{"href":"https:\/\/investnews.com.br\/inv-api\/wp\/v2\/types\/post"}],"author":[{"embeddable":true,"href":"https:\/\/investnews.com.br\/inv-api\/wp\/v2\/users\/7"}],"replies":[{"embeddable":true,"href":"https:\/\/investnews.com.br\/inv-api\/wp\/v2\/comments?post=15026"}],"version-history":[{"count":5,"href":"https:\/\/investnews.com.br\/inv-api\/wp\/v2\/posts\/15026\/revisions"}],"predecessor-version":[{"id":265328,"href":"https:\/\/investnews.com.br\/inv-api\/wp\/v2\/posts\/15026\/revisions\/265328"}],"wp:featuredmedia":[{"embeddable":true,"href":"https:\/\/investnews.com.br\/inv-api\/wp\/v2\/media\/4023"}],"wp:attachment":[{"href":"https:\/\/investnews.com.br\/inv-api\/wp\/v2\/media?parent=15026"}],"wp:term":[{"taxonomy":"category","embeddable":true,"href":"https:\/\/investnews.com.br\/inv-api\/wp\/v2\/categories?post=15026"},{"taxonomy":"post_tag","embeddable":true,"href":"https:\/\/investnews.com.br\/inv-api\/wp\/v2\/tags?post=15026"},{"taxonomy":"autor-wsj","embeddable":true,"href":"https:\/\/investnews.com.br\/inv-api\/wp\/v2\/autor-wsj?post=15026"},{"taxonomy":"author","embeddable":true,"href":"https:\/\/investnews.com.br\/inv-api\/wp\/v2\/coauthors?post=15026"}],"curies":[{"name":"wp","href":"https:\/\/api.w.org\/{rel}","templated":true}]}}