{"id":15192,"date":"2020-07-23T08:29:34","date_gmt":"2020-07-23T11:29:34","guid":{"rendered":"https:\/\/investnews.com.br\/?p=15192"},"modified":"2024-06-26T12:27:53","modified_gmt":"2024-06-26T15:27:53","slug":"5-fatos-para-saber-hoje-bancos-lancam-plano-para-a-amazonia-tensao-eua-e-china","status":"publish","type":"post","link":"https:\/\/investnews.com.br\/economia\/5-fatos-para-saber-hoje-bancos-lancam-plano-para-a-amazonia-tensao-eua-e-china\/","title":{"rendered":"5 fatos para saber hoje: bancos lan\u00e7am plano para a Amaz\u00f4nia; tens\u00e3o EUA e China"},"content":{"rendered":"\n<h2 class=\"wp-block-heading\">1 &#8211; Bradesco, Ita\u00fa e Santander lan\u00e7am plano para a Amaz\u00f4nia<\/h2>\n\n\n\n<p>Em meio \u00e0 cobran\u00e7a global para que o Brasil aumente seu comprometimento em rela\u00e7\u00e3o aos temas ligados \u00e0 mudan\u00e7a clim\u00e1tica, <strong>os tr\u00eas maiores bancos privados do Pa\u00eds, Bradesco, Ita\u00fa Unibanco e Santander, lan\u00e7aram um plano conjunto para promover o desenvolvimento sustent\u00e1vel da Amaz\u00f4nia<\/strong>. A proposta inclui dez medidas, como est\u00edmulo \u00e0s cadeias sustent\u00e1veis na regi\u00e3o e viabiliza\u00e7\u00e3o de investimentos em infraestrutura b\u00e1sica para o desenvolvimento social e ambiental. O cronograma prev\u00ea a implementa\u00e7\u00e3o dos itens ainda neste ano.<\/p>\n\n\n\n<p><strong>LEIA MAIS:<\/strong><\/p>\n\n\n\n<ul class=\"wp-block-list\"><li><a href=\"https:\/\/investnews.com.br\/financas\/esg-entenda-a-nova-tendencia-do-mercado-brasileiro-que-veio-para-ficar\/\" class=\"rank-math-link\"><strong>ESG: conhe\u00e7a a tend\u00eancia dos investimentos que veio para ficar<\/strong><\/a><\/li><li><strong><a href=\"https:\/\/investnews.com.br\/economia\/sabemos-que-temos-que-reduzir-os-efeitos-sobre-o-meio-ambiente-diz-guedes\/\" class=\"rank-math-link\">\u2018Sabemos que temos que reduzir os efeitos sobre o meio ambiente\u2019, diz Guedes<\/a><\/strong><\/li><\/ul>\n\n\n\n<p>Os tr\u00eas bancos estavam entre os signat\u00e1rios de carta enviada ao vice-presidente da Rep\u00fablica, Hamilton Mour\u00e3o, que pediu, no in\u00edcio do m\u00eas, pol\u00edticas de combate ao desmatamento na Amaz\u00f4nia. Mour\u00e3o \u00e9 o presidente do Conselho Nacional da Amaz\u00f4nia Legal. <strong>O documento fez defesa da agenda do desenvolvimento sustent\u00e1vel e solicitou o combate &#8220;inflex\u00edvel e abrangente&#8217; ao desmatamento ilegal na Amaz\u00f4nia<\/strong>. Agora, depois da cobran\u00e7a, com o plano anunciado hoje, os bancos t\u00eam a inten\u00e7\u00e3o de entregar uma forma de ajuda efetiva em rela\u00e7\u00e3o ao assunto, segundo fonte.<\/p>\n\n\n\n<p>Para dar prosseguimento ao planejamento, os bancos formar\u00e3o um conselho de especialistas com diferentes experi\u00eancias e conhecimentos sobre as quest\u00f5es sociais e ambientais envolvendo a Amaz\u00f4nia. &#8220;Este projeto une Bradesco, Ita\u00fa e Santander pelo prop\u00f3sito de contribuir para um mundo melhor. A ideia \u00e9 que todos precisam assumir sua parcela de compromisso com as futuras gera\u00e7\u00f5es. Por isso, lan\u00e7amos uma agenda objetiva que pretende defender e valorizar a Amaz\u00f4nia, suas riquezas naturais, florestas, rios e cultura diversificada.<\/p>\n\n\n\n<h2 class=\"wp-block-heading\">2 &#8211; EUA d\u00e3o \u00e0 China 72 horas para fechar consulado de Houston<\/h2>\n\n\n\n<p><strong>Os Estados Unidos deram \u00e0 China 72 horas para fechar seu consulado em Houston em meio a acusa\u00e7\u00f5es de espionagem<\/strong>, o que marca uma dram\u00e1tica deteriora\u00e7\u00e3o nas rela\u00e7\u00f5es entre as duas maiores economias do mundo.<\/p>\n\n\n\n<p>O Departamento de Estado dos EUA disse nesta quarta-feira (22) que a miss\u00e3o chinesa em Houston estava sendo fechada &#8220;para proteger a propriedade intelectual americana e as informa\u00e7\u00f5es privadas americanas&#8221;.<\/p>\n\n\n\n<p>O Minist\u00e9rio das Rela\u00e7\u00f5es Exteriores da China informou que Washington emitiu a demanda abruptamente na ter\u00e7a-feira (21) e a chamou de &#8220;escalada sem precedentes&#8221;. O minist\u00e9rio amea\u00e7ou retalia\u00e7\u00e3o n\u00e3o especificada.<\/p>\n\n\n\n<h2 class=\"wp-block-heading\">3 &#8211; Petrobras aprova pagamento de dividendos de R$ 1,7 bi para a\u00e7\u00f5es ON<\/h2>\n\n\n\n<p>O Conselho de Administra\u00e7\u00e3o da Petrobras aprovou, em reuni\u00e3o realizada nesta quarta-feira (22) o pagamento de <a href=\"https:\/\/investnews.com.br\/guias\/dividendos-o-que-sao-como-funcionam\/\">dividendos<\/a> no valor de <strong>R$ 1,7 bilh\u00e3o para <a href=\"https:\/\/investnews.com.br\/guias\/acoes-ordinarias-e-preferenciais-entenda\/\">a\u00e7\u00f5es ordin\u00e1rias<\/a> (ou R$ 0,0233649 por a\u00e7\u00e3o) e R$ 2,5 milh\u00f5es para a\u00e7\u00f5es preferenciais em circula\u00e7\u00e3o (ou R$ 0,000449 por a\u00e7\u00e3o)<\/strong>.<\/p>\n\n\n\n<p>De acordo com fato relevante divulgado h\u00e1 pouco, os valores foram atualizados pela varia\u00e7\u00e3o da <a href=\"https:\/\/investnews.com.br\/guias\/taxa-selic\/\">taxa Selic<\/a> entre 31 de dezembro de 2019 e hoje, representando acr\u00e9scimo de R$ 0,004420 por a\u00e7\u00e3o ordin\u00e1ria e R$ 0,000008 por a\u00e7\u00e3o preferencial. Os valores distribu\u00eddos, portanto, ser\u00e3o de R$ 0,238069 por a\u00e7\u00e3o ordin\u00e1ria e R$ 0,000457 por a\u00e7\u00e3o preferencial.<\/p>\n\n\n\n<p>O pagamento ser\u00e1 realizado em 15 de dezembro de 2020, sendo que a data de corte para a\u00e7\u00f5es de emiss\u00e3o negociadas na B3 ser\u00e1 em 22 de julho, enquanto a Record date para detentores de ADRs ser\u00e1 em 24 de julho. As a\u00e7\u00f5es ser\u00e3o negociadas ex-dividendos na B3 e na NYSE a partir de 23 de julho.<\/p>\n\n\n\n<h2 class=\"wp-block-heading\">4 &#8211; Abras: supermercados brasileiros somam perdas de R$ 6,9 bilh\u00f5es ao ano<\/h2>\n\n\n\n<p><strong>As perdas dos supermercados brasileiros somaram R$ 6,9 bilh\u00f5es em 2019, o que corresponde a 1,82% do faturamento bruto do setor<\/strong>, de acordo com a Avalia\u00e7\u00e3o de Perdas no Varejo Brasileiro de Supermercados, da Associa\u00e7\u00e3o Brasileira de Supermercados (Abras).<\/p>\n\n\n\n<p>O n\u00famero ficou pr\u00f3ximo ao apresentado no consolidado do ano anterior. Em 2018, foram R$ 6,7 bilh\u00f5es em perdas, o que correspondeu a 1,89% do faturamento dos supermercados no per\u00edodo.<\/p>\n\n\n\n<p>As perdas est\u00e3o relacionadas \u00e0 deteriora\u00e7\u00e3o de perec\u00edveis, produtos com validade vencida, que sofrem avarias no transporte ou durante manipula\u00e7\u00e3o dentro da loja. Tamb\u00e9m entram na conta produtos furtados no ponto de venda. Das 204 empresas pesquisadas para a avalia\u00e7\u00e3o de 2019, 71% possuem \u00e1rea de preven\u00e7\u00e3o de perdas.<\/p>\n\n\n\n<h2 class=\"wp-block-heading\">5 &#8211; Equatorial: total de energia distribu\u00edda no 2\u00ba trimestre tem alta de 3,2%<\/h2>\n\n\n\n<p>A Equatorial Energia divulgou suas pr\u00e9vias operacionais relativas ao segundo trimestre de 2020. No per\u00edodo, foram 5,348 milh\u00f5es de MWh distribu\u00eddas pelas empresas controladas, <strong>um crescimento de 3,2% em rela\u00e7\u00e3o ao segundo trimestre de 2019<\/strong>. No primeiro semestre, a alta foi de 4,7%.<\/p>\n\n\n\n<p>A companhia registrou avan\u00e7o maior na energia vendida para o mercado cativo, com 3,4%. No mercado livre, o crescimento foi de 2,2%. Entre os clientes cativos, o maior aumento de consumo no segundo trimestre foi registrado na classe residencial, de 17,6%. Nas outras classes, houve queda. Entre os clientes industriais, o recuo foi de 19,5%, e nos comerciais, de 18,8%.<\/p>\n\n\n\n<p>Nos n\u00fameros por distribuidora, destaque para a Equatorial Alagoas, que registrou crescimento de 36,9% no volume de energia na compara\u00e7\u00e3o anual. No Maranh\u00e3o, houve alta de 0,6%. J\u00e1 no Par\u00e1 e no Piau\u00ed, houve quedas de 2,5% e 3%, respectivamente.<\/p>\n\n\n\n<p><em>*Com Estad\u00e3o Conte\u00fado e Ag\u00eancia Brasil<\/em><\/p>\n","protected":false},"excerpt":{"rendered":"<p>O plano \u00e9 centrado na ideia de uma economia sustent\u00e1vel que conviva com a floresta.<\/p>\n","protected":false},"author":17,"featured_media":13250,"comment_status":"closed","ping_status":"open","sticky":false,"template":"","format":"standard","meta":{"_acf_changed":false,"inline_featured_image":false,"footnotes":""},"categories":[5],"tags":[244,236,156,176,21,200,897],"autor-wsj":[],"coauthors":[1498],"class_list":["post-15192","post","type-post","status-publish","format-standard","has-post-thumbnail","hentry","category-economia","tag-china","tag-eua","tag-bradesco","tag-equatorial","tag-petrobras","tag-santander","tag-supermercados"],"acf":[],"amp_enabled":true,"_links":{"self":[{"href":"https:\/\/investnews.com.br\/inv-api\/wp\/v2\/posts\/15192","targetHints":{"allow":["GET"]}}],"collection":[{"href":"https:\/\/investnews.com.br\/inv-api\/wp\/v2\/posts"}],"about":[{"href":"https:\/\/investnews.com.br\/inv-api\/wp\/v2\/types\/post"}],"author":[{"embeddable":true,"href":"https:\/\/investnews.com.br\/inv-api\/wp\/v2\/users\/17"}],"replies":[{"embeddable":true,"href":"https:\/\/investnews.com.br\/inv-api\/wp\/v2\/comments?post=15192"}],"version-history":[{"count":2,"href":"https:\/\/investnews.com.br\/inv-api\/wp\/v2\/posts\/15192\/revisions"}],"predecessor-version":[{"id":15196,"href":"https:\/\/investnews.com.br\/inv-api\/wp\/v2\/posts\/15192\/revisions\/15196"}],"wp:featuredmedia":[{"embeddable":true,"href":"https:\/\/investnews.com.br\/inv-api\/wp\/v2\/media\/13250"}],"wp:attachment":[{"href":"https:\/\/investnews.com.br\/inv-api\/wp\/v2\/media?parent=15192"}],"wp:term":[{"taxonomy":"category","embeddable":true,"href":"https:\/\/investnews.com.br\/inv-api\/wp\/v2\/categories?post=15192"},{"taxonomy":"post_tag","embeddable":true,"href":"https:\/\/investnews.com.br\/inv-api\/wp\/v2\/tags?post=15192"},{"taxonomy":"autor-wsj","embeddable":true,"href":"https:\/\/investnews.com.br\/inv-api\/wp\/v2\/autor-wsj?post=15192"},{"taxonomy":"author","embeddable":true,"href":"https:\/\/investnews.com.br\/inv-api\/wp\/v2\/coauthors?post=15192"}],"curies":[{"name":"wp","href":"https:\/\/api.w.org\/{rel}","templated":true}]}}