{"id":16681,"date":"2020-08-12T09:44:02","date_gmt":"2020-08-12T12:44:02","guid":{"rendered":"https:\/\/investnews.com.br\/?p=16681"},"modified":"2020-08-12T09:45:24","modified_gmt":"2020-08-12T12:45:24","slug":"auxilio-emergencial-nascidos-em-julho-recebem-nesta-quarta-feira","status":"publish","type":"post","link":"https:\/\/investnews.com.br\/economia\/auxilio-emergencial-nascidos-em-julho-recebem-nesta-quarta-feira\/","title":{"rendered":"Aux\u00edlio emergencial: nascidos em julho recebem nesta quarta-feira"},"content":{"rendered":"\n<p>A <a href=\"https:\/\/investnews.com.br\/economia\/credito-imobiliario-caixa-lanca-registro-eletronico-para-contrato-habitacional\/\" class=\"rank-math-link\">Caixa Econ\u00f4mica Federal<\/a> credita nesta quarta-feira (12) <strong>mais uma parcela do aux\u00edlio emergencial para quase 4 milh\u00f5es de benefici\u00e1rios nascidos no m\u00eas de julho<\/strong>. S\u00e3o 3,9 milh\u00f5es de pessoas nascidas em julho que j\u00e1 tinham a programa\u00e7\u00e3o de receber nesta data. <\/p>\n\n\n\n<p>Os demais, 98 mil, s\u00e3o os benefici\u00e1rios nascidos em julho que tiveram o pedido liberado no in\u00edcio deste m\u00eas. Eles tiveram o cadastro reavaliado pela Dataprev ap\u00f3s o pedido ter sido negado inicialmente ou o pagamento ter sido suspenso.<\/p>\n\n\n\n<p>Os novos benefici\u00e1rios recebem os cr\u00e9ditos conforme o calend\u00e1rio do Ciclo 1 de acordo com o m\u00eas de nascimento. O aux\u00edlio, com parcelas de R$ 600 (R$ 1,2 mil para m\u00e3es solteiras), foi criado para reduzir os efeitos da crise econ\u00f4mica causada pela pandemia da covid-19.<\/p>\n\n\n\n<h2 class=\"wp-block-heading\">Poupan\u00e7a digital<\/h2>\n\n\n\n<p>A Caixa tem disponibilizado o aux\u00edlio em uma <a href=\"https:\/\/investnews.com.br\/guias\/poupanca-como-funciona-quanto-rende\/\">poupan\u00e7a<\/a> digital, acess\u00edvel pelo aplicativo Caixa Tem. Pelo aplicativo \u00e9 poss\u00edvel fazer compras&nbsp;<em>online<\/em>&nbsp;em estabelecimentos autorizados e pagar boletos.<\/p>\n\n\n\n<p>O saque em dinheiro do benef\u00edcio, em uma ag\u00eancia do banco, \u00e9 autorizado posteriormente, conforme calend\u00e1rio definido pelo governo, considerando o m\u00eas de nascimento do benefici\u00e1rio. As transfer\u00eancias para outros bancos ou para contas na pr\u00f3pria Caixa seguem o mesmo calend\u00e1rio de saque. Nesse caso, os recursos s\u00e3o transferidos automaticamente para as contas indicadas pelo benefici\u00e1rio.<\/p>\n\n\n\n<h2 class=\"wp-block-heading\">Ciclo 1<\/h2>\n\n\n\n<p>O cr\u00e9dito para os benefici\u00e1rios nascidos em maio faz parte do Ciclo 1 de pagamentos do aux\u00edlio emergencial. Os saques e transfer\u00eancias estar\u00e3o liberados no dia 13 de agosto.<\/p>\n\n\n\n<p>No ciclo 1, o cr\u00e9dito na poupan\u00e7a social da Caixa est\u00e1 agendado para o per\u00edodo de 22 de julho a 26 de agosto, conforme o m\u00eas de nascimento. Os saques e transfer\u00eancias est\u00e3o sendo feitos de 25 de julho a 17 de setembro.<\/p>\n\n\n\n<h2 class=\"wp-block-heading\"><strong>CALEND\u00c1RIO DE PAGAMENTOS<\/strong><\/h2>\n\n\n\n<p>Enquanto algumas pessoas est\u00e3o na espera da quarta parcela do aux\u00edlio emergencial, outras ainda nem come\u00e7aram a receber o benef\u00edcio. Por este motivo, e apesar do calend\u00e1rio ser pautado em ciclos, o&nbsp;<strong>InvestNews&nbsp;<\/strong>elaborou um calend\u00e1rio de acordo com o m\u00eas de anivers\u00e1rio do benefici\u00e1rio e a data na qual ele come\u00e7ou a receber o aux\u00edlio emergencial. Veja a seguir:<\/p>\n\n\n\n<h2 class=\"wp-block-heading\">Quem recebeu a 1\u00aa parcela em abril<\/h2>\n\n\n\n<p>Se voc\u00ea recebeu a primeira parcela do aux\u00edlio emergencial no m\u00eas de abril e j\u00e1 recebeu as tr\u00eas primeiras parcelas de R$600, o pagamento da quarta parcela ser\u00e1 depositado na conta do Caixa Tem entre os dias 22 de julho e 26 de agosto, seguindo data de anivers\u00e1rio. J\u00e1 o saque em dinheiro ou transfer\u00eancia para outros bancos ser\u00e1 liberado apenas a partir de 25 de julho e vai at\u00e9 17 de setembro.<\/p>\n\n\n\n<figure class=\"wp-block-image\"><img loading=\"lazy\" decoding=\"async\" width=\"1024\" height=\"1022\" src=\"https:\/\/media.investnews.com.br\/uploads\/2020\/07\/Info_4_Lote_pagto-1-1024x1022.jpg\" alt=\"\" class=\"wp-image-14983\" srcset=\"https:\/\/media.investnews.com.br\/uploads\/2020\/07\/Info_4_Lote_pagto-1-1024x1022.jpg 1024w, https:\/\/media.investnews.com.br\/uploads\/2020\/07\/Info_4_Lote_pagto-1-300x300.jpg 300w, https:\/\/media.investnews.com.br\/uploads\/2020\/07\/Info_4_Lote_pagto-1-150x150.jpg 150w, https:\/\/media.investnews.com.br\/uploads\/2020\/07\/Info_4_Lote_pagto-1-768x767.jpg 768w, https:\/\/media.investnews.com.br\/uploads\/2020\/07\/Info_4_Lote_pagto-1-936x934.jpg 936w, https:\/\/media.investnews.com.br\/uploads\/2020\/07\/Info_4_Lote_pagto-1-172x172.jpg 172w, https:\/\/media.investnews.com.br\/uploads\/2020\/07\/Info_4_Lote_pagto-1-96x96.jpg 96w, https:\/\/media.investnews.com.br\/uploads\/2020\/07\/Info_4_Lote_pagto-1.jpg 1200w\" sizes=\"auto, (max-width: 1024px) 100vw, 1024px\" \/><\/figure>\n\n\n\n<p>A quinta e \u00faltima parcela do aux\u00edlio emergencial para este grupo ser\u00e1 depositada na conta do Caixa Tem entre 28 de agosto e 30 de setembro, de acordo com o m\u00eas de anivers\u00e1rio. Enquanto o saque em dinheiro e transfer\u00eancia banc\u00e1ria ser\u00e1 liberado a partir de 19 de setembro e conclui em 27 de outubro.<strong>&nbsp;Confira:<\/strong><\/p>\n\n\n\n<figure class=\"wp-block-image\"><img loading=\"lazy\" decoding=\"async\" width=\"1024\" height=\"1022\" src=\"https:\/\/media.investnews.com.br\/uploads\/2020\/07\/Info_5_Lote_pagto-1024x1022.jpg\" alt=\"\" class=\"wp-image-14982\" srcset=\"https:\/\/media.investnews.com.br\/uploads\/2020\/07\/Info_5_Lote_pagto-1024x1022.jpg 1024w, https:\/\/media.investnews.com.br\/uploads\/2020\/07\/Info_5_Lote_pagto-300x300.jpg 300w, https:\/\/media.investnews.com.br\/uploads\/2020\/07\/Info_5_Lote_pagto-150x150.jpg 150w, https:\/\/media.investnews.com.br\/uploads\/2020\/07\/Info_5_Lote_pagto-768x767.jpg 768w, https:\/\/media.investnews.com.br\/uploads\/2020\/07\/Info_5_Lote_pagto-936x934.jpg 936w, https:\/\/media.investnews.com.br\/uploads\/2020\/07\/Info_5_Lote_pagto-172x172.jpg 172w, https:\/\/media.investnews.com.br\/uploads\/2020\/07\/Info_5_Lote_pagto-96x96.jpg 96w, https:\/\/media.investnews.com.br\/uploads\/2020\/07\/Info_5_Lote_pagto.jpg 1200w\" sizes=\"auto, (max-width: 1024px) 100vw, 1024px\" \/><\/figure>\n\n\n\n<h2 class=\"wp-block-heading\">Quem recebeu a 1\u00aa parcela em maio<\/h2>\n\n\n\n<p>Se voc\u00ea recebeu a primeira parcela de R$600 em maio, provavelmente ainda n\u00e3o recebeu a terceira parcela. Por este motivo, o calend\u00e1rio de pagamento da&nbsp;<strong>3\u00aa parcela<\/strong>&nbsp;do aux\u00edlio emergencial ocorrer\u00e1 no per\u00edodo de 22 de julho at\u00e9 26 de agosto na conta do Caixa Tem. J\u00e1 o saque em dinheiro e transfer\u00eancia da 3\u00aa parcela estar\u00e1 liberado a partir do dia 25 de julho e vai at\u00e9 17 de setembro seguindo o m\u00eas de nascimento.<\/p>\n\n\n\n<figure class=\"wp-block-image\"><img loading=\"lazy\" decoding=\"async\" width=\"1024\" height=\"1022\" src=\"https:\/\/media.investnews.com.br\/uploads\/2020\/07\/Info_Maio_Terceira-1024x1022.jpg\" alt=\"\" class=\"wp-image-14987\" srcset=\"https:\/\/media.investnews.com.br\/uploads\/2020\/07\/Info_Maio_Terceira-1024x1022.jpg 1024w, https:\/\/media.investnews.com.br\/uploads\/2020\/07\/Info_Maio_Terceira-300x300.jpg 300w, https:\/\/media.investnews.com.br\/uploads\/2020\/07\/Info_Maio_Terceira-150x150.jpg 150w, https:\/\/media.investnews.com.br\/uploads\/2020\/07\/Info_Maio_Terceira-768x767.jpg 768w, https:\/\/media.investnews.com.br\/uploads\/2020\/07\/Info_Maio_Terceira-936x934.jpg 936w, https:\/\/media.investnews.com.br\/uploads\/2020\/07\/Info_Maio_Terceira-172x172.jpg 172w, https:\/\/media.investnews.com.br\/uploads\/2020\/07\/Info_Maio_Terceira-96x96.jpg 96w, https:\/\/media.investnews.com.br\/uploads\/2020\/07\/Info_Maio_Terceira.jpg 1200w\" sizes=\"auto, (max-width: 1024px) 100vw, 1024px\" \/><\/figure>\n\n\n\n<p>A&nbsp;<strong>quarta parcela<\/strong>&nbsp;do aux\u00edlio emergencial para este grupo ser\u00e1 creditada na conta do Caixa Tem a partir do dia 28 de agosto e vai at\u00e9 30 de setembro. Enquanto os saques e transfer\u00eancias iniciam no 19 de setembro e v\u00e3o at\u00e9 27 de outubro.<\/p>\n\n\n\n<p>Por \u00faltimo, a&nbsp;<strong>quinta parcela&nbsp;<\/strong>do aux\u00edlio emergencial para estes benefici\u00e1rios ser\u00e1 paga no aplicativo do Caixa Tem no intervalo de 9 de outubro at\u00e9 13 de novembro. E os saques e transfer\u00eancias ocorrem a partir do dia 29 de outubro e finalizam no dia 19 de novembro. Ambas as parcelas seguem calend\u00e1rio de acordo com a data de nascimento da pessoa.<\/p>\n\n\n\n<figure class=\"wp-block-image\"><img loading=\"lazy\" decoding=\"async\" width=\"1024\" height=\"1022\" src=\"https:\/\/media.investnews.com.br\/uploads\/2020\/07\/Info_Maio_Quarta-1-1024x1022.jpg\" alt=\"\" class=\"wp-image-14989\" srcset=\"https:\/\/media.investnews.com.br\/uploads\/2020\/07\/Info_Maio_Quarta-1-1024x1022.jpg 1024w, https:\/\/media.investnews.com.br\/uploads\/2020\/07\/Info_Maio_Quarta-1-300x300.jpg 300w, https:\/\/media.investnews.com.br\/uploads\/2020\/07\/Info_Maio_Quarta-1-150x150.jpg 150w, https:\/\/media.investnews.com.br\/uploads\/2020\/07\/Info_Maio_Quarta-1-768x767.jpg 768w, https:\/\/media.investnews.com.br\/uploads\/2020\/07\/Info_Maio_Quarta-1-936x934.jpg 936w, https:\/\/media.investnews.com.br\/uploads\/2020\/07\/Info_Maio_Quarta-1-172x172.jpg 172w, https:\/\/media.investnews.com.br\/uploads\/2020\/07\/Info_Maio_Quarta-1-96x96.jpg 96w, https:\/\/media.investnews.com.br\/uploads\/2020\/07\/Info_Maio_Quarta-1.jpg 1200w\" sizes=\"auto, (max-width: 1024px) 100vw, 1024px\" \/><\/figure>\n\n\n\n<figure class=\"wp-block-image\"><img loading=\"lazy\" decoding=\"async\" width=\"1024\" height=\"1022\" src=\"https:\/\/media.investnews.com.br\/uploads\/2020\/07\/Info_Maio_Quinta-1024x1022.jpg\" alt=\"\" class=\"wp-image-14988\" srcset=\"https:\/\/media.investnews.com.br\/uploads\/2020\/07\/Info_Maio_Quinta-1024x1022.jpg 1024w, https:\/\/media.investnews.com.br\/uploads\/2020\/07\/Info_Maio_Quinta-300x300.jpg 300w, https:\/\/media.investnews.com.br\/uploads\/2020\/07\/Info_Maio_Quinta-150x150.jpg 150w, https:\/\/media.investnews.com.br\/uploads\/2020\/07\/Info_Maio_Quinta-768x767.jpg 768w, https:\/\/media.investnews.com.br\/uploads\/2020\/07\/Info_Maio_Quinta-936x934.jpg 936w, https:\/\/media.investnews.com.br\/uploads\/2020\/07\/Info_Maio_Quinta-172x172.jpg 172w, https:\/\/media.investnews.com.br\/uploads\/2020\/07\/Info_Maio_Quinta-96x96.jpg 96w, https:\/\/media.investnews.com.br\/uploads\/2020\/07\/Info_Maio_Quinta.jpg 1200w\" sizes=\"auto, (max-width: 1024px) 100vw, 1024px\" \/><\/figure>\n\n\n\n<h3 class=\"wp-block-heading\">Quem recebeu a 1\u00aa parcela em junho ou at\u00e9 4 de julho<\/h3>\n\n\n\n<p>Quem come\u00e7ou a receber o aux\u00edlio emergencial no m\u00eas de junho\/julho, provavelmente come\u00e7ou a receber a&nbsp;<strong>segunda parcela do aux\u00edlio emergencia<\/strong>l no dia 22 de julho, seguindo calend\u00e1rio de anivers\u00e1rio. Para este grupo, o dep\u00f3sito dos R$ 600 na conta do Caixa Tem come\u00e7ou no dia 22 de julho e vai at\u00e9 26 de agosto. J\u00e1 os saques e transfer\u00eancias da 2\u00aa parcela est\u00e3o liberados a partir do dia 25 de julho at\u00e9 17 de setembro.<\/p>\n\n\n\n<figure class=\"wp-block-image\"><img loading=\"lazy\" decoding=\"async\" width=\"1024\" height=\"1022\" src=\"https:\/\/media.investnews.com.br\/uploads\/2020\/07\/Auxilio_Junho_segunda_P--1024x1022.jpg\" alt=\"\" class=\"wp-image-15588\" srcset=\"https:\/\/media.investnews.com.br\/uploads\/2020\/07\/Auxilio_Junho_segunda_P--1024x1022.jpg 1024w, https:\/\/media.investnews.com.br\/uploads\/2020\/07\/Auxilio_Junho_segunda_P--300x300.jpg 300w, https:\/\/media.investnews.com.br\/uploads\/2020\/07\/Auxilio_Junho_segunda_P--150x150.jpg 150w, https:\/\/media.investnews.com.br\/uploads\/2020\/07\/Auxilio_Junho_segunda_P--768x767.jpg 768w, https:\/\/media.investnews.com.br\/uploads\/2020\/07\/Auxilio_Junho_segunda_P--936x934.jpg 936w, https:\/\/media.investnews.com.br\/uploads\/2020\/07\/Auxilio_Junho_segunda_P--172x172.jpg 172w, https:\/\/media.investnews.com.br\/uploads\/2020\/07\/Auxilio_Junho_segunda_P--96x96.jpg 96w, https:\/\/media.investnews.com.br\/uploads\/2020\/07\/Auxilio_Junho_segunda_P-.jpg 1200w\" sizes=\"auto, (max-width: 1024px) 100vw, 1024px\" \/><\/figure>\n\n\n\n<p>A<strong>&nbsp;terceira parcela<\/strong>&nbsp;do aux\u00edlio emergencial deste grupo, ser\u00e1 depositada no aplicativo do Caixa Tem desde o dia 28 de agosto at\u00e9 30 de setembro. Os benefici\u00e1rios podem fazer o saque e transfer\u00eancia desta parcela a partir do dia 19 de setembro at\u00e9 27 de outubro. A&nbsp;<strong>quarta parcela<\/strong>&nbsp;do coronavoucher ser\u00e1 paga em outubro e conclui no 13 de novembro. Mas, s\u00f3 ser\u00e1 poss\u00edvel fazer o saque e transfer\u00eancia da 4\u00aa parcela a partir do dia 29 de outubro.&nbsp;<strong>Veja datas<\/strong>:<\/p>\n\n\n\n<figure class=\"wp-block-image\"><img loading=\"lazy\" decoding=\"async\" width=\"1024\" height=\"1022\" src=\"https:\/\/media.investnews.com.br\/uploads\/2020\/07\/Auxilio_Junho_terceira_P-1024x1022.jpg\" alt=\"\" class=\"wp-image-15589\" srcset=\"https:\/\/media.investnews.com.br\/uploads\/2020\/07\/Auxilio_Junho_terceira_P-1024x1022.jpg 1024w, https:\/\/media.investnews.com.br\/uploads\/2020\/07\/Auxilio_Junho_terceira_P-300x300.jpg 300w, https:\/\/media.investnews.com.br\/uploads\/2020\/07\/Auxilio_Junho_terceira_P-150x150.jpg 150w, https:\/\/media.investnews.com.br\/uploads\/2020\/07\/Auxilio_Junho_terceira_P-768x767.jpg 768w, https:\/\/media.investnews.com.br\/uploads\/2020\/07\/Auxilio_Junho_terceira_P-936x934.jpg 936w, https:\/\/media.investnews.com.br\/uploads\/2020\/07\/Auxilio_Junho_terceira_P-172x172.jpg 172w, https:\/\/media.investnews.com.br\/uploads\/2020\/07\/Auxilio_Junho_terceira_P-96x96.jpg 96w, https:\/\/media.investnews.com.br\/uploads\/2020\/07\/Auxilio_Junho_terceira_P.jpg 1200w\" sizes=\"auto, (max-width: 1024px) 100vw, 1024px\" \/><\/figure>\n\n\n\n<figure class=\"wp-block-image\"><img loading=\"lazy\" decoding=\"async\" width=\"1024\" height=\"1022\" src=\"https:\/\/media.investnews.com.br\/uploads\/2020\/07\/Auxilio_Junho_quarta_P-1-1024x1022.jpg\" alt=\"\" class=\"wp-image-15590\" srcset=\"https:\/\/media.investnews.com.br\/uploads\/2020\/07\/Auxilio_Junho_quarta_P-1-1024x1022.jpg 1024w, https:\/\/media.investnews.com.br\/uploads\/2020\/07\/Auxilio_Junho_quarta_P-1-300x300.jpg 300w, https:\/\/media.investnews.com.br\/uploads\/2020\/07\/Auxilio_Junho_quarta_P-1-150x150.jpg 150w, https:\/\/media.investnews.com.br\/uploads\/2020\/07\/Auxilio_Junho_quarta_P-1-768x767.jpg 768w, https:\/\/media.investnews.com.br\/uploads\/2020\/07\/Auxilio_Junho_quarta_P-1-936x934.jpg 936w, https:\/\/media.investnews.com.br\/uploads\/2020\/07\/Auxilio_Junho_quarta_P-1-172x172.jpg 172w, https:\/\/media.investnews.com.br\/uploads\/2020\/07\/Auxilio_Junho_quarta_P-1-96x96.jpg 96w, https:\/\/media.investnews.com.br\/uploads\/2020\/07\/Auxilio_Junho_quarta_P-1.jpg 1200w\" sizes=\"auto, (max-width: 1024px) 100vw, 1024px\" \/><\/figure>\n\n\n\n<p>A&nbsp;<strong>quinta&nbsp;<\/strong>e \u00faltima parcela do aux\u00edlio emergencial para este grupo ser\u00e1 depositada no m\u00eas de novembro. Ser\u00e1 poss\u00edvel transferir e sacar o recurso da 5\u00aa parcela desde 26 de novembro at\u00e9 15 de dezembro.<\/p>\n\n\n\n<figure class=\"wp-block-image\"><img loading=\"lazy\" decoding=\"async\" width=\"1024\" height=\"1022\" src=\"https:\/\/media.investnews.com.br\/uploads\/2020\/07\/Auxilio_Junho_quinta_P-1024x1022.jpg\" alt=\"\" class=\"wp-image-15591\" srcset=\"https:\/\/media.investnews.com.br\/uploads\/2020\/07\/Auxilio_Junho_quinta_P-1024x1022.jpg 1024w, https:\/\/media.investnews.com.br\/uploads\/2020\/07\/Auxilio_Junho_quinta_P-300x300.jpg 300w, https:\/\/media.investnews.com.br\/uploads\/2020\/07\/Auxilio_Junho_quinta_P-150x150.jpg 150w, https:\/\/media.investnews.com.br\/uploads\/2020\/07\/Auxilio_Junho_quinta_P-768x767.jpg 768w, https:\/\/media.investnews.com.br\/uploads\/2020\/07\/Auxilio_Junho_quinta_P-936x934.jpg 936w, https:\/\/media.investnews.com.br\/uploads\/2020\/07\/Auxilio_Junho_quinta_P-172x172.jpg 172w, https:\/\/media.investnews.com.br\/uploads\/2020\/07\/Auxilio_Junho_quinta_P-96x96.jpg 96w, https:\/\/media.investnews.com.br\/uploads\/2020\/07\/Auxilio_Junho_quinta_P.jpg 1200w\" sizes=\"auto, (max-width: 1024px) 100vw, 1024px\" \/><\/figure>\n\n\n\n<h2 class=\"wp-block-heading\">Quem ainda n\u00e3o recebeu nada<\/h2>\n\n\n\n<p><strong>Para os benefici\u00e1rios que ainda n\u00e3o receberam a primeira parcela do aux\u00edlio emergencial, mas fizeram a solicita\u00e7\u00e3o do recurso no site ou aplicativo da Caixa Econ\u00f4mica Federal entre 17 de junho e 2 de julho<\/strong>, o pagamento da 1\u00aa parcela ocorrer\u00e1 a partir do dia 22 de julho at\u00e9 26 de agosto. Ser\u00e1 poss\u00edvel sacar ou transferir o dinheiro a partir de 25 de julho at\u00e9 17 de setembro.<\/p>\n\n\n\n<figure class=\"wp-block-image\"><img loading=\"lazy\" decoding=\"async\" width=\"1024\" height=\"1022\" src=\"https:\/\/media.investnews.com.br\/uploads\/2020\/07\/Auxilio_Ultimo_ciclo_1-1024x1022.jpg\" alt=\"\" class=\"wp-image-15592\" srcset=\"https:\/\/media.investnews.com.br\/uploads\/2020\/07\/Auxilio_Ultimo_ciclo_1-1024x1022.jpg 1024w, https:\/\/media.investnews.com.br\/uploads\/2020\/07\/Auxilio_Ultimo_ciclo_1-300x300.jpg 300w, https:\/\/media.investnews.com.br\/uploads\/2020\/07\/Auxilio_Ultimo_ciclo_1-150x150.jpg 150w, https:\/\/media.investnews.com.br\/uploads\/2020\/07\/Auxilio_Ultimo_ciclo_1-768x767.jpg 768w, https:\/\/media.investnews.com.br\/uploads\/2020\/07\/Auxilio_Ultimo_ciclo_1-936x934.jpg 936w, https:\/\/media.investnews.com.br\/uploads\/2020\/07\/Auxilio_Ultimo_ciclo_1-172x172.jpg 172w, https:\/\/media.investnews.com.br\/uploads\/2020\/07\/Auxilio_Ultimo_ciclo_1-96x96.jpg 96w, https:\/\/media.investnews.com.br\/uploads\/2020\/07\/Auxilio_Ultimo_ciclo_1.jpg 1200w\" sizes=\"auto, (max-width: 1024px) 100vw, 1024px\" \/><\/figure>\n\n\n\n<p>A&nbsp;<strong>segunda parcela&nbsp;<\/strong>deve ser depositada na conta do Caixa Tem entre 28 de agosto e 30 de setembro. E o pagamento da&nbsp;<strong>terceira parcela<\/strong>&nbsp;come\u00e7a em 9 de outubro e vai at\u00e9 13 de novembro. Tanto os pagamentos no aplicativo Caixa Tem como os saques e transfer\u00eancias seguem calend\u00e1rio de acordo com a data de anivers\u00e1rio do benefici\u00e1rio.<\/p>\n\n\n\n<figure class=\"wp-block-image\"><img loading=\"lazy\" decoding=\"async\" width=\"1024\" height=\"1022\" src=\"https:\/\/media.investnews.com.br\/uploads\/2020\/07\/Auxilio_Ultimo_ciclo_2-1024x1022.jpg\" alt=\"\" class=\"wp-image-15593\" srcset=\"https:\/\/media.investnews.com.br\/uploads\/2020\/07\/Auxilio_Ultimo_ciclo_2-1024x1022.jpg 1024w, https:\/\/media.investnews.com.br\/uploads\/2020\/07\/Auxilio_Ultimo_ciclo_2-300x300.jpg 300w, https:\/\/media.investnews.com.br\/uploads\/2020\/07\/Auxilio_Ultimo_ciclo_2-150x150.jpg 150w, https:\/\/media.investnews.com.br\/uploads\/2020\/07\/Auxilio_Ultimo_ciclo_2-768x767.jpg 768w, https:\/\/media.investnews.com.br\/uploads\/2020\/07\/Auxilio_Ultimo_ciclo_2-936x934.jpg 936w, https:\/\/media.investnews.com.br\/uploads\/2020\/07\/Auxilio_Ultimo_ciclo_2-172x172.jpg 172w, https:\/\/media.investnews.com.br\/uploads\/2020\/07\/Auxilio_Ultimo_ciclo_2-96x96.jpg 96w, https:\/\/media.investnews.com.br\/uploads\/2020\/07\/Auxilio_Ultimo_ciclo_2.jpg 1200w\" sizes=\"auto, (max-width: 1024px) 100vw, 1024px\" \/><\/figure>\n\n\n\n<figure class=\"wp-block-image\"><img loading=\"lazy\" decoding=\"async\" width=\"1024\" height=\"1022\" src=\"https:\/\/media.investnews.com.br\/uploads\/2020\/07\/Auxilio_Ultimo_ciclo_3-1024x1022.jpg\" alt=\"\" class=\"wp-image-15594\" srcset=\"https:\/\/media.investnews.com.br\/uploads\/2020\/07\/Auxilio_Ultimo_ciclo_3-1024x1022.jpg 1024w, https:\/\/media.investnews.com.br\/uploads\/2020\/07\/Auxilio_Ultimo_ciclo_3-300x300.jpg 300w, https:\/\/media.investnews.com.br\/uploads\/2020\/07\/Auxilio_Ultimo_ciclo_3-150x150.jpg 150w, https:\/\/media.investnews.com.br\/uploads\/2020\/07\/Auxilio_Ultimo_ciclo_3-768x767.jpg 768w, https:\/\/media.investnews.com.br\/uploads\/2020\/07\/Auxilio_Ultimo_ciclo_3-936x934.jpg 936w, https:\/\/media.investnews.com.br\/uploads\/2020\/07\/Auxilio_Ultimo_ciclo_3-172x172.jpg 172w, https:\/\/media.investnews.com.br\/uploads\/2020\/07\/Auxilio_Ultimo_ciclo_3-96x96.jpg 96w, https:\/\/media.investnews.com.br\/uploads\/2020\/07\/Auxilio_Ultimo_ciclo_3.jpg 1200w\" sizes=\"auto, (max-width: 1024px) 100vw, 1024px\" \/><\/figure>\n\n\n\n<p><strong>A quarta e quinta parcela do aux\u00edlio emergencial para este \u00faltimo grupo de benefici\u00e1rios ser\u00e1 paga ao mesmo tempo.<\/strong>&nbsp;O dep\u00f3sito no aplicativo Caixa Tem inicia no dia 16 de novembro e conclui no dia 30 de novembro. O saque e transfer\u00eancia do recurso vai de 26 de novembro at\u00e9 15 de dezembro. Com esta rodada de pagamentos conclui o pagamento do aux\u00edlio emergencial para todos os brasileiros cadastrados.<\/p>\n\n\n\n<figure class=\"wp-block-image\"><img loading=\"lazy\" decoding=\"async\" width=\"1024\" height=\"1022\" src=\"https:\/\/media.investnews.com.br\/uploads\/2020\/07\/Auxilio_Ultimo_ciclo_4_5-1024x1022.jpg\" alt=\"\" class=\"wp-image-15595\" srcset=\"https:\/\/media.investnews.com.br\/uploads\/2020\/07\/Auxilio_Ultimo_ciclo_4_5-1024x1022.jpg 1024w, https:\/\/media.investnews.com.br\/uploads\/2020\/07\/Auxilio_Ultimo_ciclo_4_5-300x300.jpg 300w, https:\/\/media.investnews.com.br\/uploads\/2020\/07\/Auxilio_Ultimo_ciclo_4_5-150x150.jpg 150w, https:\/\/media.investnews.com.br\/uploads\/2020\/07\/Auxilio_Ultimo_ciclo_4_5-768x767.jpg 768w, https:\/\/media.investnews.com.br\/uploads\/2020\/07\/Auxilio_Ultimo_ciclo_4_5-936x934.jpg 936w, https:\/\/media.investnews.com.br\/uploads\/2020\/07\/Auxilio_Ultimo_ciclo_4_5-172x172.jpg 172w, https:\/\/media.investnews.com.br\/uploads\/2020\/07\/Auxilio_Ultimo_ciclo_4_5-96x96.jpg 96w, https:\/\/media.investnews.com.br\/uploads\/2020\/07\/Auxilio_Ultimo_ciclo_4_5.jpg 1200w\" sizes=\"auto, (max-width: 1024px) 100vw, 1024px\" \/><\/figure>\n\n\n\n<p><br><\/p>\n","protected":false},"excerpt":{"rendered":"<p>Ser\u00e3o beneficiadas 4 milh\u00f5es de pessoas com os R$ 600; destas, 98 mil tiveram o pedido liberado este m\u00eas.<\/p>\n","protected":false},"author":7,"featured_media":9219,"comment_status":"closed","ping_status":"open","sticky":false,"template":"","format":"standard","meta":{"_acf_changed":false,"inline_featured_image":false,"footnotes":""},"categories":[5],"tags":[923,374],"autor-wsj":[],"coauthors":[1494],"class_list":["post-16681","post","type-post","status-publish","format-standard","has-post-thumbnail","hentry","category-economia","tag-coronavoucher","tag-desemprego"],"acf":[],"amp_enabled":true,"_links":{"self":[{"href":"https:\/\/investnews.com.br\/inv-api\/wp\/v2\/posts\/16681","targetHints":{"allow":["GET"]}}],"collection":[{"href":"https:\/\/investnews.com.br\/inv-api\/wp\/v2\/posts"}],"about":[{"href":"https:\/\/investnews.com.br\/inv-api\/wp\/v2\/types\/post"}],"author":[{"embeddable":true,"href":"https:\/\/investnews.com.br\/inv-api\/wp\/v2\/users\/7"}],"replies":[{"embeddable":true,"href":"https:\/\/investnews.com.br\/inv-api\/wp\/v2\/comments?post=16681"}],"version-history":[{"count":2,"href":"https:\/\/investnews.com.br\/inv-api\/wp\/v2\/posts\/16681\/revisions"}],"predecessor-version":[{"id":16683,"href":"https:\/\/investnews.com.br\/inv-api\/wp\/v2\/posts\/16681\/revisions\/16683"}],"wp:featuredmedia":[{"embeddable":true,"href":"https:\/\/investnews.com.br\/inv-api\/wp\/v2\/media\/9219"}],"wp:attachment":[{"href":"https:\/\/investnews.com.br\/inv-api\/wp\/v2\/media?parent=16681"}],"wp:term":[{"taxonomy":"category","embeddable":true,"href":"https:\/\/investnews.com.br\/inv-api\/wp\/v2\/categories?post=16681"},{"taxonomy":"post_tag","embeddable":true,"href":"https:\/\/investnews.com.br\/inv-api\/wp\/v2\/tags?post=16681"},{"taxonomy":"autor-wsj","embeddable":true,"href":"https:\/\/investnews.com.br\/inv-api\/wp\/v2\/autor-wsj?post=16681"},{"taxonomy":"author","embeddable":true,"href":"https:\/\/investnews.com.br\/inv-api\/wp\/v2\/coauthors?post=16681"}],"curies":[{"name":"wp","href":"https:\/\/api.w.org\/{rel}","templated":true}]}}