{"id":17134,"date":"2020-08-18T08:15:35","date_gmt":"2020-08-18T11:15:35","guid":{"rendered":"https:\/\/investnews.com.br\/?p=17134"},"modified":"2024-06-26T12:27:32","modified_gmt":"2024-06-26T15:27:32","slug":"5-fatos-para-saber-hoje-pis-pasep-para-nascidos-em-agosto-greve-dos-correios","status":"publish","type":"post","link":"https:\/\/investnews.com.br\/economia\/5-fatos-para-saber-hoje-pis-pasep-para-nascidos-em-agosto-greve-dos-correios\/","title":{"rendered":"5 fatos para hoje: Abono salarial para nascidos em agosto; Correio em greve"},"content":{"rendered":"\n<h2 class=\"wp-block-heading\">1 &#8211; Caixa paga&nbsp;hoje&nbsp;abono salarial para nascidos em agosto<\/h2>\n\n\n\n<p><strong>A Caixa paga&nbsp;hoje&nbsp;(18) abono salarial para trabalhadores da iniciativa privada nascidos em agosto<\/strong>. J\u00e1 o <strong>Banco do Brasil<\/strong> libera o pagamento para servidores p\u00fablicos com final de inscri\u00e7\u00e3o 1 no <strong>Programa de Forma\u00e7\u00e3o do Patrim\u00f4nio do Servidor P\u00fablico (Pasep)<\/strong>. Esse calend\u00e1rio \u00e9 v\u00e1lido para quem n\u00e3o tem conta na Caixa ou no Banco do Brasil.<\/p>\n\n\n\n<p><strong>LEIA MAIS: <a class=\"rank-math-link\" href=\"https:\/\/investnews.com.br\/economia\/auxilio-emergencial-veja-o-que-fazer-se-voce-teve-problemas-no-cadastro\/\">Aux\u00edlio emergencial: veja o que fazer se voc\u00ea teve problemas no cadastro<\/a><\/strong><\/p>\n\n\n\n<p>O <strong>cr\u00e9dito na conta da Caixa<\/strong>, no caso de trabalhadores de empresas privadas, e na conta do Banco do Brasil, para servidores p\u00fablicos, ocorreu no fim&nbsp;de junho.<\/p>\n\n\n\n<p>Para os trabalhadores da iniciativa privada, vinculados ao Programa de Integra\u00e7\u00e3o Social (PIS), \u00e9 considerado <strong>o m\u00eas de nascimento no calend\u00e1rio de pagamentos<\/strong>. J\u00e1 para os funcion\u00e1rios p\u00fablicos, vale <strong>o d\u00edgito final do n\u00famero de inscri\u00e7\u00e3o do Pasep<\/strong>.<\/p>\n\n\n\n<h2 class=\"wp-block-heading\">2 &#8211; Sancionada lei que abre cr\u00e9dito suplementar de R$ 615,996 mi para minist\u00e9rios<\/h2>\n\n\n\n<p>O <strong>presidente Jair Bolsonaro<\/strong> sancionou o projeto de lei que abre <strong>cr\u00e9dito suplementar no valor de R$ 615,996 milh\u00f5es<\/strong> para os minist\u00e9rios da <strong>Agricultura, Justi\u00e7a e Seguran\u00e7a P\u00fablica e da Defesa<\/strong>. A Lei 14.037 est\u00e1 publicada em edi\u00e7\u00e3o extra do Di\u00e1rio Oficial da Uni\u00e3o que circula na noite desta segunda-feira (17).<\/p>\n\n\n\n<p>Em nota divulgada pela <strong>assessoria de comunica\u00e7\u00e3o social da Presid\u00eancia<\/strong>, o governo esclarece que os recursos ser\u00e3o utilizados no desenvolvimento da <strong>pol\u00edtica nacional pesqueira<\/strong>, na melhoria da <strong>seguran\u00e7a p\u00fablica nacional<\/strong> e na realiza\u00e7\u00e3o da <strong>Opera\u00e7\u00e3o Verde Brasil 2<\/strong>.<\/p>\n\n\n\n<p>&#8220;A medida tem como objetivo possibilitar, dentre outros, a realiza\u00e7\u00e3o da <strong>Opera\u00e7\u00e3o de Garantia da Lei e da Ordem (GLO) na Amaz\u00f4nia Legal, a &#8220;Opera\u00e7\u00e3o Verde Brasil 2<\/strong>&#8220;, cuja vig\u00eancia foi estendida at\u00e9 6 de novembro de 2020. Tamb\u00e9m est\u00e1 previsto o desenvolvimento de a\u00e7\u00f5es relacionadas com a preven\u00e7\u00e3o e o enfrentamento ao delito e \u00e0 viol\u00eancia, al\u00e9m da cria\u00e7\u00e3o da pol\u00edtica nacional pesqueira e aqu\u00edcola em Bananeiras (PB)&#8221;, diz a nota.<\/p>\n\n\n\n<h2 class=\"wp-block-heading\">3 &#8211; Funcion\u00e1rios dos Correios entram em greve<\/h2>\n\n\n\n<p>Cerca de <strong>100 mil funcion\u00e1rios dos Correios<\/strong> em todos os Estados do Pa\u00eds decidiram entrar em <strong>greve a partir das 22 horas desta segunda-feira (17).<\/strong> A paralisa\u00e7\u00e3o ocorre por tempo indeterminado, em protesto contra a <strong>retirada de direitos, a privatiza\u00e7\u00e3o da empresa e a aus\u00eancia de medidas para proteger os empregados da pandemia do novo coronav\u00edrus<\/strong>, informou a Federa\u00e7\u00e3o Nacional dos Trabalhadores em Empresas dos Correios e Similares (Fentect).<\/p>\n\n\n\n<p>Em nota, a federa\u00e7\u00e3o afirma ter sido surpreendida com a revoga\u00e7\u00e3o, a partir de 1\u00ba de agosto, do atual <strong>acordo coletivo<\/strong>, cuja vig\u00eancia vai at\u00e9 2021. Segundo a entidade, <strong>70 cl\u00e1usulas com direitos foram retiradas<\/strong>, como 30% do adicional de risco, vale-alimenta\u00e7\u00e3o, licen\u00e7a-maternidade de 180 dias, aux\u00edlio-creche, indeniza\u00e7\u00e3o por morte e aux\u00edlio para filhos com necessidades especiais, al\u00e9m de pagamentos como adicional noturno e horas extras.<\/p>\n\n\n\n<p>Sobre as a\u00e7\u00f5es da empresa para enfrentamento da pandemia, a federa\u00e7\u00e3o relata que teve de acionar a Justi\u00e7a para garantir aos empregados <strong>equipamentos de prote\u00e7\u00e3o individual, \u00e1lcool em gel, testagem e afastamento daqueles integrantes de grupos de risco<\/strong> e dos que coabitam com crian\u00e7as em idade escolar. A entidade afirma que se trata de estrat\u00e9gia para precarizar e privatizar a empresa.<\/p>\n\n\n\n<h2 class=\"wp-block-heading\">4 &#8211; Seis empresas engrossam fila de abertura de capital na Bolsa<\/h2>\n\n\n\n<p>A corrida das companhias para aproveitar a <strong>janela para abertura de capital<\/strong> est\u00e1 intensa. Nos \u00faltimos dias, seis empresas protocolaram pedido para realizar sua <strong>oferta inicial de a\u00e7\u00f5es (<a href=\"https:\/\/investnews.com.br\/guias\/ipo-o-que-e-e-como-funciona\/\">IPO<\/a>, na sigla em ingl\u00eas)<\/strong> na <a class=\"rank-math-link\" href=\"https:\/\/investnews.com.br\/financas\/acao-da-locaweb-sobe-mais-de-200-desde-ipo-e-so-o-comeco\/\">Comiss\u00e3o de Valores Mobili\u00e1rios (CVM)<\/a>.<\/p>\n\n\n\n<p>Entre as candidatas a abrir o capital est\u00e1 a <strong>Lavvi, do grupo Cyrela<\/strong>, que pretende arrecadar mais de R$ 2,1 bilh\u00f5es, caso seus pap\u00e9is saiam no topo da faixa indicativa de pre\u00e7o. Especializada em <strong>empreendimentos de alto padr\u00e3o<\/strong>, a companhia quer estrear na B3 em 2 de setembro.<\/p>\n\n\n\n<p>Tamb\u00e9m entraram na fila <strong>a empresa de log\u00edstica Sequoia, a Elfa Medicamentos, a EZ In (outra incorporadora), a companhia de varejo Grupo Mateus e a Alphaville<\/strong>, conhecida pelos condom\u00ednios de luxo.<\/p>\n\n\n\n<h2 class=\"wp-block-heading\">5 &#8211; Stone capta cerca de US$ 1,495 bilh\u00e3o em follow on<\/h2>\n\n\n\n<p>A <strong>Stone<\/strong>, empresa brasileira de meio de pagamentos que tem a\u00e7\u00f5es negociadas na Nasdaq, em Nova York, anunciou nesta segunda-feira, que <strong>captou aproximadamente US$ 1,495 bilh\u00e3o (cerca de R$ 8,2 bilh\u00f5es) na<\/strong> <strong>oferta subsequente (follow on)<\/strong>, mediante emiss\u00e3o de 31,481,250 a\u00e7\u00f5es Classe A, incluindo lote adicional de 4,106,250 de a\u00e7\u00f5es, a US$ 47,50 por papel.<\/p>\n\n\n\n<p><strong>LEIA MAIS: <a class=\"rank-math-link\" href=\"https:\/\/investnews.com.br\/negocios\/acao-da-linx-dispara-com-interesse-de-totvs-e-stone\/\">A\u00e7\u00e3o da Linx dispara 11% ap\u00f3s \u2018investida\u2019 de Totvs e Stone<\/a><\/strong><\/p>\n\n\n\n<p>&#8220;A empresa pretende usar o valor l\u00edquido da emiss\u00e3o para financiar a poss\u00edvel <strong>aquisi\u00e7\u00e3o da Linx<\/strong> e para pagar eventuais taxas e despesas relacionadas \u00e0 transa\u00e7\u00e3o, al\u00e9m de prop\u00f3sitos corporativos gerais&#8221;, diz a empresa no formul\u00e1rio 6-K enviado \u00e0 Comiss\u00e3o de Valores Mobili\u00e1rios dos Estados Unidos (SEC, na sigla em ingl\u00eas). &#8220;Se por qualquer raz\u00e3o a aquisi\u00e7\u00e3o da Linx n\u00e3o for consumada, a empresa pretende usar o valor da oferta para prop\u00f3sitos corporativos gerais.&#8221;<\/p>\n\n\n\n<ul class=\"wp-block-list\">\n<li><strong><em>Descubra se <\/em><\/strong><a href=\"https:\/\/investnews.com.br\/guias\/o-que-e-nit\/\">nit e pis \u00e9 a mesma coisa<\/a><strong><em>?<\/em><\/strong><\/li>\n<\/ul>\n\n\n\n<p><strong>Veja tamb\u00e9m:<\/strong><\/p>\n\n\n\n<p>\u2022 Como consultar seu n\u00famero do PIS ou <a href=\"https:\/\/investnews.com.br\/geral\/como-consultar-seu-numero-do-pis-ou-nis-veja-em-5-passos\/\"><strong>NIS<\/strong><\/a>? Veja em 5 passos.<\/p>\n\n\n\n<p><em>*Com Estad\u00e3o Conte\u00fado<\/em><\/p>\n","protected":false},"excerpt":{"rendered":"<p>Decidida ontem, a greve representa o temor dos funcion\u00e1rios com a privatiza\u00e7\u00e3o da empresa.<\/p>\n","protected":false},"author":17,"featured_media":17135,"comment_status":"closed","ping_status":"open","sticky":false,"template":"","format":"standard","meta":{"_acf_changed":false,"inline_featured_image":false,"footnotes":""},"categories":[5],"tags":[58,1876,234,57,728,1848,1189],"autor-wsj":[],"coauthors":[1498],"class_list":["post-17134","post","type-post","status-publish","format-standard","has-post-thumbnail","hentry","category-economia","tag-caixa-economica-federal","tag-correios","tag-jair-bolsonaro","tag-banco-do-brasil","tag-grupo-mateus","tag-linx","tag-stone"],"acf":[],"amp_enabled":true,"_links":{"self":[{"href":"https:\/\/investnews.com.br\/inv-api\/wp\/v2\/posts\/17134","targetHints":{"allow":["GET"]}}],"collection":[{"href":"https:\/\/investnews.com.br\/inv-api\/wp\/v2\/posts"}],"about":[{"href":"https:\/\/investnews.com.br\/inv-api\/wp\/v2\/types\/post"}],"author":[{"embeddable":true,"href":"https:\/\/investnews.com.br\/inv-api\/wp\/v2\/users\/17"}],"replies":[{"embeddable":true,"href":"https:\/\/investnews.com.br\/inv-api\/wp\/v2\/comments?post=17134"}],"version-history":[{"count":6,"href":"https:\/\/investnews.com.br\/inv-api\/wp\/v2\/posts\/17134\/revisions"}],"predecessor-version":[{"id":565556,"href":"https:\/\/investnews.com.br\/inv-api\/wp\/v2\/posts\/17134\/revisions\/565556"}],"wp:featuredmedia":[{"embeddable":true,"href":"https:\/\/investnews.com.br\/inv-api\/wp\/v2\/media\/17135"}],"wp:attachment":[{"href":"https:\/\/investnews.com.br\/inv-api\/wp\/v2\/media?parent=17134"}],"wp:term":[{"taxonomy":"category","embeddable":true,"href":"https:\/\/investnews.com.br\/inv-api\/wp\/v2\/categories?post=17134"},{"taxonomy":"post_tag","embeddable":true,"href":"https:\/\/investnews.com.br\/inv-api\/wp\/v2\/tags?post=17134"},{"taxonomy":"autor-wsj","embeddable":true,"href":"https:\/\/investnews.com.br\/inv-api\/wp\/v2\/autor-wsj?post=17134"},{"taxonomy":"author","embeddable":true,"href":"https:\/\/investnews.com.br\/inv-api\/wp\/v2\/coauthors?post=17134"}],"curies":[{"name":"wp","href":"https:\/\/api.w.org\/{rel}","templated":true}]}}