{"id":17181,"date":"2020-08-18T18:45:05","date_gmt":"2020-08-18T21:45:05","guid":{"rendered":"https:\/\/investnews.com.br\/?p=17181"},"modified":"2020-08-18T18:45:07","modified_gmt":"2020-08-18T21:45:07","slug":"pib-do-brasil-recua-87-no-2-trimestre-aponta-fgv","status":"publish","type":"post","link":"https:\/\/investnews.com.br\/economia\/pib-do-brasil-recua-87-no-2-trimestre-aponta-fgv\/","title":{"rendered":"PIB do Brasil recua 8,7% no 2\u00b0 trimestre, aponta FGV"},"content":{"rendered":"\n<p><strong>O Produto Interno Bruto (PIB, a soma de todos os bens e servi\u00e7os produzidos no pa\u00eds) caiu 8,7% no segundo trimestre deste ano<\/strong>, em rela\u00e7\u00e3o ao per\u00edodo imediatamente anterior, na an\u00e1lise da s\u00e9rie dessazonalizada. \u00c9 o que indica o Monitor do PIB, divulgado hoje (18) pela Funda\u00e7\u00e3o Getulio Vargas. <\/p>\n\n\n\n<p><strong>MAIS:<\/strong> <a href=\"https:\/\/investnews.com.br\/economia\/entenda-o-calculo-do-pib\/\" class=\"rank-math-link\"><strong>Como funciona o c\u00e1lculo do PIB? Entenda<\/strong><\/a><\/p>\n\n\n\n<p>De acordo com o coordenador do Monitor do PIB-FGV, Cl\u00e1udio Considera, o resultado da economia no segundo trimestre foi \u201co pior j\u00e1 vivenciado pelo pa\u00eds desde 1980\u201d. J\u00e1 na avalia\u00e7\u00e3o mensal, o <strong>indicador da atividade econ\u00f4mica do Brasil teve alta de 4,2% em junho<\/strong>, se comparado a maio. Na compara\u00e7\u00e3o interanual, a economia recuou 10,5% entre abril em junho e 6,5% em junho.\u00a0<\/p>\n\n\n\n<h2 class=\"wp-block-heading\">Covid-19<\/h2>\n\n\n\n<p>Para Cl\u00e1udio Considera, \u00e9 ineg\u00e1vel que a pandemia da covid-19 trouxe enormes desafios para a economia brasileira, que ainda deve demorar a ter solu\u00e7\u00e3o. Apesar disso, segundo o coordenador, na an\u00e1lise desagregada dos meses do segundo trimestre, foi poss\u00edvel notar que o pior desempenho foi em abril.&nbsp;<\/p>\n\n\n\n<p>\u201cEmbora as taxas interanuais de maio e junho ainda estejam muito negativas, j\u00e1 houve melhora dos resultados nesses meses na compara\u00e7\u00e3o dessazonalizada. Esses resultados mostram que, embora a economia esteja no segundo trimestre em situa\u00e7\u00e3o pior em compara\u00e7\u00e3o ao anterior, no curto prazo j\u00e1 se observa uma melhora da atividade.\u201d disse.<\/p>\n","protected":false},"excerpt":{"rendered":"<p>Resultado teria sido o pior j\u00e1 registrado pelo pa\u00eds desde 1980.<\/p>\n","protected":false},"author":5,"featured_media":17182,"comment_status":"closed","ping_status":"open","sticky":false,"template":"","format":"standard","meta":{"_acf_changed":false,"inline_featured_image":false,"footnotes":""},"categories":[5],"tags":[780,53],"autor-wsj":[],"coauthors":[1495],"class_list":["post-17181","post","type-post","status-publish","format-standard","has-post-thumbnail","hentry","category-economia","tag-agronegocio","tag-pib"],"acf":[],"amp_enabled":true,"_links":{"self":[{"href":"https:\/\/investnews.com.br\/inv-api\/wp\/v2\/posts\/17181","targetHints":{"allow":["GET"]}}],"collection":[{"href":"https:\/\/investnews.com.br\/inv-api\/wp\/v2\/posts"}],"about":[{"href":"https:\/\/investnews.com.br\/inv-api\/wp\/v2\/types\/post"}],"author":[{"embeddable":true,"href":"https:\/\/investnews.com.br\/inv-api\/wp\/v2\/users\/5"}],"replies":[{"embeddable":true,"href":"https:\/\/investnews.com.br\/inv-api\/wp\/v2\/comments?post=17181"}],"version-history":[{"count":1,"href":"https:\/\/investnews.com.br\/inv-api\/wp\/v2\/posts\/17181\/revisions"}],"predecessor-version":[{"id":17184,"href":"https:\/\/investnews.com.br\/inv-api\/wp\/v2\/posts\/17181\/revisions\/17184"}],"wp:featuredmedia":[{"embeddable":true,"href":"https:\/\/investnews.com.br\/inv-api\/wp\/v2\/media\/17182"}],"wp:attachment":[{"href":"https:\/\/investnews.com.br\/inv-api\/wp\/v2\/media?parent=17181"}],"wp:term":[{"taxonomy":"category","embeddable":true,"href":"https:\/\/investnews.com.br\/inv-api\/wp\/v2\/categories?post=17181"},{"taxonomy":"post_tag","embeddable":true,"href":"https:\/\/investnews.com.br\/inv-api\/wp\/v2\/tags?post=17181"},{"taxonomy":"autor-wsj","embeddable":true,"href":"https:\/\/investnews.com.br\/inv-api\/wp\/v2\/autor-wsj?post=17181"},{"taxonomy":"author","embeddable":true,"href":"https:\/\/investnews.com.br\/inv-api\/wp\/v2\/coauthors?post=17181"}],"curies":[{"name":"wp","href":"https:\/\/api.w.org\/{rel}","templated":true}]}}