{"id":17398,"date":"2020-08-20T16:00:51","date_gmt":"2020-08-20T19:00:51","guid":{"rendered":"https:\/\/investnews.com.br\/?p=17398"},"modified":"2020-08-20T15:58:00","modified_gmt":"2020-08-20T18:58:00","slug":"ao-lado-de-lideres-do-governo-maia-diz-que-vai-trabalhar-por-manutencao-de-veto","status":"publish","type":"post","link":"https:\/\/investnews.com.br\/economia\/ao-lado-de-lideres-do-governo-maia-diz-que-vai-trabalhar-por-manutencao-de-veto\/","title":{"rendered":"Maia diz que vai defender veto a reajustes de servidores"},"content":{"rendered":"\n<p>Ao lado dos l\u00edderes do governo e aliados, <strong>o presidente da C\u00e2mara, Rodrigo Maia (DEM-RJ), afirmou que vai trabalhar para manter o veto do presidente Jair Bolsonaro ao reajuste do sal\u00e1rio de servidores p\u00fablicos durante a pandemia do novo coronav\u00edrus<\/strong>. Apesar de dizer que discorda do resultado da vota\u00e7\u00e3o do Senado, Maia disse que a fala do ministro Paulo Guedes contra a decis\u00e3o dos senadores &#8220;atrapalha&#8221; o processo no Legislativo.<\/p>\n\n\n\n<p><strong>LEIA MAIS: <\/strong><\/p>\n\n\n\n<ul class=\"wp-block-list\"><li><strong><a href=\"https:\/\/investnews.com.br\/economia\/para-onde-vai-a-divida-publica-no-brasil-pos-pandemia\/\" class=\"rank-math-link\">Para onde vai a d\u00edvida p\u00fablica no Brasil p\u00f3s-pandemia<\/a><\/strong><\/li><li><strong><a class=\"rank-math-link\" href=\"https:\/\/investnews.com.br\/geral\/5-fatos-sobre-hoje-senado-vota-reajuste-para-servidores-guedes-faz-criticas\/\">5 fatos para saber hoje: Senado libera reajuste para servidores; Guedes critica<\/a><\/strong><\/li><\/ul>\n\n\n\n<p>&#8220;Sabemos que o fluxo de recursos vai ser reduzido e isso ter\u00e1 um impacto ainda nos pr\u00f3ximos meses, at\u00e9 o pr\u00f3ximo ano, na economia e na vida das pessoas. Ent\u00e3o, <strong>n\u00f3s entendemos que esse veto \u00e9 muito importante<\/strong> a sua manuten\u00e7\u00e3o para que a gente possa dar uma sinaliza\u00e7\u00e3o clara de que queremos atender Estados, Munic\u00edpios e sociedade, <strong>mas tudo dentro do equil\u00edbrio fiscal<\/strong>&#8220;, afirmou em entrevista coletiva a jornalistas.<\/p>\n\n\n\n<p><strong>Maia deixou claro que possui &#8220;diverg\u00eancias&#8221; com a vota\u00e7\u00e3o do Senado que resultou na derrubada do veto<\/strong>, mas defendeu a Casa das cr\u00edticas do ministro Paulo Guedes. &#8220;N\u00e3o \u00e9 porque o Senado fez uma vota\u00e7\u00e3o que eu, pessoalmente, tenho diverg\u00eancia com o resultado que n\u00f3s devemos atacar o Senado. As vota\u00e7\u00f5es s\u00e3o democr\u00e1ticas e o processo de vota\u00e7\u00e3o, uma Casa vota e a outra \u00e9 revisora.&#8221;<\/p>\n\n\n\n<p>Em seguida, <strong>Maia disse que &#8220;n\u00e3o ajuda&#8221; o ministro Paulo Guedes &#8220;atacar&#8221; a institui\u00e7\u00e3o.<\/strong> &#8220;Isso (cr\u00edtica), inclusive, atrapalha e pode contaminar o nosso processo de vota\u00e7\u00e3o. Ent\u00e3o, nosso respeito ao Senado Federal, \u00e0 sua independ\u00eancia, \u00e0 democracia e \u00e0 liberdade do voto de cada um&#8221;, acrescentou.<\/p>\n\n\n\n<p>Em gesto simb\u00f3lico, Maia falou com a imprensa ao lado dos l\u00edderes do governo na C\u00e2mara, Ricardo Barros (PP-PR), e do Congresso, Eduardo Gomes (MDB-TO).<\/p>\n\n\n\n<p>Tamb\u00e9m estavam pr\u00f3ximos os parlamentares Efraim Filho (DEM-PB), Luis Miranda (DEM-DF), Marcelo Ramos (PL-AM), Arthur Lira (PP-AL), Aguinaldo Ribeiro (PP-PB) e Baleia Rossi (MDB-SP). A declara\u00e7\u00e3o ocorreu ap\u00f3s reuni\u00e3o entre eles para tratar da vota\u00e7\u00e3o.<\/p>\n\n\n\n<p>Para o presidente da C\u00e2mara, o encontro com l\u00edderes serviu para mostrar a responsabilidade dos congressistas com o Pa\u00eds. &#8220;<strong>Todos esses partidos, desde o governo Michel Temer, t\u00eam trabalhado juntos e votado juntos esse caminho do equil\u00edbrio fiscal<\/strong> e do respeito ao controle de gastos, come\u00e7ando com a PEC (Proposta de Emenda \u00e0 Constitui\u00e7\u00e3o) do Teto de Gastos.&#8221;<\/p>\n","protected":false},"excerpt":{"rendered":"<p>O presidente da C\u00e2mara revelou ter discord\u00e2ncias com os parlamentares do senado.<\/p>\n","protected":false},"author":17,"featured_media":5144,"comment_status":"closed","ping_status":"open","sticky":false,"template":"","format":"standard","meta":{"_acf_changed":false,"inline_featured_image":false,"footnotes":""},"categories":[5],"tags":[234,347],"autor-wsj":[],"coauthors":[1498],"class_list":["post-17398","post","type-post","status-publish","format-standard","has-post-thumbnail","hentry","category-economia","tag-jair-bolsonaro","tag-paulo-guedes"],"acf":[],"amp_enabled":true,"_links":{"self":[{"href":"https:\/\/investnews.com.br\/inv-api\/wp\/v2\/posts\/17398","targetHints":{"allow":["GET"]}}],"collection":[{"href":"https:\/\/investnews.com.br\/inv-api\/wp\/v2\/posts"}],"about":[{"href":"https:\/\/investnews.com.br\/inv-api\/wp\/v2\/types\/post"}],"author":[{"embeddable":true,"href":"https:\/\/investnews.com.br\/inv-api\/wp\/v2\/users\/17"}],"replies":[{"embeddable":true,"href":"https:\/\/investnews.com.br\/inv-api\/wp\/v2\/comments?post=17398"}],"version-history":[{"count":3,"href":"https:\/\/investnews.com.br\/inv-api\/wp\/v2\/posts\/17398\/revisions"}],"predecessor-version":[{"id":17405,"href":"https:\/\/investnews.com.br\/inv-api\/wp\/v2\/posts\/17398\/revisions\/17405"}],"wp:featuredmedia":[{"embeddable":true,"href":"https:\/\/investnews.com.br\/inv-api\/wp\/v2\/media\/5144"}],"wp:attachment":[{"href":"https:\/\/investnews.com.br\/inv-api\/wp\/v2\/media?parent=17398"}],"wp:term":[{"taxonomy":"category","embeddable":true,"href":"https:\/\/investnews.com.br\/inv-api\/wp\/v2\/categories?post=17398"},{"taxonomy":"post_tag","embeddable":true,"href":"https:\/\/investnews.com.br\/inv-api\/wp\/v2\/tags?post=17398"},{"taxonomy":"autor-wsj","embeddable":true,"href":"https:\/\/investnews.com.br\/inv-api\/wp\/v2\/autor-wsj?post=17398"},{"taxonomy":"author","embeddable":true,"href":"https:\/\/investnews.com.br\/inv-api\/wp\/v2\/coauthors?post=17398"}],"curies":[{"name":"wp","href":"https:\/\/api.w.org\/{rel}","templated":true}]}}