{"id":17496,"date":"2020-08-21T12:23:50","date_gmt":"2020-08-21T15:23:50","guid":{"rendered":"https:\/\/investnews.com.br\/?p=17496"},"modified":"2024-06-25T09:46:29","modified_gmt":"2024-06-25T12:46:29","slug":"as-economias-estao-se-recuperando-gafisa-e-tecnisa-saltam-com-fusao-no-radar","status":"publish","type":"post","link":"https:\/\/investnews.com.br\/financas\/as-economias-estao-se-recuperando-gafisa-e-tecnisa-saltam-com-fusao-no-radar\/","title":{"rendered":"As economias est\u00e3o se recuperando? Gafisa e Tecnisa saltam com fus\u00e3o no radar"},"content":{"rendered":"\n<figure class=\"wp-block-embed-youtube wp-block-embed is-type-video is-provider-youtube wp-embed-aspect-16-9 wp-has-aspect-ratio\"><div class=\"wp-block-embed__wrapper\">\n<iframe loading=\"lazy\" title=\"As economias est\u00e3o se recuperando? Gafisa e Tecnisa saltam com fus\u00e3o no radar\" width=\"500\" height=\"281\" src=\"https:\/\/www.youtube.com\/embed\/aF1e4VYvPzc?feature=oembed\" frameborder=\"0\" allow=\"accelerometer; autoplay; clipboard-write; encrypted-media; gyroscope; picture-in-picture; web-share\" referrerpolicy=\"strict-origin-when-cross-origin\" allowfullscreen><\/iframe>\n<\/div><\/figure>\n\n\n\n<p>Ap\u00f3s dados econ\u00f4micos apontarem para um ritmo de recupera\u00e7\u00e3o da covid-19, <strong>indicadores da Europa d\u00e3o sinais de desacelera\u00e7\u00e3o e denunciam que a retomada n\u00e3o deve ser t\u00e3o r\u00e1pida assim<\/strong>, mas n\u00fameros melhores dos EUA deram um al\u00edvio. A not\u00edcia abalou mais cedo o \u00e2nimo do mercado e derrubou as bolsas, inclusive o Ibovespa, ofuscando a vit\u00f3ria do governo na manuten\u00e7\u00e3o do veto ao reajuste de servidores p\u00fablicos. <strong>As principais not\u00edcias para quem acompanha o <a href=\"https:\/\/investnews.com.br\/guias\/como-funciona-o-mercado-financeiro\/\">mercado financeiro<\/a>, no Flash InvestNews, com Ta\u00eds Laporta<\/strong>. Os destaques da bolsa nesta manh\u00e3, a cota\u00e7\u00e3o do Ibovespa e d\u00f3lar, al\u00e9m de outras informa\u00e7\u00f5es que podem influenciar seus investimentos e <a href=\"https:\/\/investnews.com.br\/guias\/rentabilidade\/\">rentabilidade<\/a>. <\/p>\n\n\n\n<p><strong>TRECHOS DO PROGRAMA: <\/strong><\/p>\n\n\n\n<p>VIT\u00d3RIA DO GOVERNO NO VETO A REAJUSTES <\/p>\n\n\n\n<p>DISCURSO DO PRESIDENTE DO FED, JEROME POWELL <\/p>\n\n\n\n<p>DADOS RUINS NA EUROPA E EUA <\/p>\n\n\n\n<p>VACINA J\u00c1 EM OUTUBRO <\/p>\n\n\n\n<p>PREJU\u00cdZO DA COGNA (<a href=\"https:\/\/investnews.com.br\/cotacao\/acao\/?ticker=COGN3\" class=\"rank-math-link\">COGN3<\/a>) <\/p>\n\n\n\n<p><a href=\"https:\/\/investnews.com.br\/analise\/cogna-divulgou-seu-balanco-do-segundo-trimestre-vale-a-pena-comprar-cogn3\/\" class=\"rank-math-link\">AN\u00c1LISE DE JOS\u00c9 FALC\u00c3O SOBRE A COGNA<\/a><\/p>\n\n\n\n<p>BANCO PAN FAR\u00c1 OFERTA DE A\u00c7\u00d5ES <\/p>\n\n\n\n<p><a class=\"rank-math-link\" href=\"https:\/\/investnews.com.br\/negocios\/gafisa-anuncia-oferta-de-acoes-e-fixa-o-valor-de-r-459-por-emissao\/\">GAFISA<\/a> (<a href=\"https:\/\/investnews.com.br\/cotacao\/\" class=\"rank-math-link\">GFSA3<\/a>) E TECNISA (<a href=\"https:\/\/investnews.com.br\/cotacao\/\" class=\"rank-math-link\">TCSA3<\/a>) DISPARAM <\/p>\n\n\n\n<p><strong>DESTAQUES DO IN$: <\/strong><\/p>\n\n\n\n<p><a class=\"rank-math-link\" href=\"https:\/\/investnews.com.br\/financas\/veja-19-acoes-que-atingiram-seu-maior-preco-historico-nos-ultimos-30-dias\/\">19 A\u00c7\u00d5ES QUE CHEGARAM AO TOPO NO \u00daLTIMO M\u00caS <\/a><\/p>\n","protected":false},"excerpt":{"rendered":"<p>No Flash, Ta\u00eds Laporta comenta os indicadores que preocupam os mercados e trazem incertezas sobre a retomada.<\/p>\n","protected":false},"author":17,"featured_media":17497,"comment_status":"closed","ping_status":"open","sticky":false,"template":"","format":"video","meta":{"_acf_changed":false,"inline_featured_image":false,"footnotes":""},"categories":[4],"tags":[1019,26,842,15,167,1844,1719],"autor-wsj":[],"coauthors":[1498],"class_list":["post-17496","post","type-post","status-publish","format-video","has-post-thumbnail","hentry","category-financas","tag-ajuste-fiscal","tag-dolar","tag-economia-mundial","tag-flash","tag-cogna","tag-gafisa","tag-teto-de-gastos","post_format-post-format-video"],"acf":[],"amp_enabled":true,"_links":{"self":[{"href":"https:\/\/investnews.com.br\/inv-api\/wp\/v2\/posts\/17496","targetHints":{"allow":["GET"]}}],"collection":[{"href":"https:\/\/investnews.com.br\/inv-api\/wp\/v2\/posts"}],"about":[{"href":"https:\/\/investnews.com.br\/inv-api\/wp\/v2\/types\/post"}],"author":[{"embeddable":true,"href":"https:\/\/investnews.com.br\/inv-api\/wp\/v2\/users\/17"}],"replies":[{"embeddable":true,"href":"https:\/\/investnews.com.br\/inv-api\/wp\/v2\/comments?post=17496"}],"version-history":[{"count":5,"href":"https:\/\/investnews.com.br\/inv-api\/wp\/v2\/posts\/17496\/revisions"}],"predecessor-version":[{"id":262390,"href":"https:\/\/investnews.com.br\/inv-api\/wp\/v2\/posts\/17496\/revisions\/262390"}],"wp:featuredmedia":[{"embeddable":true,"href":"https:\/\/investnews.com.br\/inv-api\/wp\/v2\/media\/17497"}],"wp:attachment":[{"href":"https:\/\/investnews.com.br\/inv-api\/wp\/v2\/media?parent=17496"}],"wp:term":[{"taxonomy":"category","embeddable":true,"href":"https:\/\/investnews.com.br\/inv-api\/wp\/v2\/categories?post=17496"},{"taxonomy":"post_tag","embeddable":true,"href":"https:\/\/investnews.com.br\/inv-api\/wp\/v2\/tags?post=17496"},{"taxonomy":"autor-wsj","embeddable":true,"href":"https:\/\/investnews.com.br\/inv-api\/wp\/v2\/autor-wsj?post=17496"},{"taxonomy":"author","embeddable":true,"href":"https:\/\/investnews.com.br\/inv-api\/wp\/v2\/coauthors?post=17496"}],"curies":[{"name":"wp","href":"https:\/\/api.w.org\/{rel}","templated":true}]}}