{"id":17607,"date":"2020-08-24T08:53:47","date_gmt":"2020-08-24T11:53:47","guid":{"rendered":"https:\/\/investnews.com.br\/?p=17607"},"modified":"2025-11-13T11:59:14","modified_gmt":"2025-11-13T14:59:14","slug":"5-fatos-para-hoje-caixa-credita-fgts-para-nascidos-em-agosto-restituicao-do-ir","status":"publish","type":"post","link":"https:\/\/investnews.com.br\/economia\/5-fatos-para-hoje-caixa-credita-fgts-para-nascidos-em-agosto-restituicao-do-ir\/","title":{"rendered":"5 fatos para hoje: Caixa credita FGTS para nascidos em agosto; restitui\u00e7\u00e3o do IR"},"content":{"rendered":"\n<h2 class=\"wp-block-heading\">1 &#8211; Caixa credita&nbsp;hoje&nbsp;saque emergencial do FGTS para nascidos em agosto<\/h2>\n\n\n\n<p><strong>Os trabalhadores nascidos em agosto come\u00e7am a receber&nbsp;hoje&nbsp;(24) o cr\u00e9dito do saque emergencial do Fundo de Garantia do Tempo de Servi\u00e7o (FGTS) de at\u00e9 R$ 1.045<\/strong>. O pagamento ser\u00e1 feito por meio da conta <a href=\"https:\/\/investnews.com.br\/guias\/poupanca-como-funciona-quanto-rende\/\">poupan\u00e7a<\/a> digital da Caixa Econ\u00f4mica Federal.<\/p>\n\n\n\n<p><strong>LEIA MAIS:<\/strong><\/p>\n\n\n\n<ul class=\"wp-block-list\">\n<li><strong><a class=\"rank-math-link\" href=\"https:\/\/investnews.com.br\/economia\/nao-conseguiu-sacar-os-r-1-045-do-fgts-saiba-o-que-fazer\/\">N\u00e3o conseguiu sacar os R$ 1.045 do FGTS? Saiba o que fazer<\/a><\/strong><\/li>\n\n\n\n<li><strong><a class=\"rank-math-link\" href=\"https:\/\/investnews.com.br\/economia\/fgts-saque-dos-r-1-045-comeca-dia-29-veja-o-calendario\/\">FGTS: saque dos R$ 1.045 come\u00e7a dia 29; veja o calend\u00e1rio<\/a><\/strong><\/li>\n<\/ul>\n\n\n\n<p>Apesar de a&nbsp;Medida Provis\u00f3ria 946, que instituiu o saque emergencial,&nbsp;ter&nbsp;perdido a validade, <strong>a Caixa manteve o&nbsp;calend\u00e1rio de saques<\/strong>, com base no princ\u00edpio da seguran\u00e7a jur\u00eddica. Ao todo, <strong>o governo pretende injetar R$ 37,8 bilh\u00f5es na economia<\/strong>,&nbsp;beneficiando cerca de 60 milh\u00f5es&nbsp;de pessoas.<\/p>\n\n\n\n<p>Anunciado como instrumento de ajuda aos trabalhadores afetados pela pandemia do novo coronav\u00edrus, <strong>o saque emergencial permite a retirada de at\u00e9 R$ 1.045, considerando a soma dos saldos de todas as contas no FGTS<\/strong>. O valor abrange tanto as contas ativas quanto as inativas.<\/p>\n\n\n\n<h2 class=\"wp-block-heading\">2 &#8211; Receita abre&nbsp;hoje&nbsp;consulta a quarto lote de restitui\u00e7\u00e3o do IR<\/h2>\n\n\n\n<p><strong>A Receita Federal abre&nbsp;hoje&nbsp;(24), \u00e0s 9h, a consulta ao quarto lote de restitui\u00e7\u00e3o do <a href=\"https:\/\/investnews.com.br\/guias\/imposto-de-renda-o-que-e\/\">Imposto de Renda<\/a> Pessoa F\u00edsica (IRPF) de 2020<\/strong>. O cr\u00e9dito banc\u00e1rio para 4.479.172 contribuintes ser\u00e1 realizado no dia&nbsp;31 de agosto, totalizando o valor de R$ 5,7 bilh\u00f5es.<\/p>\n\n\n\n<p><strong>Desse total, R$&nbsp;248, 63&nbsp;referem-se ao quantitativo de contribuintes que t\u00eam prioridade legal<\/strong>: 6.633 idosos acima de 80 anos, 36.155 entre 60 e 79 anos, 4.308 contribuintes com alguma defici\u00eancia f\u00edsica ou mental ou doen\u00e7a grave e 17.787 cuja maior fonte de renda seja o magist\u00e9rio.<\/p>\n\n\n\n<p>Foram contemplados ainda 4.414.289 contribuintes n\u00e3o priorit\u00e1rios que entregaram a declara\u00e7\u00e3o at\u00e9 o dia&nbsp;19 de junho&nbsp;de 2020.<\/p>\n\n\n\n<p><strong>Para saber se teve a declara\u00e7\u00e3o liberada, o contribuinte deve acessar a\u00a0p\u00e1gina da Receita Federal na internet<\/strong>. Na consulta \u00e0 p\u00e1gina da Receita, no Portal e-CAC, \u00e9 poss\u00edvel acessar o servi\u00e7o Meu Imposto de Renda e ver se h\u00e1 inconsist\u00eancias de dados identificadas pelo processamento. Nessa hip\u00f3tese, o contribuinte pode avaliar as inconsist\u00eancias e fazer a autorregulariza\u00e7\u00e3o, mediante entrega de declara\u00e7\u00e3o retificadora.<\/p>\n\n\n\n<h2 class=\"wp-block-heading\">3 &#8211; Brasil registra 3,6 milh\u00f5es de casos de covid-19 e 114,7 mil mortes<\/h2>\n\n\n\n<p><strong>O Minist\u00e9rio da Sa\u00fade informou neste domingo (23) que o Brasil est\u00e1 com um total de 3.605.783 casos confirmados de covid-19 desde o in\u00edcio da pandemia<\/strong>. Entre s\u00e1bado (22) e domingo, foram notificadas pelas secretarias de sa\u00fade dos estados e munic\u00edpios mais 23.421 pessoas diagnosticadas com o novo coronav\u00edrus. <strong>O n\u00famero total de \u00f3bitos pela doen\u00e7a \u00e9 de 114.744<\/strong>, sendo que 494 foram registrados nas \u00faltimas 24 horas.<\/p>\n\n\n\n<p>As estat\u00edsticas s\u00e3o menores aos domingos e segundas-feiras em raz\u00e3o da dificuldade de registro dos dados pelas secretarias de sa\u00fade aos fins de semana. <strong>J\u00e1 \u00e0s ter\u00e7as-feiras h\u00e1 tend\u00eancia de n\u00fameros maiores<\/strong> em fun\u00e7\u00e3o do ac\u00famulo de registros que s\u00e3o enviados ao sistema do Minist\u00e9rio da Sa\u00fade.<\/p>\n\n\n\n<h2 class=\"wp-block-heading\">4 &#8211; IRB ainda deve sofrer &#8216;sequelas dolorosas&#8217;, diz Squadra em relat\u00f3rio<\/h2>\n\n\n\n<p><strong>A Squadra Investimentos afirma que reconhece o trabalho e os esfor\u00e7os da nova gest\u00e3o do IRB Brasil Re (IRBR3) para revisar estrat\u00e9gia, n\u00fameros e contratos anteriores do ressegurador, mas que ainda enxerga uma &#8220;\u00f3tima rela\u00e7\u00e3o risco x retorno&#8221; para permanecer vendida nas a\u00e7\u00f5es da companhia<\/strong>. As afirma\u00e7\u00f5es est\u00e3o em nova carta da gestora, enviada aos cotistas na sexta-feira (21). Entre outros pontos, o texto aponta que <strong>ainda h\u00e1 espa\u00e7o para redu\u00e7\u00e3o do patrim\u00f4nio do IRB<\/strong>, em &#8220;sequelas dolorosas&#8221; do modelo de neg\u00f3cios adotado pela antiga c\u00fapula da companhia.<\/p>\n\n\n\n<p>A carta vem ap\u00f3s outras duas, publicadas em fevereiro, e que questionavam <strong>a recorr\u00eancia dos resultados do IRB e a <a href=\"https:\/\/investnews.com.br\/guias\/rentabilidade\/\">rentabilidade<\/a> apresentada pelo ressegurador ante seus pares internacionais em exerc\u00edcios recentes<\/strong>. As missivas, que justificavam a posi\u00e7\u00e3o short (vendida) da gestora nos pap\u00e9is do IRB, desencadearam uma crise de credibilidade que culminaria na demiss\u00e3o da antiga c\u00fapula e na republica\u00e7\u00e3o de balan\u00e7os de exerc\u00edcios anteriores. <strong>O resultado \u00e9 que em 2020, as a\u00e7\u00f5es do IRB acumulam queda de cerca de 77%<\/strong>, a maior entre os pap\u00e9is que comp\u00f5em o Ibovespa.<\/p>\n\n\n\n<h2 class=\"wp-block-heading\">5 &#8211; Compromisso de US$ 300 milh\u00f5es deixa Gol sob press\u00e3o<\/h2>\n\n\n\n<p><strong>O cerco est\u00e1 se fechando para a companhia a\u00e9rea Gol (GOLL4), que est\u00e1 a menos de 15 dias de honrar um compromisso de US$ 300 milh\u00f5es com a Delta Airlines<\/strong>. Com o caixa cada vez mais apertado, sem o dinheiro do Banco Nacional de Desenvolvimento Econ\u00f4mico e Social (BNDES) e com os bancos privados fechando a torneira do cr\u00e9dito, as ag\u00eancias de risco Fitch e S&amp;P j\u00e1 passaram o recado: a empresa precisar\u00e1 reestruturar seu passivo.<\/p>\n\n\n\n<p><strong>A classifica\u00e7\u00e3o de risco da Gol foi para o patamar CCC, que aponta maior risco de calote<\/strong>. Isso n\u00e3o implica, entretanto, que um pedido de recupera\u00e7\u00e3o judicial seja iminente.<\/p>\n\n\n\n<p>Esse caminho n\u00e3o \u00e9 o mais \u00f3bvio, de acordo com especialistas ouvidos pelo&nbsp;&#8220;Estad\u00e3o\/Broadcast&#8221;, j\u00e1 que <strong>a lei brasileira de fal\u00eancias e recupera\u00e7\u00e3o judicial n\u00e3o permite que negocia\u00e7\u00f5es com os credores mais relevantes &#8211; como as empresas que arrendam aeronaves e os bancos &#8211; ocorram sob a prote\u00e7\u00e3o judicial<\/strong>. Mas esse pode ser um desfecho, a partir da observa\u00e7\u00e3o da experi\u00eancia da rival Latam, que buscou prote\u00e7\u00e3o na Justi\u00e7a norte-americana, onde a legisla\u00e7\u00e3o \u00e9 mais abrangente e \u00e1gil.<\/p>\n\n\n\n<p><em>*Com Estad\u00e3o Conte\u00fado e Ag\u00eancia Brasil<\/em><\/p>\n","protected":false},"excerpt":{"rendered":"<p>O quarto lote de restitui\u00e7\u00e3o foi aberto para consulta hoje. <\/p>\n","protected":false},"author":17,"featured_media":3087,"comment_status":"closed","ping_status":"open","sticky":false,"template":"","format":"standard","meta":{"_acf_changed":false,"inline_featured_image":false,"footnotes":""},"categories":[5],"tags":[307,58],"autor-wsj":[],"coauthors":[1498],"class_list":["post-17607","post","type-post","status-publish","format-standard","has-post-thumbnail","hentry","category-economia","tag-bndespar","tag-caixa-economica-federal"],"acf":[],"amp_enabled":true,"_links":{"self":[{"href":"https:\/\/investnews.com.br\/inv-api\/wp\/v2\/posts\/17607","targetHints":{"allow":["GET"]}}],"collection":[{"href":"https:\/\/investnews.com.br\/inv-api\/wp\/v2\/posts"}],"about":[{"href":"https:\/\/investnews.com.br\/inv-api\/wp\/v2\/types\/post"}],"author":[{"embeddable":true,"href":"https:\/\/investnews.com.br\/inv-api\/wp\/v2\/users\/17"}],"replies":[{"embeddable":true,"href":"https:\/\/investnews.com.br\/inv-api\/wp\/v2\/comments?post=17607"}],"version-history":[{"count":4,"href":"https:\/\/investnews.com.br\/inv-api\/wp\/v2\/posts\/17607\/revisions"}],"predecessor-version":[{"id":734413,"href":"https:\/\/investnews.com.br\/inv-api\/wp\/v2\/posts\/17607\/revisions\/734413"}],"wp:featuredmedia":[{"embeddable":true,"href":"https:\/\/investnews.com.br\/inv-api\/wp\/v2\/media\/3087"}],"wp:attachment":[{"href":"https:\/\/investnews.com.br\/inv-api\/wp\/v2\/media?parent=17607"}],"wp:term":[{"taxonomy":"category","embeddable":true,"href":"https:\/\/investnews.com.br\/inv-api\/wp\/v2\/categories?post=17607"},{"taxonomy":"post_tag","embeddable":true,"href":"https:\/\/investnews.com.br\/inv-api\/wp\/v2\/tags?post=17607"},{"taxonomy":"autor-wsj","embeddable":true,"href":"https:\/\/investnews.com.br\/inv-api\/wp\/v2\/autor-wsj?post=17607"},{"taxonomy":"author","embeddable":true,"href":"https:\/\/investnews.com.br\/inv-api\/wp\/v2\/coauthors?post=17607"}],"curies":[{"name":"wp","href":"https:\/\/api.w.org\/{rel}","templated":true}]}}