{"id":17732,"date":"2020-08-25T07:00:00","date_gmt":"2020-08-25T10:00:00","guid":{"rendered":"https:\/\/investnews.com.br\/?p=17732"},"modified":"2024-06-26T12:27:26","modified_gmt":"2024-06-26T15:27:26","slug":"5-fatos-para-saber-hoje-governo-estende-medidas-para-manutencao-de-empregos","status":"publish","type":"post","link":"https:\/\/investnews.com.br\/economia\/5-fatos-para-saber-hoje-governo-estende-medidas-para-manutencao-de-empregos\/","title":{"rendered":"5 fatos para saber hoje: Governo estende medidas para manuten\u00e7\u00e3o de empregos"},"content":{"rendered":"\n<h2 class=\"wp-block-heading\">1 &#8211; Publicado Decreto que prorroga Benef\u00edcio Emergencial de Preserva\u00e7\u00e3o do Emprego<\/h2>\n\n\n\n<p>Foi publicado, nesta segunda-feira (24), o <strong>Decreto que prorroga os prazos para o pagamento do Benef\u00edcio Emergencial de Preserva\u00e7\u00e3o do Emprego e da Renda (BEm) e para a celebra\u00e7\u00e3o de acordos de redu\u00e7\u00e3o proporcional de jornada e de sal\u00e1rio e de suspens\u00e3o tempor\u00e1ria do contrato de trabalho<\/strong>. Logo ap\u00f3s o presidente Jair Bolsonaro anunciar pelo Twitter a extens\u00e3o do benef\u00edcio emergencial por mais dois meses, foi publicada uma edi\u00e7\u00e3o extra do Di\u00e1rio Oficial da Uni\u00e3o (DOU) com o texto.<\/p>\n\n\n\n<p><strong>LEIA MAIS: <a class=\"rank-math-link\" href=\"https:\/\/investnews.com.br\/financas\/bolsa-fecha-em-alta-puxada-pelo-exterior-e-apesar-de-adiamento-do-big-bang-day\/\">Bolsa fecha em alta puxada pelo exterior e apesar de adiamento do Big Bang Day<\/a><\/strong><\/p>\n\n\n\n<p>&#8220;Acabei de assinar um decreto prorrogando por dois meses um grande acordo onde o governo entra com parte do recurso de modo que venhamos a preservar 10 milh\u00f5es de empregos no Brasil&#8221;, anunciou Bolsonaro em grava\u00e7\u00e3o feita ao lado do ministro da Economia, Paulo Guedes, e do secret\u00e1rio especial de Previd\u00eancia e Trabalho, Bruno Bianco. <strong>&#8220;A sa\u00fade n\u00e3o pode ficar dissociada do emprego&#8221;, afirmou o presidente<\/strong>.<\/p>\n\n\n\n<p>O programa foi anunciado em abril como medida para evitar um aumento ainda maior do desemprego diante da pandemia do novo coronav\u00edrus, que provocou restri\u00e7\u00f5es no funcionamento ou mesmo o fechamento de parte do com\u00e9rcio e da ind\u00fastria.<\/p>\n\n\n\n<h2 class=\"wp-block-heading\">2 &#8211; EUA e China discutem acordo comercial e apontam progressos na execu\u00e7\u00e3o da fase 1<\/h2>\n\n\n\n<p>O representante comercial dos Estados Unidos, Robert Lighthizer, e o secret\u00e1rio do Tesouro americano, Steven Mnuchin, participaram de reuni\u00e3o virtual com o vice-premi\u00ea da China Liu Hu, informou o escrit\u00f3rio de Lighthizer, em comunicado. Segundo a nota, <strong>o encontro tratou da implementa\u00e7\u00e3o da &#8220;fase 1&#8221; do acordo comercial entre as duas maiores economias do planeta<\/strong>.<\/p>\n\n\n\n<p><strong>LEIA MAIS: <a class=\"rank-math-link\" href=\"https:\/\/investnews.com.br\/cafeina\/eua-x-china-como-ficam-as-suas-acoes\/\">EUA x China: como ficam as suas a\u00e7\u00f5es?<\/a><\/strong><\/p>\n\n\n\n<p>O texto destaca que <strong>os dois lados identificaram progressos na \u00e1rea e est\u00e3o comprometidos em tomar os passos necess\u00e1rios para garantir o sucesso do pacto<\/strong>. Tamb\u00e9m foi discutido o &#8220;significativo aumento&#8221; de compras por Pequim de produtos americanos, al\u00e9m de a\u00e7\u00f5es que devem ser feitas no futuro.<\/p>\n\n\n\n<p>&#8220;As partes abordaram passos dados pela China para efetuar as mudan\u00e7as estruturais exigidas pelo acordo que ir\u00e3o assegurar <strong>maior prote\u00e7\u00e3o para direitos de propriedade intelectual, remover os impedimentos para companhias americanas nas \u00e1reas de servi\u00e7os financeiros e agricultura e eliminar a transfer\u00eancia for\u00e7ada de tecnologia<\/strong>&#8220;, destaca o comunicado.<\/p>\n\n\n\n<h2 class=\"wp-block-heading\">3 &#8211; TikTok processa governo dos EUA por proibir opera\u00e7\u00f5es no pa\u00eds<\/h2>\n\n\n\n<p><strong>O aplicativo TikTok, de prioridade chinesa, entrou com processo contra o governo dos Estados Unidos <\/strong>ap\u00f3s a ordem do presidente norte-americano, Donald Trump, de proibir a rede social no pa\u00eds caso uma empresa local n\u00e3o a adquira at\u00e9 15 de setembro.<\/p>\n\n\n\n<p>Os advogados da TikTok dizem que a empresa<strong> &#8220;toma medidas extraordin\u00e1rias para proteger a privacidade e a seguran\u00e7a dos dados do usu\u00e1rio&#8221;<\/strong> e que j\u00e1 explicou tais esfor\u00e7os ao governo federal durante uma recente revis\u00e3o de seguran\u00e7a nacional.<\/p>\n\n\n\n<p>&#8220;<a class=\"rank-math-link\" href=\"https:\/\/investnews.com.br\/negocios\/tiktok-critica-decreto-de-trump-nega-enviar-dados-a-china-e-sugere-processo\/\">Ao banir o TikTok sem aviso pr\u00e9vio<\/a> ou oportunidade de ser ouvido (seja antes ou depois do fato), <strong>a ordem executiva viola as prote\u00e7\u00f5es do devido processo da Quinta Emenda da Constitui\u00e7\u00e3o<\/strong>&#8220;, diz a pe\u00e7a do processo, \u00e0 qual o&nbsp;&#8220;Wall Street Journal&#8221;&nbsp;teve acesso a trechos.<\/p>\n\n\n\n<h2 class=\"wp-block-heading\">4 &#8211; CMN aumenta limites para contrata\u00e7\u00f5es de opera\u00e7\u00f5es de cr\u00e9dito por Estados<\/h2>\n\n\n\n<p><strong>O Conselho Monet\u00e1rio Nacional (CMN) aprovou nesta segunda-feira (24) em reuni\u00e3o extraordin\u00e1ria, a amplia\u00e7\u00e3o dos limites para contrata\u00e7\u00f5es de opera\u00e7\u00f5es de cr\u00e9dito por Estados em 2020<\/strong>. A Resolu\u00e7\u00e3o foi publicada nesta segunda no BC Correio e o Minist\u00e9rio da Economia informou, por meio de nota, que a medida aumenta em R$ 6 bilh\u00f5es o limite global dos entes da Federa\u00e7\u00e3o.<\/p>\n\n\n\n<p>&#8220;A Resolu\u00e7\u00e3o aprovada eleva o limite de contrata\u00e7\u00e3o de opera\u00e7\u00f5es de cr\u00e9dito, com garantia da Uni\u00e3o, de at\u00e9 R$ 4,5 bilh\u00f5es para at\u00e9 R$ 7,5 bilh\u00f5es e, sem garantia da Uni\u00e3o, de at\u00e9 R$ 7,5 bilh\u00f5es para at\u00e9 R$ 10,5 bilh\u00f5es, neste ano. <strong>Dessa forma, o limite global estabelecido para 2020 passa de at\u00e9 R$ 12,4 bilh\u00f5es para at\u00e9 R$ 18,4 bilh\u00f5es<\/strong>&#8220;, diz a nota.<\/p>\n\n\n\n<p>Segundo o minist\u00e9rio, o novo limite est\u00e1 alinhado com a proje\u00e7\u00e3o de resultado prim\u00e1rio para os Estados e a meta de resultado para as empresas estatais federais, conforme o estabelecido na Lei de Diretrizes Or\u00e7ament\u00e1rias de 2020, e &#8220;n\u00e3o gera impacto fiscal para a Uni\u00e3o&#8221;.<\/p>\n\n\n\n<h2 class=\"wp-block-heading\">5 &#8211; OMS pede cautela com plasma para covid-19 ap\u00f3s autoriza\u00e7\u00e3o dos EUA<\/h2>\n\n\n\n<p><strong>A Organiza\u00e7\u00e3o Mundial da Sa\u00fade (OMS) foi reticente, nessa&nbsp;segunda-feira (24), ao&nbsp;o uso de plasma de pacientes recuperados de covid-19 para tratar os doentes<\/strong>. Segundo a OMS,&nbsp; os ind\u00edcios que apontam sua<strong> efici\u00eancia continuam sendo de &#8220;baixa qualidade&#8221;<\/strong>, apesar de os Estados Unidos (EUA) erem emitido uma autoriza\u00e7\u00e3o emergencial para essa terapia.<\/p>\n\n\n\n<p>O chamado plasma convalescente, que \u00e9 usado h\u00e1 tempos para tratar doen\u00e7as, surgiu como a pol\u00eamica&nbsp;mais recente da corrida por terapias contra a covid-19.<\/p>\n\n\n\n<p>No&nbsp;domingo (23), a Food and Drug Administration (FDA), ag\u00eancia reguladora de rem\u00e9dios dos Estados Unidos, autorizou seu uso depois de <strong>o presidente Donald Trump acusar a ag\u00eancia de segurar o lan\u00e7amento de vacinas e terapias por motivos pol\u00edticos<\/strong>.<\/p>\n\n\n\n<p><em>*Com Estad\u00e3o Conte\u00fado e Ag\u00eancia Brasil<\/em><\/p>\n","protected":false},"excerpt":{"rendered":"<p>O an\u00fancio do decreto foi feito ao lado do ministro da economia, Paulo Guedes.<\/p>\n","protected":false},"author":17,"featured_media":15417,"comment_status":"closed","ping_status":"open","sticky":false,"template":"","format":"standard","meta":{"_acf_changed":false,"inline_featured_image":false,"footnotes":""},"categories":[5],"tags":[901,79,215,234,418,347,1610],"autor-wsj":[],"coauthors":[1498],"class_list":["post-17732","post","type-post","status-publish","format-standard","has-post-thumbnail","hentry","category-economia","tag-cmn","tag-donald-trump","tag-emprego","tag-jair-bolsonaro","tag-oms","tag-paulo-guedes","tag-tiktok"],"acf":[],"amp_enabled":true,"_links":{"self":[{"href":"https:\/\/investnews.com.br\/inv-api\/wp\/v2\/posts\/17732","targetHints":{"allow":["GET"]}}],"collection":[{"href":"https:\/\/investnews.com.br\/inv-api\/wp\/v2\/posts"}],"about":[{"href":"https:\/\/investnews.com.br\/inv-api\/wp\/v2\/types\/post"}],"author":[{"embeddable":true,"href":"https:\/\/investnews.com.br\/inv-api\/wp\/v2\/users\/17"}],"replies":[{"embeddable":true,"href":"https:\/\/investnews.com.br\/inv-api\/wp\/v2\/comments?post=17732"}],"version-history":[{"count":3,"href":"https:\/\/investnews.com.br\/inv-api\/wp\/v2\/posts\/17732\/revisions"}],"predecessor-version":[{"id":17900,"href":"https:\/\/investnews.com.br\/inv-api\/wp\/v2\/posts\/17732\/revisions\/17900"}],"wp:featuredmedia":[{"embeddable":true,"href":"https:\/\/investnews.com.br\/inv-api\/wp\/v2\/media\/15417"}],"wp:attachment":[{"href":"https:\/\/investnews.com.br\/inv-api\/wp\/v2\/media?parent=17732"}],"wp:term":[{"taxonomy":"category","embeddable":true,"href":"https:\/\/investnews.com.br\/inv-api\/wp\/v2\/categories?post=17732"},{"taxonomy":"post_tag","embeddable":true,"href":"https:\/\/investnews.com.br\/inv-api\/wp\/v2\/tags?post=17732"},{"taxonomy":"autor-wsj","embeddable":true,"href":"https:\/\/investnews.com.br\/inv-api\/wp\/v2\/autor-wsj?post=17732"},{"taxonomy":"author","embeddable":true,"href":"https:\/\/investnews.com.br\/inv-api\/wp\/v2\/coauthors?post=17732"}],"curies":[{"name":"wp","href":"https:\/\/api.w.org\/{rel}","templated":true}]}}