{"id":17928,"date":"2020-09-01T09:10:00","date_gmt":"2020-09-01T12:10:00","guid":{"rendered":"https:\/\/investnews.com.br\/?p=17928"},"modified":"2020-09-01T18:59:23","modified_gmt":"2020-09-01T21:59:23","slug":"brasil-vive-10a-recessao-economica-de-sua-historia-o-que-muda-agora","status":"publish","type":"post","link":"https:\/\/investnews.com.br\/economia\/brasil-vive-10a-recessao-economica-de-sua-historia-o-que-muda-agora\/","title":{"rendered":"Brasil vive 10\u00aa recess\u00e3o econ\u00f4mica de sua hist\u00f3ria. O que muda agora?"},"content":{"rendered":"\n<p><strong>O Instituto Brasileiro de Geografia e Estat\u00edstica (IBGE) divulgou nesta ter\u00e7a-feira (1) o resultado para o PIB (Produto Interno Bruto)&nbsp;no segundo trimestre de 2020. <a href=\"https:\/\/investnews.com.br\/economia\/pib-do-brasil-recua-97-no-2-trimestre\/\" target=\"_blank\" aria-label=\"A economia brasileira encolheu 9,7% (opens in a new tab)\" rel=\"noreferrer noopener\" class=\"rank-math-link\">A economia brasileira encolheu 9,7%<\/a><\/strong>, na compara\u00e7\u00e3o com o primeiro trimestre deste ano quando tamb\u00e9m houve retra\u00e7\u00e3o de 1,5%. No primeiro semestre de 2020, acumulou queda de <strong>5,9%<\/strong>. <\/p>\n\n\n\n<p>Com isso, <strong>o Brasil entrou num processo conhecido como recess\u00e3o t\u00e9cnica<\/strong>, que se <strong>caracteriza pelo acumulo de dois trimestres seguidos de desacelera\u00e7\u00e3o econ\u00f4mica. <\/strong><\/p>\n\n\n\n<p>Segundo a pesquisadora do FGV\/IBRE, Juliana Trece, esta \u00e9 a d\u00e9cima recess\u00e3o econ\u00f4mica pela qual o Brasil j\u00e1 passou. Mas, sem d\u00favida, foi a queda mais abrupta j\u00e1 sofrida pela economia. <\/p>\n\n\n\n<p><strong>O mais pr\u00f3ximo que o Brasil afundou foi a recess\u00e3o dos anos 1980, quando a economia sofreu uma retra\u00e7\u00e3o de 8,5%, entre 1981 e 1983. Depois desse per\u00edodo, outro grande baque do PIB brasileiro aconteceu no intervalo de 2014 a 2016, quando a economia retraiu 8%. <\/strong><\/p>\n\n\n\n<h2 class=\"wp-block-heading\"><a href=\"https:\/\/investnews.com.br\/\"><\/a>Recess\u00e3o ou depress\u00e3o?<\/h2>\n\n\n\n<p>Antes mesmo de o PIB do segundo trimestre sair, j\u00e1 era mais que esperado que o pa\u00eds voltaria a entrar em recess\u00e3o t\u00e9cnica. No entanto, com uma queda t\u00e3o abrupta, n\u00e3o h\u00e1 consenso entre os economistas se a economia permanece em recess\u00e3o ou entra em depress\u00e3o econ\u00f4mica. <\/p>\n\n\n\n<p> <strong>Saiba mais: <a rel=\"noreferrer noopener\" href=\"https:\/\/investnews.com.br\/economia\/e-recessao-ou-depressao-o-que-vem-por-ai-entenda-o-que-cada-uma-significa\/\" target=\"_blank\">Recess\u00e3o ou depress\u00e3o: entenda o que cada uma significa<\/a><\/strong> <\/p>\n\n\n\n<p>Para o economista e professor da Universidade Mackenzie, Agostinho Celso Pascalicchio, uma recess\u00e3o implica em baixo crescimento econ\u00f4mico sem destrui\u00e7\u00e3o da riqueza do pa\u00eds. J\u00e1 a depress\u00e3o econ\u00f4mica corro\u00ed a riqueza de uma na\u00e7\u00e3o e pode durar longos per\u00edodos. Alguns dos efeitos sentidos na depress\u00e3o de uma economia s\u00e3o: <\/p>\n\n\n\n<ol class=\"wp-block-list\"><li><em>Queda da produ\u00e7\u00e3o industrial<\/em><\/li><li><em>Aumento exponencial do desemprego<\/em><\/li><li><em>Queda do consumo<\/em><\/li><li><em>Fechamento de empresas<\/em><\/li><\/ol>\n\n\n\n<p>Pascalicchio acredita que, se a economia apresentar queda nos pr\u00f3ximos trimestres, somado \u00e0 piora dos indicadores sociais como desemprego e na capacidade de produ\u00e7\u00e3o, o Brasil pode realmente estar perto de uma depress\u00e3o econ\u00f4mica. Para o economista, j\u00e1 existem sinais que apontam para este caminho. Um deles \u00e9 o desemprego elevado, que afeta 12,8 milh\u00f5es de brasileiros. Outro \u00e9 o fechamento de algumas empresas. <\/p>\n\n\n\n<p>Embora o futuro da economia seja incerto, Pascalicchio defende que enquanto n\u00e3o houver uma r\u00e1pida implanta\u00e7\u00e3o de pol\u00edticas de est\u00edmulo econ\u00f4mico no Brasil, o risco da depress\u00e3o \u00e9 iminente.  &#8220;Nunca o Brasil esteve t\u00e3o perto da depress\u00e3o quanto hoje&#8221;, refor\u00e7a. <\/p>\n\n\n\n<p>Ele acrescenta que medidas como o <a href=\"https:\/\/investnews.com.br\/flash\/governo-lanca-o-casa-verde-amarela-previa-da-inflacao-mostra-juro-real-negativo\/\" class=\"rank-math-link\">programa Casa Verde Amarela<\/a>, anunciado para substituir o Minha Casa, Minha Vida, ou o Renda Brasil, que deve ser implantado no lugar do Bolsa Fam\u00edlia, s\u00e3o interessantes mas ainda n\u00e3o t\u00eam par\u00e2metros adequados para garantir o crescimento econ\u00f4mico. &#8220;Precisamos estimular a constru\u00e7\u00e3o civil, a distribui\u00e7\u00e3o de renda m\u00ednima. E isso precisa ser r\u00e1pido&#8221;, explica Pascalicchio .  <\/p>\n\n\n\n<p>Embora ache improv\u00e1vel, <strong>Juliana Trece n\u00e3o descarta a possibilidade de uma depress\u00e3o econ\u00f4mica mais para frente<\/strong>. Em sua vis\u00e3o, tudo vai depender do ritmo da retomada do terceiro e quarto trimestre e da redu\u00e7\u00e3o da taxa de cont\u00e1gio da Covid-19. <strong>&#8220;Nossa economia voltou aos n\u00edveis de 2009, mais de uma d\u00e9cada. A grande quest\u00e3o agora \u00e9 como ser\u00e1 a retomada&#8221;. <\/strong><\/p>\n\n\n\n<p>Para o professor de macroeconomia do Fipecafi, Silvio Paix\u00e3o, o cen\u00e1rio n\u00e3o \u00e9 t\u00e3o complexo quanto parece e <strong>a recess\u00e3o t\u00e9cnica \u00e9 um fen\u00f4meno geral em todas as economias afetadas pela pandemia<\/strong> e n\u00e3o \u00e9 consequ\u00eancia de erros nas pol\u00edticas econ\u00f4mica e monet\u00e1ria. <\/p>\n\n\n\n<p>Paix\u00e3o esclarece que <strong>a economia brasileira j\u00e1 apresenta dois sintomas de depress\u00e3o: o aumento do desemprego e a perda do poder de compra<\/strong>. Mas destaca que h\u00e1 uma vis\u00e3o errada na hora de avaliar, por meio de dados, o n\u00edvel de emprego no Brasil. &#8220;\u00c9 preciso olhar tamb\u00e9m o conceito de empregabilidade. Afinal, emprego n\u00e3o \u00e9 apenas registro na carteira, existem muito MEI, PJ e trabalhadores aut\u00f4nomos que tamb\u00e9m est\u00e3o trabalhando&#8221; explica.<\/p>\n\n\n\n<p>Com base nessa disparidade, na hora de identificar quantos brasileiros desempregados existem, Paix\u00e3o acredita que o desemprego atual ainda n\u00e3o \u00e9 um prel\u00fadio de depress\u00e3o econ\u00f4mica. Ele defende que a queda do poder de compra n\u00e3o aconteceu apenas na pandemia e se trata de um problema que afeta o Brasil desde 2014, com renda per capita insuficiente. <\/p>\n\n\n\n<h3 class=\"wp-block-heading\">Quais as consequ\u00eancias da crise?<\/h3>\n\n\n\n<p>Quais os impactos reais de uma recess\u00e3o t\u00e9cnica para o bolso do brasileiro? Os especialistas enumeraram as principais consequ\u00eancias imediatas de uma contra\u00e7\u00e3o do PIB por pelo menos dois trimestres consecutivos:<\/p>\n\n\n\n<ul class=\"wp-block-list\"><li><em>aumento do desemprego<\/em><\/li><li><em>diminui\u00e7\u00e3o da renda da popula\u00e7\u00e3o<\/em><\/li><li><em>queda do consumo<\/em><\/li><li><em>redu\u00e7\u00e3o da atividade industrial<\/em><\/li><li><em>retra\u00e7\u00e3o do setor de servi\u00e7os<\/em><\/li><\/ul>\n\n\n\n<p>Em um per\u00edodo de recess\u00e3o t\u00e9cnica, um dos setores que mais sofre \u00e9 o de servi\u00e7os, que \u00e9 respons\u00e1vel por 70% do PIB brasileiro e maior concentrador de empregos. Por este forte impacto, o consumo dos brasileiros tamb\u00e9m recua.<\/p>\n\n\n\n<h3 class=\"wp-block-heading\">Como vamos sair dessa?<\/h3>\n\n\n\n<p>Apesar da forte queda do PIB no primeiro semestre, Juliana aponta que os indicadores econ\u00f4micos mostram uma leve recupera\u00e7\u00e3o nos meses de julho e agosto. Contudo, essa alta n\u00e3o foi suficiente para zerar as perdas concentradas nos meses de abril e maio. <\/p>\n\n\n\n<p>Para a pesquisadora, <strong>o terceiro trimestre deve mostrar um ligeiro crescimento, mas que n\u00e3o se traduz em retomada<\/strong> <strong>por que a economia chegou a n\u00edveis muito baixos<\/strong>. &#8220;No terceiro e quatro trimestre, a economia ainda deve estar travada e, mesmo com o fim da pandemia, o Brasil enfrentar\u00e1 desafios diversos para recuperar a robustez&#8221;, explica Juliana.  <\/p>\n\n\n\n<p>Especialistas entrevistados pela reportagem enxergam diversas alternativas para o pa\u00eds sair desta recess\u00e3o, mas todos convergem em um ponto: \u00e9 preciso que o governo tenha urg\u00eancia na ado\u00e7\u00e3o de medidas.<\/p>\n\n\n\n<p>Para Juliana, o <strong>fortalecimento do setor industrial \u00e9 um ponto-chave<\/strong> para a retomada econ\u00f4mica do Brasil, al\u00e9m de encontrar uma forma de alavancar o setor de servi\u00e7os. &#8220;\u00c9 importante considerar que os servi\u00e7os representam um leque muito amplo: \u00e9 com\u00e9rcio, transporte, alojamento, alimenta\u00e7\u00e3o, entretenimento, \u00e9 fundamental encontrar uma forma de estimular o consumo&#8221;, defende. <\/p>\n\n\n\n<p>Silvio Paix\u00e3o acredita que a sa\u00edda \u00e9 por meio de est\u00edmulos econ\u00f4micos &#8211; que n\u00e3o seriam aux\u00edlio ou renda &#8211; e sim <strong>uma reformula\u00e7\u00e3o que se adeque ao novo jeito do consumidor, que poupa mais do que gasta durante a crise<\/strong>. Uma das alternativas para ele seria fazer com que os juros baixos cheguem a ponta do cr\u00e9dito, facilitando que pessoas e empresas negativadas pela crise possam voltar a gerar renda rapidamente. &#8220;O sistema financeiro adoeceu, est\u00e1 cobrando de pessoas f\u00edsicas e jur\u00eddicas como se a economia estivesse em um momento saud\u00e1vel&#8221;, defende. <\/p>\n\n\n\n<p>Paix\u00e3o acredita que o Brasil deveria adotar uma <strong>esp\u00e9cie de Plano Marshall para a economia<\/strong>, utilizado na Europa ap\u00f3s a Segunda Guerra. A compara\u00e7\u00e3o do programa Pr\u00f3-Brasil ao plano p\u00f3s-guerra j\u00e1 foi severamente criticada pelo ministro da economia, Paulo Guedes. <\/p>\n\n\n\n<p>J\u00e1 Pascalicchio prop\u00f5e que o governo utilize uma <strong>pol\u00edtica monet\u00e1ria mais solta, que facilite a inje\u00e7\u00e3o de recursos na economia<\/strong> para poder socorrer diversas empresas, mantendo a infla\u00e7\u00e3o baixa. &#8220;No curto prazo, flexibilizar a pol\u00edtica monet\u00e1ria e no longo prazo fazer um ajuste na pol\u00edtica tribut\u00e1ria, a d\u00edvida p\u00fablica e as metas industrias do Brasil&#8221;, sugere. <\/p>\n\n\n\n<p>Enquanto o desemprego aumenta, Pascalicchio refor\u00e7a a urg\u00eancia de uma pol\u00edtica de distribui\u00e7\u00e3o de renda que facilite o consumo e em consequ\u00eancia a melhoria no setor de servi\u00e7os. &#8220;O Brasil precisa ser mais agressivo no programa Casa Verde Amarela, n\u00e3o apenas no Nordeste, e sim em todo territ\u00f3rio nacional. E fortalecer o agroneg\u00f3cio&#8221;, afirma.<\/p>\n\n\n\n<h3 class=\"wp-block-heading\">Em quanto tempo a economia se recupera?<\/h3>\n\n\n\n<p>As proje\u00e7\u00f5es dos especialistas s\u00e3o unanimes: <strong>n\u00e3o devemos sair da recess\u00e3o em 2020 e a economia brasileira n\u00e3o recupera seu brilho nos pr\u00f3ximos tr\u00eas anos<\/strong>. <\/p>\n\n\n\n<p>Segundo dados do FGV\/IBRE, as recess\u00f5es mais longas que o Brasil j\u00e1 experimentou na hist\u00f3ria foram de 11 trimestres, em m\u00e9dia dois anos e meio. Um desses per\u00edodos foi do terceiro trimestre de 1989 ao quarto trimestre de 1992. E o outro foi do segundo trimestre de 2014 ao quarto trimestre de 2016. <\/p>\n\n\n\n<p>Em contrapartida, ap\u00f3s a \u00faltima recess\u00e3o forte que o Brasil viveu (2014\/2016), tivemos 3 anos de expans\u00e3o econ\u00f4mica (2017\/2019). No entanto, o pa\u00eds n\u00e3o conseguiu recuperar neste per\u00edodo o potencial econ\u00f4mico que tinha antes da crise de 2014.<\/p>\n\n\n\n<p>Com uma recess\u00e3o mais severa em 2020, Juliana projeta que a retomada ser\u00e1 mais longa ainda e depender\u00e1 das estrat\u00e9gias do governo para destravar a economia, fortalecer o ambiente de neg\u00f3cios e atrair investimento.<\/p>\n\n\n\n<p>Para Paix\u00e3o, a recess\u00e3o t\u00e9cnica deve durar at\u00e9 junho ou julho de 2021. E s\u00f3 ap\u00f3s este per\u00edodo, o Brasil deve engatinhar a recupera\u00e7\u00e3o econ\u00f4mica. Faltam, segundo os especialistas, medidas consistentes no pacote econ\u00f4mico que garantam uma retomada efetiva. <\/p>\n","protected":false},"excerpt":{"rendered":"<p>Especialistas apontam que das recess\u00f5es j\u00e1 vividas, esta foi a mais abrupta para a economia brasileira. Como vamos sair dessa?<\/p>\n","protected":false},"author":18,"featured_media":6208,"comment_status":"closed","ping_status":"open","sticky":false,"template":"","format":"standard","meta":{"_acf_changed":false,"inline_featured_image":false,"footnotes":""},"categories":[5],"tags":[75,374,54,53,817],"autor-wsj":[],"coauthors":[1500],"class_list":["post-17928","post","type-post","status-publish","format-standard","has-post-thumbnail","hentry","category-economia","tag-consumo","tag-desemprego","tag-ibge","tag-pib","tag-producao-industrial"],"acf":[],"amp_enabled":true,"_links":{"self":[{"href":"https:\/\/investnews.com.br\/inv-api\/wp\/v2\/posts\/17928","targetHints":{"allow":["GET"]}}],"collection":[{"href":"https:\/\/investnews.com.br\/inv-api\/wp\/v2\/posts"}],"about":[{"href":"https:\/\/investnews.com.br\/inv-api\/wp\/v2\/types\/post"}],"author":[{"embeddable":true,"href":"https:\/\/investnews.com.br\/inv-api\/wp\/v2\/users\/18"}],"replies":[{"embeddable":true,"href":"https:\/\/investnews.com.br\/inv-api\/wp\/v2\/comments?post=17928"}],"version-history":[{"count":26,"href":"https:\/\/investnews.com.br\/inv-api\/wp\/v2\/posts\/17928\/revisions"}],"predecessor-version":[{"id":18536,"href":"https:\/\/investnews.com.br\/inv-api\/wp\/v2\/posts\/17928\/revisions\/18536"}],"wp:featuredmedia":[{"embeddable":true,"href":"https:\/\/investnews.com.br\/inv-api\/wp\/v2\/media\/6208"}],"wp:attachment":[{"href":"https:\/\/investnews.com.br\/inv-api\/wp\/v2\/media?parent=17928"}],"wp:term":[{"taxonomy":"category","embeddable":true,"href":"https:\/\/investnews.com.br\/inv-api\/wp\/v2\/categories?post=17928"},{"taxonomy":"post_tag","embeddable":true,"href":"https:\/\/investnews.com.br\/inv-api\/wp\/v2\/tags?post=17928"},{"taxonomy":"autor-wsj","embeddable":true,"href":"https:\/\/investnews.com.br\/inv-api\/wp\/v2\/autor-wsj?post=17928"},{"taxonomy":"author","embeddable":true,"href":"https:\/\/investnews.com.br\/inv-api\/wp\/v2\/coauthors?post=17928"}],"curies":[{"name":"wp","href":"https:\/\/api.w.org\/{rel}","templated":true}]}}