{"id":181,"date":"2020-01-09T16:41:08","date_gmt":"2020-01-09T19:41:08","guid":{"rendered":"http:\/\/beta.investnews.com.br\/?p=181"},"modified":"2024-06-26T12:30:42","modified_gmt":"2024-06-26T15:30:42","slug":"usuario-de-agua-da-uniao-deve-declarar-volume-utilizado-ate-dia-31","status":"publish","type":"post","link":"https:\/\/investnews.com.br\/economia\/usuario-de-agua-da-uniao-deve-declarar-volume-utilizado-ate-dia-31\/","title":{"rendered":"Usu\u00e1rio de \u00e1gua da Uni\u00e3o deve declarar volume utilizado at\u00e9 dia 31"},"content":{"rendered":"\n<p>Por Ag\u00eancia Brasil<\/p>\n\n\n\n<p>O prazo para que os usu\u00e1rios de \u00e1guas da Uni\u00e3o apresentem a declara\u00e7\u00e3o com os volumes utilizados no ano anterior termina no dia 31 de janeiro. A informa\u00e7\u00e3o \u00e9 da Ag\u00eancia Nacional das \u00c1guas (ANA). De acordo com a ag\u00eancia reguladora, os usu\u00e1rios que tiverem outorga de direito de uso das \u00e1guas devem realizar a&nbsp;<a rel=\"noreferrer noopener\" href=\"https:\/\/www.snirh.gov.br\/cnarh\/identificar.jsf\" target=\"_blank\">Declara\u00e7\u00e3o Anual de Uso de Recursos H\u00eddricos<\/a>&nbsp;(DAURH), indicando os volumes captados e lan\u00e7ados nos mananciais em cada m\u00eas de 2019. A declara\u00e7\u00e3o \u00e9 obrigat\u00f3ria.<\/p>\n\n\n\n<p>Os declarantes s\u00e3o basicamente agricultores, que usam a \u00e1gua captada na agricultura. A medida vale para quem capta \u00e1guas interestaduais, transfronteiri\u00e7as ou em reservat\u00f3rios federais nas bacias dos rios: das Contas; Capivari; Doce; Ipojuca; Jundia\u00ed; Mucuri; S\u00e3o Francisco; Para\u00edba do Sul; Parana\u00edba; Piracicaba, Uruguai, Vaza Barris e Verde Grande.<\/p>\n\n\n\n<p>Segundo a ag\u00eancia, as informa\u00e7\u00f5es coletadas contribuem para que a ag\u00eancia entenda melhor o comportamento das demandas de \u00e1gua. A ag\u00eancia disse ainda que com o envio das informa\u00e7\u00f5es os usu\u00e1rios mant\u00eam seus usos regularizados e podem at\u00e9 mesmo pagar menos em bacias com rios de dom\u00ednio da Uni\u00e3o que j\u00e1 tenham a cobran\u00e7a pelo uso de recursos h\u00eddricos.<\/p>\n\n\n\n<p>\u201cOs volumes declarados determinar\u00e3o os valores a serem pagos quanto aos usos de \u00e1gua em 2019, que s\u00e3o medidos pelos pr\u00f3prios usu\u00e1rios de recursos h\u00eddricos e fiscalizados pela ANA presencial ou remotamente. A queda dos valores pode acontecer em caso de redu\u00e7\u00e3o na capta\u00e7\u00e3o e no consumo de \u00e1gua ou mesmo em caso de diminui\u00e7\u00e3o do lan\u00e7amento de efluentes nos corpos d\u2019\u00e1gua\u201d, informou a ANA.<\/p>\n","protected":false},"excerpt":{"rendered":"<p>Declara\u00e7\u00e3o \u00e9 obrigat\u00f3ria para quem outorga de direito de uso<\/p>\n","protected":false},"author":7,"featured_media":182,"comment_status":"open","ping_status":"open","sticky":false,"template":"","format":"standard","meta":{"_acf_changed":false,"inline_featured_image":false,"footnotes":""},"categories":[5],"tags":[],"autor-wsj":[],"coauthors":[],"class_list":["post-181","post","type-post","status-publish","format-standard","has-post-thumbnail","hentry","category-economia"],"acf":[],"amp_enabled":true,"_links":{"self":[{"href":"https:\/\/investnews.com.br\/inv-api\/wp\/v2\/posts\/181","targetHints":{"allow":["GET"]}}],"collection":[{"href":"https:\/\/investnews.com.br\/inv-api\/wp\/v2\/posts"}],"about":[{"href":"https:\/\/investnews.com.br\/inv-api\/wp\/v2\/types\/post"}],"author":[{"embeddable":true,"href":"https:\/\/investnews.com.br\/inv-api\/wp\/v2\/users\/7"}],"replies":[{"embeddable":true,"href":"https:\/\/investnews.com.br\/inv-api\/wp\/v2\/comments?post=181"}],"version-history":[{"count":2,"href":"https:\/\/investnews.com.br\/inv-api\/wp\/v2\/posts\/181\/revisions"}],"predecessor-version":[{"id":185,"href":"https:\/\/investnews.com.br\/inv-api\/wp\/v2\/posts\/181\/revisions\/185"}],"wp:featuredmedia":[{"embeddable":true,"href":"https:\/\/investnews.com.br\/inv-api\/wp\/v2\/media\/182"}],"wp:attachment":[{"href":"https:\/\/investnews.com.br\/inv-api\/wp\/v2\/media?parent=181"}],"wp:term":[{"taxonomy":"category","embeddable":true,"href":"https:\/\/investnews.com.br\/inv-api\/wp\/v2\/categories?post=181"},{"taxonomy":"post_tag","embeddable":true,"href":"https:\/\/investnews.com.br\/inv-api\/wp\/v2\/tags?post=181"},{"taxonomy":"autor-wsj","embeddable":true,"href":"https:\/\/investnews.com.br\/inv-api\/wp\/v2\/autor-wsj?post=181"},{"taxonomy":"author","embeddable":true,"href":"https:\/\/investnews.com.br\/inv-api\/wp\/v2\/coauthors?post=181"}],"curies":[{"name":"wp","href":"https:\/\/api.w.org\/{rel}","templated":true}]}}