{"id":18124,"date":"2020-08-28T08:57:41","date_gmt":"2020-08-28T11:57:41","guid":{"rendered":"https:\/\/investnews.com.br\/?p=18124"},"modified":"2025-08-29T13:31:32","modified_gmt":"2025-08-29T16:31:32","slug":"5-fatos-para-saber-hoje-lucro-do-bc-ao-tesouro-jeff-bezos-chega-aos-us-200-bi","status":"publish","type":"post","link":"https:\/\/investnews.com.br\/economia\/5-fatos-para-saber-hoje-lucro-do-bc-ao-tesouro-jeff-bezos-chega-aos-us-200-bi\/","title":{"rendered":"5 fatos para saber hoje: lucro do BC ao Tesouro; Jeff Bezos chega aos US$ 200 bi"},"content":{"rendered":"\n<h2 class=\"wp-block-heading\">1 &#8211; CMN aprova transfer\u00eancia de R$ 325 bilh\u00f5es do lucro do BC ao Tesouro<\/h2>\n\n\n\n<p><strong>O Conselho Monet\u00e1rio Nacional autorizou nesta quinta-feira (27) a transfer\u00eancia de R$ 325 bilh\u00f5es das reservas de resultado cambial do Banco Central para o Tesouro Nacional para o pagamento da d\u00edvida p\u00fablica<\/strong>.<\/p>\n\n\n\n<p>O valor foi decidido ap\u00f3s as negocia\u00e7\u00f5es sobre o repasse terem deflagrado uma <a class=\"rank-math-link\" href=\"https:\/\/investnews.com.br\/economia\/mesmo-com-pandemia-governo-planeja-cortar-orcamento-da-saude-para-2021\/\">queda de bra\u00e7o dentro da equipe econ\u00f4mica<\/a>. Como revelou o&nbsp;&#8220;Broadcast&#8221;, <strong>o BC resistia a dar aval \u00e0 transfer\u00eancia dos R$ 400 bilh\u00f5es solicitados pelo Minist\u00e9rio da Economia<\/strong>.<\/p>\n\n\n\n<p>O repasse do lucro bilion\u00e1rio, obtido gra\u00e7as \u00e0 valoriza\u00e7\u00e3o expressiva do d\u00f3lar e seu efeito no valor em reais das reservas internacionais, \u00e9 considerado necess\u00e1rio para <strong>garantir ao Tesouro maior conforto na gest\u00e3o da d\u00edvida p\u00fablica num momento de forte aumento de gastos e maior dificuldade para o Pa\u00eds se financiar no mercado<\/strong>.<\/p>\n\n\n\n<p>O BC, no entanto, teme ser acusado de financiar irregularmente o Tesouro Nacional e jogou duro nas negocia\u00e7\u00f5es. Apesar disso, o comunicado do CMN deixou a porta aberta para a possibilidade de <strong>uma nova transfer\u00eancia ainda este ano, caso seja necess\u00e1rio<\/strong>.<\/p>\n\n\n\n<h2 class=\"wp-block-heading\">2 &#8211; Jeff Bezos, da Amazon, \u00e9 a primeira pessoa a alcan\u00e7ar fortuna de US$ 200 bi<\/h2>\n\n\n\n<p><strong>O presidente executivo da Amazon, Jeff Bezos, \u00e9 a primeira pessoa do mundo a atingir a fortuna de US$ 200 bilh\u00f5es, de acordo com a revista Forbes<\/strong>. Nesta quarta-feira (26) Bezos registrou uma fortuna de US$ 204,6 bilh\u00f5es &#8211; o executivo possui US$ 90 bilh\u00f5es a mais que Bill Gates, que \u00e9 segundo mais rico do mundo.<\/p>\n\n\n\n<p><strong>LEIA MAIS: <a class=\"rank-math-link\" href=\"https:\/\/investnews.com.br\/economia\/big-techs-por-que-elas-ficaram-ainda-mais-poderosas-na-pandemia\/\">Por que as big techs ficaram ainda mais poderosas durante a crise?<\/a><\/strong><\/p>\n\n\n\n<p>Segundo a Forbes, que monitora bilion\u00e1rios h\u00e1 40 anos, <strong>ningu\u00e9m nunca havia atingido a marca, mesmo considerando o ajuste de infla\u00e7\u00e3o<\/strong>. A revista afirma que o feito de Bezos foi impulsionado pela alta das a\u00e7\u00f5es da Amazon nesta quarta, que registraram alta de 2%.<\/p>\n\n\n\n<p><strong><a class=\"rank-math-link\" href=\"https:\/\/investnews.com.br\/cafeina-melhores-momentos\/como-nasceu-e-cresceu-a-gigante-amazon\/\">A Amazon vem crescendo<\/a> exponencialmente nos \u00faltimos meses em meio \u00e0 quarentena e ao aumento de demanda pelo com\u00e9rcio eletr\u00f4nico<\/strong>. A companhia registrou seu maior lucro trimestral da hist\u00f3ria no intervalo entre abril e junho de 2020, um ganho de US$ 5,2 bilh\u00f5es no trimestre.<\/p>\n\n\n\n<h2 class=\"wp-block-heading\">3 &#8211; Bolsonaro volta a reclamar de custo de aux\u00edlio emergencial: &#8216;\u00c9 endividamento&#8217;<\/h2>\n\n\n\n<p><strong>O presidente Jair Bolsonaro voltou a reclamar, nesta quinta-feira (27) do custo mensal de R$ 50 bilh\u00f5es do aux\u00edlio emergencial a informais e afirmou que gostaria de destinar o valor para o ministro da Infraestrutura, Tarc\u00edsio de Freitas, investir em obras p\u00fablicas<\/strong>. Ap\u00f3s diverg\u00eancias expl\u00edcitas ao longo da semana, Bolsonaro tamb\u00e9m falou que a equipe de Paulo Guedes informou que &#8220;a economia est\u00e1 reagindo&#8221; e que espera que isso aconte\u00e7a de fato.<\/p>\n\n\n\n<p><strong>LEIA MAIS: <a class=\"rank-math-link\" href=\"https:\/\/investnews.com.br\/economia\/caixa-inicia-ciclo-2-de-pagamentos-do-auxilio-emergencial-veja-datas\/\">Caixa inicia Ciclo 2 de pagamentos do aux\u00edlio emergencial; veja datas<\/a><\/strong><\/p>\n\n\n\n<p>&#8220;Vamos prorrogar o aux\u00edlio emergencial at\u00e9 o final do ano. Eu falei que o aux\u00edlio de R$ 600 \u00e9 muito e o pessoal bateu em mim. Mas \u00e9 muito para quem paga, \u00e9 muito para o Pa\u00eds. <strong>Alguns falam &#8216;esse dinheiro \u00e9 nosso&#8217;. N\u00e3o, o dinheiro n\u00e3o \u00e9 seu, \u00e9 endividamento<\/strong>&#8220;, disse o presidente durante transmiss\u00e3o ao vivo nas redes sociais. Ele falou ao lado da ministra da Mulher, Fam\u00edlia e Direitos Humanos, Damares Alves, no Pal\u00e1cio da Alvorada.<\/p>\n\n\n\n<p>Bolsonaro, que tem participado de uma s\u00e9rie de inaugura\u00e7\u00f5es p\u00fablicas no pa\u00eds nas \u00faltimas semanas, afirmou que queria os R$ 50 bilh\u00f5es do aux\u00edlio &#8220;na m\u00e3o do Tarc\u00edsio&#8221;. &#8220;<strong>Eu acho que, em um ano praticamente ele resolveria os grandes problemas de Infraestrutura do Brasil<\/strong>&#8220;, disse Bolsonaro. Damares, ent\u00e3o, interrompeu e pediu R$ 5 bilh\u00f5es para a sua pasta, mas foi ignorada.<\/p>\n\n\n\n<h2 class=\"wp-block-heading\">4 &#8211; Petrobras fecha venda de campos terrestres no ES por US$ 155 milh\u00f5es<\/h2>\n\n\n\n<p><strong>A Petrobras assinou nesta quinta-feira (27) acordo para venda de 27 concess\u00f5es terrestres de explora\u00e7\u00e3o e produ\u00e7\u00e3o no Esp\u00edrito Santo, chamado de Polo Cricar\u00e9<\/strong>. A venda foi realizada para a Karavan SPE Cricar\u00e9, pelo valor total de US$ 155 milh\u00f5es.<\/p>\n\n\n\n<p>A partir da venda, a Karavan O&amp;G Participa\u00e7\u00f5es deter\u00e1 51% da SPE, e a Seacrest Capital Group ficar\u00e1 com os 49% restantes. Dos US$ 155 milh\u00f5es, US$ 11 milh\u00f5es foram pagos nesta quinta, outros US$ 26 milh\u00f5es ser\u00e3o repassados na data de fechamento da transa\u00e7\u00e3o, e US$ 118 milh\u00f5es em pagamentos contingentes previstos em contrato.<\/p>\n\n\n\n<p><strong>O Polo Cricar\u00e9 teve produ\u00e7\u00e3o m\u00e9dia de 1,7 mil barris de petr\u00f3leo por dia e 14 mil metros c\u00fabicos por dia de g\u00e1s, entre janeiro e junho deste ano<\/strong>.<\/p>\n\n\n\n<h2 class=\"wp-block-heading\">5 &#8211; PIB da Fran\u00e7a sofre contra\u00e7\u00e3o hist\u00f3rica de 13,8% no 2\u00ba trimestre, confirma Insee<\/h2>\n\n\n\n<p><strong>O Produto Interno Bruto (PIB) da Fran\u00e7a sofreu contra\u00e7\u00e3o de 13,8% no segundo trimestre de 2020 ante os tr\u00eas meses anteriores<\/strong>, a maior da hist\u00f3ria, em meio ao impacto da pandemia do novo coronav\u00edrus, segundo dados finais publicados nesta sexta-feira (28) pelo Insee, como \u00e9 conhecido o instituto de estat\u00edsticas do pa\u00eds. <\/p>\n\n\n\n<p><strong>O resultado confirmou leitura preliminar divulgada no fim do m\u00eas passado<\/strong>. Em rela\u00e7\u00e3o ao mesmo per\u00edodo de 2019, o PIB da Fran\u00e7a sofreu um tombo de 18,9% entre abril e junho, ligeiramente menor do que a estimativa original, de contra\u00e7\u00e3o de 19%, informou o Insee.<\/p>\n\n\n\n<p><em>*Com Estad\u00e3o Conte\u00fado<\/em><\/p>\n","protected":false},"excerpt":{"rendered":"<p>A revista Forbes, que monitora os bilion\u00e1rios, d\u00e1 os cr\u00e9ditos \u00e0s altas da Amazon durante a pandemia.<\/p>\n","protected":false},"author":17,"featured_media":18131,"comment_status":"closed","ping_status":"open","sticky":false,"template":"","format":"standard","meta":{"_acf_changed":false,"inline_featured_image":false,"footnotes":""},"categories":[5],"tags":[56,901,995,443,234,110443,240,503,21,53,299],"autor-wsj":[],"coauthors":[1498],"class_list":["post-18124","post","type-post","status-publish","format-standard","has-post-thumbnail","hentry","category-economia","tag-banco-central","tag-cmn","tag-divida-publica","tag-franca","tag-jair-bolsonaro","tag-jeff-bezos","tag-ministerio-da-economia","tag-amazon","tag-petrobras","tag-pib","tag-tesouro-nacional"],"acf":[],"amp_enabled":true,"_links":{"self":[{"href":"https:\/\/investnews.com.br\/inv-api\/wp\/v2\/posts\/18124","targetHints":{"allow":["GET"]}}],"collection":[{"href":"https:\/\/investnews.com.br\/inv-api\/wp\/v2\/posts"}],"about":[{"href":"https:\/\/investnews.com.br\/inv-api\/wp\/v2\/types\/post"}],"author":[{"embeddable":true,"href":"https:\/\/investnews.com.br\/inv-api\/wp\/v2\/users\/17"}],"replies":[{"embeddable":true,"href":"https:\/\/investnews.com.br\/inv-api\/wp\/v2\/comments?post=18124"}],"version-history":[{"count":5,"href":"https:\/\/investnews.com.br\/inv-api\/wp\/v2\/posts\/18124\/revisions"}],"predecessor-version":[{"id":18149,"href":"https:\/\/investnews.com.br\/inv-api\/wp\/v2\/posts\/18124\/revisions\/18149"}],"wp:featuredmedia":[{"embeddable":true,"href":"https:\/\/investnews.com.br\/inv-api\/wp\/v2\/media\/18131"}],"wp:attachment":[{"href":"https:\/\/investnews.com.br\/inv-api\/wp\/v2\/media?parent=18124"}],"wp:term":[{"taxonomy":"category","embeddable":true,"href":"https:\/\/investnews.com.br\/inv-api\/wp\/v2\/categories?post=18124"},{"taxonomy":"post_tag","embeddable":true,"href":"https:\/\/investnews.com.br\/inv-api\/wp\/v2\/tags?post=18124"},{"taxonomy":"autor-wsj","embeddable":true,"href":"https:\/\/investnews.com.br\/inv-api\/wp\/v2\/autor-wsj?post=18124"},{"taxonomy":"author","embeddable":true,"href":"https:\/\/investnews.com.br\/inv-api\/wp\/v2\/coauthors?post=18124"}],"curies":[{"name":"wp","href":"https:\/\/api.w.org\/{rel}","templated":true}]}}