{"id":18250,"date":"2020-08-31T09:34:44","date_gmt":"2020-08-31T12:34:44","guid":{"rendered":"https:\/\/investnews.com.br\/?p=18250"},"modified":"2024-06-24T11:25:41","modified_gmt":"2024-06-24T14:25:41","slug":"morning-call-bolsas-caminham-para-fechar-o-quinto-mes-consecutivo-de-alta","status":"publish","type":"post","link":"https:\/\/investnews.com.br\/financas\/morning-call-bolsas-caminham-para-fechar-o-quinto-mes-consecutivo-de-alta\/","title":{"rendered":"Morning Call: bolsas caminham para fechar o quinto m\u00eas consecutivo de alta"},"content":{"rendered":"\n<p><strong>Destaques:<\/strong><\/p>\n\n\n\n<ul class=\"wp-block-list\"><li>Esta semana nos EUA, saem Livro Bege e payroll, mas o recado principal j\u00e1 foi dado por Jerome Powell na semana passada, ao garantir juros baixos pelo tempo que for necess\u00e1rios e mais flexibilidade com a <a href=\"https:\/\/investnews.com.br\/guias\/meta-de-inflacao\/\">meta de infla\u00e7\u00e3o<\/a>; \u00a0<\/li><li>Aqui, a agenda econ\u00f4mica ter\u00e1 peso na bolsa brasileira, com PIB\/2TRI, produ\u00e7\u00e3o industrial, dados fiscais e grande movimento no Congresso, onde o governo entrega hoje o or\u00e7amento para 2021;<\/li><li>Amanh\u00e3, o governo brasileiro apresenta a proposta de prorroga\u00e7\u00e3o do aux\u00edlio emergencial at\u00e9 dezembro;<br><\/li><li>H\u00e1 instantes, o S&amp;P 500 futuro subia em torno de 0,22% no pr\u00e9-mercado de NY; Londres (-0,60%); Frankfurt (+0,27%); Paris (+0,52%);<\/li><li>Mais cedo, as bolsas asi\u00e1ticas fecharam mistas: Xangai (-0,24%) com recuo do PMI industrial de 51,1 em julho para 51 pontos em agosto; Hong Kong (-0,96%); Jap\u00e3o (+1,12%), depois que Warren Buffett comprou mais de 5% das cinco maiores empresas locais de trading.<\/li><\/ul>\n\n\n\n<figure class=\"wp-block-embed-youtube wp-block-embed is-type-video is-provider-youtube wp-embed-aspect-16-9 wp-has-aspect-ratio\"><div class=\"wp-block-embed__wrapper\">\nhttps:\/\/www.youtube.com\/watch?v=sTl3pzhVm2U\n<\/div><\/figure>\n\n\n\n<p><strong>Cen\u00e1rio global e bolsa brasileira:<\/strong><\/p>\n\n\n\n<ul class=\"wp-block-list\"><li>Na sexta-feira, as bolsas americanas fecharam em alta consistente, ap\u00f3s gastos do consumidor americano em julho, que subiram 1,9%, e refletindo o posicionamento do Fed na quinta, ao flexibilizar a sua estrat\u00e9gia de pol\u00edtica monet\u00e1riae, privilegiar o emprego, e refor\u00e7ar a manuten\u00e7\u00e3o dos juros pr\u00f3ximo de zero pelo tempo necess\u00e1rio; os \u00edndices S&amp;P 500 e Nasdaq renovaram recorde hist\u00f3rico de fechamento;<\/li><li>No Brasil, a semana terminou na espera pelo valor da extens\u00e3o do aux\u00edlio emergencial e a origem dos recursos para financiar o novo programa Renda Brasil;<\/li><li>Foi uma sexta-feira mais calma e sem conflitos expl\u00edcitos entre o presidente e Paulo Guedes; O Ibovespa fechou em alta de 1,51%, aos 102.142,93 pontos.; na semana, subiu 0,61%; no m\u00eas, cai 0,75%.<\/li><\/ul>\n\n\n\n<p><strong>An\u00e1lise Gr\u00e1fica &#8211; IBOV:<\/strong><br><\/p>\n\n\n\n<ul class=\"wp-block-list\"><li>No gr\u00e1fico di\u00e1rio do \u00edndice Bovespa, o IBOV conseguiu fechar acima dos 102 mil pontos, por\u00e9m sem sofrer altera\u00e7\u00f5es no padr\u00e3o atual e se mantendo na zona de congest\u00e3o sobre a m\u00e9dia m\u00f3vel curta (21 per\u00edodos); &nbsp;<\/li><li>Para vi\u00e9s ficar mais positivo, o IBOV precisa se consolidar-se acima das m\u00e9dias de 21 per\u00edodos, para depois buscar a resist\u00eancia em torno de 105 mil pontos;<\/li><li>O momento ainda \u00e9 de cautela e aten\u00e7\u00e3o, nada est\u00e1 definido. Se o \u00edndice cair abaixo dos 100 mil pontos, n\u00e3o seria surpresa uma corre\u00e7\u00e3o de pelo menos 5.000 pontos, no curto prazo. &nbsp;<\/li><\/ul>\n\n\n\n<ul class=\"wp-block-list\"><li><strong>Suporte:<\/strong> 100.000 (m\u00ednima de 4 de agosto)<\/li><li><strong>Resist\u00eancia:<\/strong> 105.500 (m\u00e1xima do dia 21 de julho)<\/li><\/ul>\n\n\n\n<figure class=\"wp-block-image size-large\"><img loading=\"lazy\" decoding=\"async\" width=\"1024\" height=\"464\" src=\"https:\/\/media.investnews.com.br\/uploads\/2020\/08\/download-4-1-1024x464.png\" alt=\"\" class=\"wp-image-18251\" srcset=\"https:\/\/media.investnews.com.br\/uploads\/2020\/08\/download-4-1-1024x464.png 1024w, https:\/\/media.investnews.com.br\/uploads\/2020\/08\/download-4-1-300x136.png 300w, https:\/\/media.investnews.com.br\/uploads\/2020\/08\/download-4-1-768x348.png 768w, https:\/\/media.investnews.com.br\/uploads\/2020\/08\/download-4-1-1536x696.png 1536w, https:\/\/media.investnews.com.br\/uploads\/2020\/08\/download-4-1-1256x569.png 1256w, https:\/\/media.investnews.com.br\/uploads\/2020\/08\/download-4-1-172x78.png 172w, https:\/\/media.investnews.com.br\/uploads\/2020\/08\/download-4-1-150x68.png 150w, https:\/\/media.investnews.com.br\/uploads\/2020\/08\/download-4-1.png 1828w\" sizes=\"auto, (max-width: 1024px) 100vw, 1024px\" \/><\/figure>\n\n\n\n<figure class=\"wp-block-table\"><table class=\"\"><tbody><tr><td><strong>Indicadores<\/strong><\/td><\/tr><tr><td><strong>Brasil:<\/strong><\/td><\/tr><tr><td><a href=\"https:\/\/investnews.com.br\/guias\/boletim-focus-entenda-o-que-e\/\">Boletim Focus<\/a> (Banco Central): Focus eleva proje\u00e7\u00e3o de <a href=\"https:\/\/investnews.com.br\/guias\/o-que-e-ipca\/\">IPCA<\/a> em 2020, de 1,71% para 1,77%, mant\u00e9m Selic em 2% no fim do ano<\/td><\/tr><tr><td>\u00cdndice de Confian\u00e7a Empresarial &#8211; ICE (FGV)<\/td><\/tr><tr><td>Resultado Prim\u00e1rio do Setor P\u00fablico Consolidado (julho) (Banco Central)<\/td><\/tr><tr><td><strong>EUA:<\/strong><\/td><\/tr><tr><td>\u00cdndice de atividade manufatureira (Fed de Dallas)<\/td><\/tr><tr><td><strong>Europa:<\/strong><\/td><\/tr><tr><td>Alemanha: Infla\u00e7\u00e3o (IPC)<\/td><\/tr><tr><td><strong>\u00c1sia:<\/strong><\/td><\/tr><tr><td>China: PMI Industrial (Markit)<\/td><\/tr><tr><td>Jap\u00e3o: PMI Industrial (Markit) \/&nbsp;Taxa de desemprego (julho)&nbsp;<\/td><\/tr><\/tbody><\/table><\/figure>\n\n\n\n<p><strong><em>* Esse \u00e9 um conte\u00fado de an\u00e1lise de um especialista de investimentos da   Easynvest, sem cunho jornal\u00edstico.&nbsp;<\/em><\/strong><\/p>\n","protected":false},"excerpt":{"rendered":"<p>Os principais fatos que podem impactar os mercados hoje e uma breve an\u00e1lise do \u00edndice Bovespa.  <\/p>\n","protected":false},"author":25,"featured_media":18253,"comment_status":"closed","ping_status":"open","sticky":false,"template":"","format":"standard","meta":{"_acf_changed":false,"inline_featured_image":false,"footnotes":""},"categories":[4],"tags":[226,1357,721],"autor-wsj":[],"coauthors":[1565],"class_list":["post-18250","post","type-post","status-publish","format-standard","has-post-thumbnail","hentry","category-financas","tag-bolsa-de-valores","tag-bolsas-de-nova-york","tag-bolsas-europeias"],"acf":[],"amp_enabled":true,"_links":{"self":[{"href":"https:\/\/investnews.com.br\/inv-api\/wp\/v2\/posts\/18250","targetHints":{"allow":["GET"]}}],"collection":[{"href":"https:\/\/investnews.com.br\/inv-api\/wp\/v2\/posts"}],"about":[{"href":"https:\/\/investnews.com.br\/inv-api\/wp\/v2\/types\/post"}],"author":[{"embeddable":true,"href":"https:\/\/investnews.com.br\/inv-api\/wp\/v2\/users\/25"}],"replies":[{"embeddable":true,"href":"https:\/\/investnews.com.br\/inv-api\/wp\/v2\/comments?post=18250"}],"version-history":[{"count":2,"href":"https:\/\/investnews.com.br\/inv-api\/wp\/v2\/posts\/18250\/revisions"}],"predecessor-version":[{"id":18256,"href":"https:\/\/investnews.com.br\/inv-api\/wp\/v2\/posts\/18250\/revisions\/18256"}],"wp:featuredmedia":[{"embeddable":true,"href":"https:\/\/investnews.com.br\/inv-api\/wp\/v2\/media\/18253"}],"wp:attachment":[{"href":"https:\/\/investnews.com.br\/inv-api\/wp\/v2\/media?parent=18250"}],"wp:term":[{"taxonomy":"category","embeddable":true,"href":"https:\/\/investnews.com.br\/inv-api\/wp\/v2\/categories?post=18250"},{"taxonomy":"post_tag","embeddable":true,"href":"https:\/\/investnews.com.br\/inv-api\/wp\/v2\/tags?post=18250"},{"taxonomy":"autor-wsj","embeddable":true,"href":"https:\/\/investnews.com.br\/inv-api\/wp\/v2\/autor-wsj?post=18250"},{"taxonomy":"author","embeddable":true,"href":"https:\/\/investnews.com.br\/inv-api\/wp\/v2\/coauthors?post=18250"}],"curies":[{"name":"wp","href":"https:\/\/api.w.org\/{rel}","templated":true}]}}