{"id":183,"date":"2020-01-09T16:55:59","date_gmt":"2020-01-09T19:55:59","guid":{"rendered":"http:\/\/beta.investnews.com.br\/?p=183"},"modified":"2024-06-26T12:30:42","modified_gmt":"2024-06-26T15:30:42","slug":"dataprev-diz-que-fechamento-de-filiais-nao-afeta-adaptacao-do-inss-a-reforma","status":"publish","type":"post","link":"https:\/\/investnews.com.br\/economia\/dataprev-diz-que-fechamento-de-filiais-nao-afeta-adaptacao-do-inss-a-reforma\/","title":{"rendered":"Dataprev diz que fechamento de filiais n\u00e3o afeta adapta\u00e7\u00e3o do INSS \u00e0 reforma"},"content":{"rendered":"\n<p><em>Por Estad\u00e3o Conte\u00fado <\/em>&nbsp;<\/p>\n\n\n\n<p>A Dataprev, empresa de tecnologia respons\u00e1vel pelos sistemas do INSS, informou nesta quinta-feira, 9, em nota, que o fechamento de 20 filiais em Estados n\u00e3o afetar\u00e1 &#8220;de nenhuma maneira e sob nenhum aspecto&#8221; o trabalho de adapta\u00e7\u00e3o dos sistemas \u00e0 reforma da Previd\u00eancia aprovada no ano passado.<\/p>\n\n\n\n<p>Como mostrou o Broadcast (sistema de not\u00edcias em tempo real do Grupo Estado), o an\u00fancio do encerramento das atividades e da demiss\u00e3o de 493 funcion\u00e1rios, feito pela empresa na quarta-feira, 8, foi mal recebido no governo.<\/p>\n\n\n\n<p>A avalia\u00e7\u00e3o \u00e9 de que o &#8220;timing&#8221; foi p\u00e9ssimo, dada a demora na entrega pela Dataprev da atualiza\u00e7\u00e3o nos sistemas do INSS ap\u00f3s a reforma.<\/p>\n\n\n\n<p>A empresa disse ainda ter equipe de desenvolvedores &#8220;exclusiva e dedicada a implantar as adequa\u00e7\u00f5es necess\u00e1rias&#8221; e que &#8220;a complexidade das altera\u00e7\u00f5es demanda cuidado redobrado de todos os envolvidos no processo, para que se garanta seguran\u00e7a na concess\u00e3o dos benef\u00edcios aos cidad\u00e3os e sejam alcan\u00e7ados os resultados projetados pelo governo&#8221;.<\/p>\n\n\n\n<p>Segundo a Dataprev, n\u00e3o h\u00e1 correla\u00e7\u00e3o entre o fechamento das unidades e o trabalho de atualiza\u00e7\u00e3o. &#8220;Todo o processamento dos dados previdenci\u00e1rios ocorre nos Estados com Unidades de Desenvolvimento e Data Centers (Cear\u00e1, Distrito Federal, Para\u00edba, Rio de Janeiro, Rio Grande do Norte, Santa Catarina e S\u00e3o Paulo), com suas atividades totalmente preservadas.&#8221;<\/p>\n\n\n\n<p>&#8220;Cabe ressaltar que as unidades regionais que ser\u00e3o fechadas at\u00e9 o fim de fevereiro funcionam apenas como n\u00facleos de atendimento ao usu\u00e1rio e atividades administrativas, com baixa produtividade e fora do escopo para o qual foram originalmente criadas, sendo suas atividades integralmente absorvidas pelas demais unidades&#8221;, disse a Dataprev em nota.<\/p>\n","protected":false},"excerpt":{"rendered":"<p>Empresa informou que o fechamento das 20 filiais n\u00e3o impede o ajuste do sistema para as novas normas da reforma da previd\u00eancia<\/p>\n","protected":false},"author":7,"featured_media":984,"comment_status":"open","ping_status":"open","sticky":false,"template":"","format":"standard","meta":{"_acf_changed":false,"inline_featured_image":false,"footnotes":""},"categories":[5],"tags":[],"autor-wsj":[],"coauthors":[],"class_list":["post-183","post","type-post","status-publish","format-standard","has-post-thumbnail","hentry","category-economia"],"acf":[],"amp_enabled":true,"_links":{"self":[{"href":"https:\/\/investnews.com.br\/inv-api\/wp\/v2\/posts\/183","targetHints":{"allow":["GET"]}}],"collection":[{"href":"https:\/\/investnews.com.br\/inv-api\/wp\/v2\/posts"}],"about":[{"href":"https:\/\/investnews.com.br\/inv-api\/wp\/v2\/types\/post"}],"author":[{"embeddable":true,"href":"https:\/\/investnews.com.br\/inv-api\/wp\/v2\/users\/7"}],"replies":[{"embeddable":true,"href":"https:\/\/investnews.com.br\/inv-api\/wp\/v2\/comments?post=183"}],"version-history":[{"count":3,"href":"https:\/\/investnews.com.br\/inv-api\/wp\/v2\/posts\/183\/revisions"}],"predecessor-version":[{"id":985,"href":"https:\/\/investnews.com.br\/inv-api\/wp\/v2\/posts\/183\/revisions\/985"}],"wp:featuredmedia":[{"embeddable":true,"href":"https:\/\/investnews.com.br\/inv-api\/wp\/v2\/media\/984"}],"wp:attachment":[{"href":"https:\/\/investnews.com.br\/inv-api\/wp\/v2\/media?parent=183"}],"wp:term":[{"taxonomy":"category","embeddable":true,"href":"https:\/\/investnews.com.br\/inv-api\/wp\/v2\/categories?post=183"},{"taxonomy":"post_tag","embeddable":true,"href":"https:\/\/investnews.com.br\/inv-api\/wp\/v2\/tags?post=183"},{"taxonomy":"autor-wsj","embeddable":true,"href":"https:\/\/investnews.com.br\/inv-api\/wp\/v2\/autor-wsj?post=183"},{"taxonomy":"author","embeddable":true,"href":"https:\/\/investnews.com.br\/inv-api\/wp\/v2\/coauthors?post=183"}],"curies":[{"name":"wp","href":"https:\/\/api.w.org\/{rel}","templated":true}]}}