{"id":18564,"date":"2020-09-02T08:59:17","date_gmt":"2020-09-02T11:59:17","guid":{"rendered":"https:\/\/investnews.com.br\/?p=18564"},"modified":"2024-06-26T12:27:19","modified_gmt":"2024-06-26T15:27:19","slug":"5-fatos-para-hoje-camara-aprova-nova-lei-do-gas-stone-eleva-oferta-pela-linx","status":"publish","type":"post","link":"https:\/\/investnews.com.br\/economia\/5-fatos-para-hoje-camara-aprova-nova-lei-do-gas-stone-eleva-oferta-pela-linx\/","title":{"rendered":"5 fatos para hoje: C\u00e2mara aprova nova Lei do G\u00e1s; Stone eleva oferta pela Linx"},"content":{"rendered":"\n<h2 class=\"wp-block-heading\">1 &#8211; C\u00e2mara conclui vota\u00e7\u00e3o da Lei do G\u00e1s; nenhum destaque foi aprovado<\/h2>\n\n\n\n<p><strong>A C\u00e2mara concluiu no fim da noite desta ter\u00e7a-feira, dia 1\u00ba, a vota\u00e7\u00e3o do <a class=\"rank-math-link\" href=\"https:\/\/investnews.com.br\/economia\/marco-do-gas-pode-destravar-investimento-de-r-43-bi\/\">novo marco legal do g\u00e1s<\/a> <\/strong>e o projeto segue agora para o Senado. Todos os pedidos de mudan\u00e7a ao texto, os destaques, foram rejeitados. Mais cedo, o texto-base foi aprovado com 351 votos a favor e 101 contra. <strong>O projeto \u00e9 a aposta do governo para destravar investimentos de at\u00e9 R$ 43 bilh\u00f5es e reindustrializar o Pa\u00eds<\/strong>.<\/p>\n\n\n\n<p>Alinhado ao novo mercado de g\u00e1s, programa do governo mais conhecido como <strong>&#8220;choque da energia barata&#8221;<\/strong>, a proposta abre um setor que at\u00e9 pouco tempo era dominado pela Petrobras. Os investimentos previstos ir\u00e3o assegurar projetos de expans\u00e3o de infraestrutura de transporte, escoamento e armazenamento do g\u00e1s.<\/p>\n\n\n\n<h2 class=\"wp-block-heading\">2 &#8211; Stone eleva oferta pela Linx em R$ 200 milh\u00f5es<\/h2>\n\n\n\n<p>A briga pelo controle da empresa de tecnologia Linx &#8211; que envolve uma <strong>disputa entre a Stone e a Totvs<\/strong> &#8211; acabou de ganhar um novo cap\u00edtulo. Depois de intensas negocia\u00e7\u00f5es entre segunda-feira (31) e ter\u00e7a-feira, <strong>a empresa de maquininhas elevou a proposta em 4% &#8211; para um total de R$ 35,10 por a\u00e7\u00e3o, ante os R$ 33,76 anteriores<\/strong>. Isso, na pr\u00e1tica, aumenta a oferta original de R$ 6 bilh\u00f5es para cerca de R$ 6,2 bilh\u00f5es.<\/p>\n\n\n\n<p><strong>LEIA MAIS: <a class=\"rank-math-link\" href=\"https:\/\/investnews.com.br\/negocios\/acao-da-linx-dispara-com-interesse-de-totvs-e-stone\/\">A\u00e7\u00e3o da Linx dispara 11% ap\u00f3s \u2018investida\u2019 de Totvs e Stone<\/a><\/strong><\/p>\n\n\n\n<p>Al\u00e9m disso, dentro das negocia\u00e7\u00f5es, caso o acordo n\u00e3o seja fechado, <strong>a multa imposta \u00e0 Linx tamb\u00e9m ficou um pouco menor<\/strong>, caindo de R$ 600 milh\u00f5es para R$ 454 milh\u00f5es. A <strong>cl\u00e1usula de n\u00e3o competi\u00e7\u00e3o<\/strong> para os s\u00f3cios da Linx tamb\u00e9m ficou mais branda, segundo apurou o&nbsp;&#8220;Estad\u00e3o\/Broadcast&#8221;: o prazo, que <strong>antes era de cinco anos, agora foi reduzido para tr\u00eas<\/strong>.<\/p>\n\n\n\n<p>Os sistemas da Linx s\u00e3o vistos como vitais pela Stone. Com 9% do mercado de maquininhas, <strong>a Stone quer se consolidar como uma empresa que vai al\u00e9m das solu\u00e7\u00f5es de pagamento<\/strong>. Pretende oferecer ao varejo a <strong>tecnologia para a gest\u00e3o do neg\u00f3cio<\/strong> &#8211; a especialidade da Linx. O neg\u00f3cio tamb\u00e9m interessa \u00e0 Totvs, que \u00e9 concorrente da Linx, mas \u00e9 mais voltada \u00e0 ind\u00fastria. A rival da Stone na disputa n\u00e3o quis comentar a eleva\u00e7\u00e3o da oferta.<\/p>\n\n\n\n<h2 class=\"wp-block-heading\">3 &#8211; S\u00f3 2 entre 48 pa\u00edses viram PIB crescer<\/h2>\n\n\n\n<p>O sincronismo dos impactos da pandemia de covid-19 em todo o mundo fez com que apenas dois pa\u00edses &#8211; <strong>China e \u00cdndia<\/strong> &#8211; registrassem crescimento econ\u00f4mico num levantamento sobre o desempenho do Produto Interno Bruto (PIB) em 48 pa\u00edses, feito pela Austin <a href=\"https:\/\/investnews.com.br\/guias\/rating-entenda-a-escala-de-classificacao-de-risco-de-credito\/\">Rating<\/a>. Segundo o economista-chefe da ag\u00eancia de classifica\u00e7\u00e3o de risco, Alex Agostini, <strong>nem mesmo durante a crise financeira, que se abateu sobre os mercados globais a partir de setembro de 2008, tantas economias ficaram no vermelho ao mesmo tempo<\/strong>.<\/p>\n\n\n\n<p><strong>LEIA MAIS: <a class=\"rank-math-link\" href=\"https:\/\/investnews.com.br\/economia\/tombo-do-pib-do-brasil-fica-perto-da-media-em-lista-com-48-paises\/\">Tombo do PIB do Brasil fica perto da m\u00e9dia em lista com 48 pa\u00edses<\/a><\/strong><\/p>\n\n\n\n<p><strong>Os dados confirmam estimativas do Banco Mundial<\/strong>, que no in\u00edcio de junho divulgou proje\u00e7\u00f5es sinalizando que 2020 ser\u00e1 o ano, numa s\u00e9rie iniciada em 1870, em que a maior propor\u00e7\u00e3o de pa\u00edses apresentar\u00e1 <strong>retra\u00e7\u00e3o na renda per capita<\/strong> ao mesmo tempo. Em 2020, 92,9% de todas as economias do mundo dever\u00e3o registrar quedas. <strong>O recorde anterior foi visto em 1931, em plena Grande Depress\u00e3o, quando 83,8% dos pa\u00edses viram a renda per capita cair<\/strong>. Em 1918, quando terminou a Primeira Guerra Mundial na Europa e estima-se que a pandemia de gripe espanhola possa ter matado 5% da popula\u00e7\u00e3o mundial, 70% das economias registraram perdas na renda per capita. O Banco Mundial espera uma retra\u00e7\u00e3o de 5,2% na economia mundial em 2020.<\/p>\n\n\n\n<h2 class=\"wp-block-heading\">4 &#8211; IPC-S de agosto acelera em 5 das 7 capitais pesquisadas pela FGV<\/h2>\n\n\n\n<p><strong>O \u00cdndice de Pre\u00e7os ao Consumidor Semanal (IPC-S) de agosto registrou acelera\u00e7\u00e3o em cinco das sete capitais pesquisadas<\/strong>, de acordo com a Funda\u00e7\u00e3o Getulio Vargas (FGV). O \u00edndice acelerou a 0,53% ante 0,51% na quadrissemana anterior. Em julho, a taxa de crescimento havia sido de 0,49%. <\/p>\n\n\n\n<p>As cidades que registraram acelera\u00e7\u00e3o no IPC-S foram <strong>Bras\u00edlia<\/strong> (0,46% para 0,67%), <strong>Recife<\/strong> (0,58% para 0,60%), <strong>Rio de Janeiro<\/strong> (0,27% para 0,37%), <strong>Porto Alegre<\/strong> (0,33% para 0,41%) e <strong>S\u00e3o Paulo<\/strong> (0,66% para 0,72%). <strong>Salvador foi a \u00fanica cidade a registrar desacelera\u00e7\u00e3o<\/strong> (0,55% para 0,15%), enquanto Belo Horizonte teve a mesma alta da quadrissemana anterior (0,55%).<\/p>\n\n\n\n<h2 class=\"wp-block-heading\">5 &#8211; Covid-19: Brasil tem mais 1,2 mil mortes e 42,6 mil novos casos<\/h2>\n\n\n\n<p>Nas \u00faltimas 24 horas, foram registradas 1.215 mortes em fun\u00e7\u00e3o da pandemia do novo coronav\u00edrus. Com isso, <strong>o total de \u00f3bitos por covid-19 chegou a 122.596<\/strong>. O resultado representa aumento de 1% em rela\u00e7\u00e3o a&nbsp;ontem, quando o painel do Minist\u00e9rio da Sa\u00fade&nbsp; marcava 121.381 mortes. H\u00e1 2.690 falecimentos em investiga\u00e7\u00e3o. Os dados est\u00e3o na atualiza\u00e7\u00e3o di\u00e1ria do Minist\u00e9rio da Sa\u00fade divulgada na noite desta&nbsp;ter\u00e7a-feira (1\u00ba).<\/p>\n\n\n\n<p>De acordo com o balan\u00e7o da pasta, entre ontem e&nbsp;hoje&nbsp;as secretarias estaduais de sa\u00fade identificaram 42.659 novas pessoas infectadas. Com isso, <strong>o total de casos acumulados alcan\u00e7ou 3.950.931<\/strong>. O resultado mostra o acr\u00e9scimo de 1% sobre o n\u00famero divulgado&nbsp;ontem, quando o sistema do minist\u00e9rio trazia 3.908.272 infectados desde o in\u00edcio da pandemia.<\/p>\n\n\n\n<p><em>*Com Estad\u00e3o Conte\u00fado e Ag\u00eancia Brasil<\/em><\/p>\n","protected":false},"excerpt":{"rendered":"<p>A empresa de maquininhas elevou a proposta em 4% &#8211; para um total de R$ 35,10 por a\u00e7\u00e3o, ante os R$ 33,76 anteriores.<\/p>\n","protected":false},"author":17,"featured_media":2480,"comment_status":"closed","ping_status":"open","sticky":false,"template":"","format":"standard","meta":{"_acf_changed":false,"inline_featured_image":false,"footnotes":""},"categories":[5],"tags":[1020,244,1848,1189,53],"autor-wsj":[],"coauthors":[1498],"class_list":["post-18564","post","type-post","status-publish","format-standard","has-post-thumbnail","hentry","category-economia","tag-banco-mundial","tag-china","tag-linx","tag-stone","tag-pib"],"acf":[],"amp_enabled":true,"_links":{"self":[{"href":"https:\/\/investnews.com.br\/inv-api\/wp\/v2\/posts\/18564","targetHints":{"allow":["GET"]}}],"collection":[{"href":"https:\/\/investnews.com.br\/inv-api\/wp\/v2\/posts"}],"about":[{"href":"https:\/\/investnews.com.br\/inv-api\/wp\/v2\/types\/post"}],"author":[{"embeddable":true,"href":"https:\/\/investnews.com.br\/inv-api\/wp\/v2\/users\/17"}],"replies":[{"embeddable":true,"href":"https:\/\/investnews.com.br\/inv-api\/wp\/v2\/comments?post=18564"}],"version-history":[{"count":5,"href":"https:\/\/investnews.com.br\/inv-api\/wp\/v2\/posts\/18564\/revisions"}],"predecessor-version":[{"id":18581,"href":"https:\/\/investnews.com.br\/inv-api\/wp\/v2\/posts\/18564\/revisions\/18581"}],"wp:featuredmedia":[{"embeddable":true,"href":"https:\/\/investnews.com.br\/inv-api\/wp\/v2\/media\/2480"}],"wp:attachment":[{"href":"https:\/\/investnews.com.br\/inv-api\/wp\/v2\/media?parent=18564"}],"wp:term":[{"taxonomy":"category","embeddable":true,"href":"https:\/\/investnews.com.br\/inv-api\/wp\/v2\/categories?post=18564"},{"taxonomy":"post_tag","embeddable":true,"href":"https:\/\/investnews.com.br\/inv-api\/wp\/v2\/tags?post=18564"},{"taxonomy":"autor-wsj","embeddable":true,"href":"https:\/\/investnews.com.br\/inv-api\/wp\/v2\/autor-wsj?post=18564"},{"taxonomy":"author","embeddable":true,"href":"https:\/\/investnews.com.br\/inv-api\/wp\/v2\/coauthors?post=18564"}],"curies":[{"name":"wp","href":"https:\/\/api.w.org\/{rel}","templated":true}]}}