{"id":190,"date":"2020-01-09T17:21:38","date_gmt":"2020-01-09T20:21:38","guid":{"rendered":"http:\/\/beta.investnews.com.br\/?p=190"},"modified":"2024-06-26T12:30:41","modified_gmt":"2024-06-26T15:30:41","slug":"mec-diz-que-livros-didaticos-nao-devem-sofrer-mudancas-drasticas","status":"publish","type":"post","link":"https:\/\/investnews.com.br\/economia\/mec-diz-que-livros-didaticos-nao-devem-sofrer-mudancas-drasticas\/","title":{"rendered":"Livros did\u00e1ticos n\u00e3o sofrer\u00e3o mudan\u00e7as dr\u00e1sticas, diz MEC"},"content":{"rendered":"\n<p> <em>Por Estad\u00e3o Conte\u00fado&nbsp;<\/em>&nbsp; <\/p>\n\n\n\n<p>Conte\u00fado dos livros did\u00e1ticos distribu\u00eddos em escolas p\u00fablicas n\u00e3o dever\u00e1 sofrer mudan\u00e7as dr\u00e1sticas a partir de 2021,   segundo o secret\u00e1rio executivo do Minist\u00e9rio da Educa\u00e7\u00e3o, Antonio Paulo Vogel, apesar das cr\u00edticas do presidente Jair Bolsonaro.<\/p>\n\n\n\n<p>&#8220;O livro did\u00e1tico \u00e9 um livro de ensino, e acabou. As mat\u00e9rias estavam todas l\u00e1. N\u00e3o h\u00e1 nenhuma grande novidade nessa hist\u00f3ria. Vamos deixar acontecer. Os senhores v\u00e3o vendo \u00e0 medida em que for acontecendo&#8221;, frisou Vogel ao ser questionado sobre as novas caracter\u00edsticas dos conte\u00fados.<\/p>\n\n\n\n<p>Diante da insist\u00eancia de jornalistas sobre quais ser\u00e3o os reflexos pr\u00e1ticos da &#8220;suaviza\u00e7\u00e3o&#8221; nos livros, o secret\u00e1rio executivo disse que n\u00e3o tinha mais nada a falar sobre isso. Tamb\u00e9m n\u00e3o disse se algum problema de &#8220;doutrina\u00e7\u00e3o&#8221; foi identificado nos livros did\u00e1ticos atualmente em circula\u00e7\u00e3o.<\/p>\n\n\n\n<p>&#8220;N\u00e3o tenho mais o que comentar. Os editais v\u00e3o sair no momento correto. Os livros ser\u00e3o entregues no momento correto. N\u00e3o vai ter nada, enfim, de muito diferente. N\u00e3o tenho mais o que falar&#8221;, encerrou.<\/p>\n\n\n\n<p>O coment\u00e1rio de Bolsonaro sobre livros foi feito em fala direcionada a apoiadores que o aguardavam em frente ao Pal\u00e1cio da Alvorada, na \u00faltima sexta-feira, 3. &#8220;Os livros hoje em dia, como regra, \u00e9 um mont\u00e3o, um amontoado&#8230; Muita coisa escrita, tem que suavizar aquilo&#8221;, afirmou o presidente.<\/p>\n\n\n\n<p>Em uma transmiss\u00e3o ao vivo ao lado do presidente na \u00faltima ter\u00e7a-feira, 7, Weintraub garantiu que a pasta deu uma &#8220;boa limpada&#8221; no material did\u00e1tico. &#8220;J\u00e1 saiu muita porcaria, mas ainda vai (sair) alguns (livros) que a gente n\u00e3o gosta&#8221;, disse Weintraub.<\/p>\n\n\n\n<p>As declara\u00e7\u00f5es foram feitas durante caf\u00e9 da manh\u00e3 oferecido a jornalistas pelo ministro Abraham Weintraub. O chefe do MEC usou a ocasi\u00e3o para fazer um balan\u00e7o da gest\u00e3o e para apresentar resultados de 2019. Na apresenta\u00e7\u00e3o, o ministro tamb\u00e9m defendeu o &#8220;fim da doutrina\u00e7\u00e3o&#8221; via livros.<\/p>\n\n\n\n<p>&#8220;O livro did\u00e1tico, a fun\u00e7\u00e3o \u00e9 ensinar. A fun\u00e7\u00e3o n\u00e3o \u00e9 doutrinar. \u00c9 como foi o Enem. Em qual quest\u00e3o tentamos doutrinar? Zero. O que a gente quer fazer n\u00e3o \u00e9 doutrinar, \u00e9 simplesmente que elas v\u00e3o para a escola e voltem melhores do que foram&#8221;, disse.<\/p>\n\n\n\n<p><strong>Novo Fundeb<\/strong><\/p>\n\n\n\n<p>O MEC trabalha para encaminhar ao Congresso nacional uma Proposta de Emenda \u00e0 Constitui\u00e7\u00e3o (PEC) para um novo Fundo de Manuten\u00e7\u00e3o e Desenvolvimento da Educa\u00e7\u00e3o B\u00e1sica e de Valoriza\u00e7\u00e3o dos Profissionais da Educa\u00e7\u00e3o (Fundeb). O texto prop\u00f5e aumento de 10% para 15% no volume de recursos repassados pelo governo federal a Estados e munic\u00edpios.<\/p>\n\n\n\n<p>&#8220;\u00c9 um aumento expressivo. Os Estados, para receber recursos, t\u00eam que adotar crit\u00e9rios de desempenho, t\u00eam que mostrar resultados. \u00c9 importante tamb\u00e9m dizer que h\u00e1 uma proposta de redistribuir recursos baseada nos munic\u00edpios que mais precisam. Hoje, tem munic\u00edpio pobre em Estado rico que \u00e9 pouco atendido. E munic\u00edpios ricos em Estados pobres que recebem os recursos. Ent\u00e3o, isso a gente corrige tamb\u00e9m&#8221;, disse.<\/p>\n\n\n\n<p>A cria\u00e7\u00e3o de um novo Fundeb j\u00e1 vinha sendo debatida pelo Executivo e Legislativo. Mais detalhes do texto n\u00e3o foram apresentados pela c\u00fapula do MEC porque a proposta ainda est\u00e1 em discuss\u00e3o. &#8220;O governo \u00e9 composto por MEC e diversos outros minist\u00e9rios e \u00e1reas. Acho prudente a gente s\u00f3 comentar quando formos encaminhar ao Congresso. Obviamente, sempre uma coisa ou outra pode ser ajustada ao longo do processo&#8221;, disse Antonio Vogel.<\/p>\n\n\n\n<p><strong>FNDE<\/strong><\/p>\n\n\n\n<p>H\u00e1 uma expectativa sobre a rela\u00e7\u00e3o do Congresso com o MEC por causa da exonera\u00e7\u00e3o de Rodrigo Dias do cargo de presidente do Fundo Nacional de Desenvolvimento da Educa\u00e7\u00e3o (FNDE) no dia 23 de dezembro, seis meses ap\u00f3s ele assumir a fun\u00e7\u00e3o.<\/p>\n\n\n\n<p>Desde a demiss\u00e3o, s\u00e3o esperados atritos na rela\u00e7\u00e3o de Weintraub com a C\u00e2mara dos Deputados porque Dias \u00e9 ligado ao presidente da Casa, deputado Rodrigo Maia (DEM-RJ).<\/p>\n\n\n\n<p>Autarquia vinculada ao MEC com or\u00e7amento que se aproxima dos R$ 60 bilh\u00f5es, o FNDE tem o papel de garantir alguns dos principais programas de financiamento da educa\u00e7\u00e3o. Entre eles, programas que v\u00e3o de alimenta\u00e7\u00e3o e transporte escolar ao Financiamento Estudantil (Fies).<\/p>\n\n\n\n<p>Para substituir Rodrigo Dias, a escolhida foi Karine Silva dos Santos. Segundo o minist\u00e9rio, a defini\u00e7\u00e3o levou em conta o perfil t\u00e9cnico da servidora que atua no FNDE desde 2009.<\/p>\n\n\n\n<p>Ela comentou nesta quinta-feira, 9, a suspens\u00e3o do processo licitat\u00f3rio, no valor de R$ 3 bilh\u00f5es, para compra de notebooks relacionada ao programa Escola Conectada. A presidente da autarquia disse que outro edital pode ser lan\u00e7ado. &#8220;Ele foi suspenso preventivamente pelo pregoeiro do FNDE em fun\u00e7\u00e3o de algumas indica\u00e7\u00f5es de que o processo n\u00e3o estava adequado tecnicamente. N\u00e3o h\u00e1 ind\u00edcio de fraude, de desvio&#8221;, disse Karine dos Santos, antes de prosseguir. &#8220;Estamos trabalhando a possibilidade de elaborar um novo edital para um novo processo administrativo&#8221;.<\/p>\n\n\n\n<p>Auditoria da Controladoria-Geral da Uni\u00e3o (CGU) apontou irregularidades no edital. Entre elas, &#8220;inconsist\u00eancias entre a demanda prevista e os quantitativos dos equipamentos licitados&#8221; e &#8220;ind\u00edcios de acordo pr\u00e9vio entre empresas participantes&#8221;.<\/p>\n","protected":false},"excerpt":{"rendered":"<p>Secret\u00e1rio executivo do MEC respondeu as cr\u00edticas de Bolsonaro. Presidente afirmou que o conte\u00fado dos materiais did\u00e1ticos precisam ser &#8220;suavizados&#8221;<\/p>\n","protected":false},"author":7,"featured_media":192,"comment_status":"open","ping_status":"open","sticky":false,"template":"","format":"standard","meta":{"_acf_changed":false,"inline_featured_image":false,"footnotes":""},"categories":[5],"tags":[234],"autor-wsj":[],"coauthors":[],"class_list":["post-190","post","type-post","status-publish","format-standard","has-post-thumbnail","hentry","category-economia","tag-jair-bolsonaro"],"acf":[],"amp_enabled":true,"_links":{"self":[{"href":"https:\/\/investnews.com.br\/inv-api\/wp\/v2\/posts\/190","targetHints":{"allow":["GET"]}}],"collection":[{"href":"https:\/\/investnews.com.br\/inv-api\/wp\/v2\/posts"}],"about":[{"href":"https:\/\/investnews.com.br\/inv-api\/wp\/v2\/types\/post"}],"author":[{"embeddable":true,"href":"https:\/\/investnews.com.br\/inv-api\/wp\/v2\/users\/7"}],"replies":[{"embeddable":true,"href":"https:\/\/investnews.com.br\/inv-api\/wp\/v2\/comments?post=190"}],"version-history":[{"count":2,"href":"https:\/\/investnews.com.br\/inv-api\/wp\/v2\/posts\/190\/revisions"}],"predecessor-version":[{"id":416,"href":"https:\/\/investnews.com.br\/inv-api\/wp\/v2\/posts\/190\/revisions\/416"}],"wp:featuredmedia":[{"embeddable":true,"href":"https:\/\/investnews.com.br\/inv-api\/wp\/v2\/media\/192"}],"wp:attachment":[{"href":"https:\/\/investnews.com.br\/inv-api\/wp\/v2\/media?parent=190"}],"wp:term":[{"taxonomy":"category","embeddable":true,"href":"https:\/\/investnews.com.br\/inv-api\/wp\/v2\/categories?post=190"},{"taxonomy":"post_tag","embeddable":true,"href":"https:\/\/investnews.com.br\/inv-api\/wp\/v2\/tags?post=190"},{"taxonomy":"autor-wsj","embeddable":true,"href":"https:\/\/investnews.com.br\/inv-api\/wp\/v2\/autor-wsj?post=190"},{"taxonomy":"author","embeddable":true,"href":"https:\/\/investnews.com.br\/inv-api\/wp\/v2\/coauthors?post=190"}],"curies":[{"name":"wp","href":"https:\/\/api.w.org\/{rel}","templated":true}]}}