{"id":19001,"date":"2020-09-09T08:31:07","date_gmt":"2020-09-09T11:31:07","guid":{"rendered":"https:\/\/investnews.com.br\/?p=19001"},"modified":"2024-06-26T12:27:12","modified_gmt":"2024-06-26T15:27:12","slug":"5-fatos-para-hoje-segundo-ciclo-auxilio-emergencial-caem-vendas-de-celulares","status":"publish","type":"post","link":"https:\/\/investnews.com.br\/economia\/5-fatos-para-hoje-segundo-ciclo-auxilio-emergencial-caem-vendas-de-celulares\/","title":{"rendered":"5 fatos para hoje: 2\u00b0 ciclo do aux\u00edlio emergencial; caem vendas de celulares"},"content":{"rendered":"\n<h2 class=\"wp-block-heading\">1 &#8211; Caixa paga hoje aux\u00edlio emergencial para nascidos em abril<\/h2>\n\n\n\n<p><strong>A Caixa Econ\u00f4mica Federal segue hoje (9) com o segundo ciclo de pagamentos das parcelas do aux\u00edlio emergencial<\/strong>. Os cr\u00e9ditos come\u00e7aram pelos benefici\u00e1rios nascidos em janeiro, no dia 28 de agosto, e o pagamento ser\u00e1 liberado para cerca de 3,9 milh\u00f5es nascidos em abril. Essa etapa de pagamentos vai at\u00e9 27 de outubro.<\/p>\n\n\n\n<p><strong>LEIA MAIS: <a class=\"rank-math-link\" href=\"https:\/\/investnews.com.br\/economia\/caixa-inicia-ciclo-2-de-pagamentos-do-auxilio-emergencial-veja-datas\/\">Caixa inicia Ciclo 2 de pagamentos do aux\u00edlio emergencial; veja datas<\/a><\/strong><\/p>\n\n\n\n<p>Neste ciclo, <strong>mais tr\u00eas grupos<\/strong> foram inclu\u00eddos: trabalhadores que fizeram o cadastro nas ag\u00eancias dos Correios entre 2 de junho e 8 de julho; trabalhadores que fizeram a contesta\u00e7\u00e3o pelo <strong>site da Caixa<\/strong> ou <strong>App Caixa Aux\u00edlio Emergencial<\/strong> de 3 de julho a 16 de agosto e foram considerados eleg\u00edveis; benefici\u00e1rios que tenham recebido a primeira parcela em meses anteriores, mas que tiveram o benef\u00edcio reavaliado em agosto. No caso das reavalia\u00e7\u00f5es, o benef\u00edcio foi liberado novamente para 148 mil pessoas.<\/p>\n\n\n\n<p>Os recursos podem ser movimentados por meio do aplicativo <strong>Caixa Tem<\/strong>. Com ele \u00e9 poss\u00edvel pagar boletos e fazer compras na internet e nas maquininhas em mais de 1 milh\u00e3o de estabelecimentos comerciais.<\/p>\n\n\n\n<h2 class=\"wp-block-heading\">2 &#8211; Venda de celular cai mais de 30% no 2\u00ba trimestre<\/h2>\n\n\n\n<p>A combina\u00e7\u00e3o entre a pandemia de covid-19 e as flutua\u00e7\u00f5es do d\u00f3lar teve resultado negativo para o <strong>mercado de celulares no Brasil<\/strong>. No segundo trimestre de 2020, as <strong>vendas do setor ca\u00edram 30,7% <\/strong>em rela\u00e7\u00e3o ao mesmo per\u00edodo do ano passado, segundo levantamento da consultoria IDC Brasil divulgado ontem. Segundo a firma, trata-se de uma das piores quedas j\u00e1 registradas no setor.<\/p>\n\n\n\n<p>De acordo com a consultoria, foram vendidos 9,6 milh\u00f5es de dispositivos no per\u00edodo &#8211; <strong>8,74 milh\u00f5es de unidades<\/strong> foram comercializadas em canais oficiais de venda e <strong>885 mil no &#8220;mercado cinza&#8221;<\/strong>, que oferta produtos de origem duvidosa.<\/p>\n\n\n\n<p>Entre os <a class=\"rank-math-link\" href=\"https:\/\/investnews.com.br\/programas\/galaxy-fold-o-celular-que-dobra-custa-r-12-999-veja-quanto-voce-ganharia-ao-investir-o-valor\/\">aparelhos vendidos<\/a> por canais oficiais, 8,35 milh\u00f5es foram smartphones e 391 mil foram celulares simples (feature phones, no jarg\u00e3o do setor). As duas categorias sofreram retra\u00e7\u00f5es: o tombo foi de 31,1% para os smartphones e 54% para os celulares. A venda de smartphones no mercado cinza foi a \u00fanica que registrou alta: 8,3% (ou 790 mil aparelhos).<\/p>\n\n\n\n<h2 class=\"wp-block-heading\">3 &#8211; Banco Central lan\u00e7a agenda de sustentabilidade ambiental<\/h2>\n\n\n\n<p><strong>O Banco Central (BC) lan\u00e7ou nesta ter\u00e7a-feira (8) um conjunto de a\u00e7\u00f5es de responsabilidade socioambiental<\/strong>. A dimens\u00e3o da sustentabilidade foi inserida na agenda institucional BC# e inclui desde <strong>campanhas internas conscientiza\u00e7\u00e3o ambiental<\/strong>, incorpora\u00e7\u00e3o de cen\u00e1rios de riscos clim\u00e1ticos em testes de estresse do BC, at\u00e9 a ado\u00e7\u00e3o de medidas mais abrangentes, como a cria\u00e7\u00e3o de uma <strong>linha financeira de liquidez sustent\u00e1vel<\/strong> para institui\u00e7\u00f5es banc\u00e1rias.<\/p>\n\n\n\n<p><strong>LEIA MAIS: <a class=\"rank-math-link\" href=\"https:\/\/investnews.com.br\/economia\/congresso-quer-reforma-tributaria-verde\/\">Congresso quer reforma tribut\u00e1ria \u2018verde\u2019<\/a><\/strong><\/p>\n\n\n\n<p>Durante a apresenta\u00e7\u00e3o, o presidente do BC, Roberto Campos Neto, destacou a centralidade da quest\u00e3o ambiental para a sustentabilidade do pr\u00f3prio sistema financeiro. &#8220;<strong>O tema ambiental \u00e9 extremamente importante e desperta grande interesse na sociedade<\/strong>. A quest\u00e3o ambiental definitivamente entrou na ordem do dia&#8221;, afirmou.<\/p>\n\n\n\n<p>&#8220;Na dimens\u00e3o sustentabilidade, vamos tratar da quest\u00e3o ambiental do ponto de vista financeiro. Vamos falar de promo\u00e7\u00e3o de finan\u00e7as sustent\u00e1veis, gerenciamento adequado dos riscos socioambientais e clim\u00e1ticos, integra\u00e7\u00e3o de vari\u00e1veis sustent\u00e1veis e outros elementos que afetam a tomada de decis\u00f5es pelo BC&#8221;, acrescentou.<\/p>\n\n\n\n<h2 class=\"wp-block-heading\">4 &#8211; Petrobras inicia fase vinculante sobre fatia em concess\u00e3o na Bacia de Santos<\/h2>\n\n\n\n<p><strong>A Petrobras iniciou a fase vinculante da venda de uma fatia entre 50% e 100% de sua participa\u00e7\u00e3o na concess\u00e3o BM-S-51, na Bacia de Santos<\/strong>. A estatal tamb\u00e9m passar\u00e1 a opera\u00e7\u00e3o do campo, que est\u00e1 localizado em l\u00e2mina d&#8217;\u00e1gua que varia de 350 a 1.650 metros, a cerca de 215 km da costa de S\u00e3o Paulo.<\/p>\n\n\n\n<p>A companhia tem 80% de participa\u00e7\u00e3o neste ativo, em <a href=\"https:\/\/investnews.com.br\/guias\/o-que-e-consorcio\/\">cons\u00f3rcio<\/a> com a Repsol Brasil, que \u00e9 dona dos 20% restantes.<\/p>\n\n\n\n<h2 class=\"wp-block-heading\">5 &#8211; FGTS aprova suspens\u00e3o de pagamento de parcelas de programas habitacionais<\/h2>\n\n\n\n<p><strong>O governo federal suspendeu, por at\u00e9 seis meses, o pagamento de parcelas de cr\u00e9dito contratado por meio de programas habitacionais financiados pelo Fundo de Garantia do Tempo de Servi\u00e7o (<a href=\"https:\/\/investnews.com.br\/guias\/fgts-como-funciona-como-sacar\/\">FGTS<\/a>)<\/strong>. A decis\u00e3o foi aprovada pelo conselho curador do fundo em reuni\u00e3o nesta ter\u00e7a-feira, 8.<\/p>\n\n\n\n<p>Poder\u00e3o ser suspensas parcelas de financiamentos tomados por pessoas f\u00edsicas com renda de at\u00e9 R$ 4 mil mensais dentro do Minha Casa, Minha Vida, em opera\u00e7\u00f5es como carta de cr\u00e9dito individual, apoio \u00e0 produ\u00e7\u00e3o de habita\u00e7\u00f5es e carta de cr\u00e9dito associativo.<\/p>\n\n\n\n<p>A suspens\u00e3o foi solicitada pelos agentes financeiros e deve representar R$ 3 bilh\u00f5es em pagamentos congelados no per\u00edodo.<\/p>\n\n\n\n<p><em>*Com Ag\u00eancia Brasil e Estad\u00e3o Conte\u00fado<\/em><\/p>\n","protected":false},"excerpt":{"rendered":"<p>Os crit\u00e9rios para recebimento do aux\u00edlio afrouxaram a fim de incluir tr\u00eas novos grupos.<\/p>\n","protected":false},"author":17,"featured_media":9219,"comment_status":"closed","ping_status":"open","sticky":false,"template":"","format":"standard","meta":{"_acf_changed":false,"inline_featured_image":false,"footnotes":""},"categories":[5],"tags":[56,58,61,21,1674],"autor-wsj":[],"coauthors":[1498],"class_list":["post-19001","post","type-post","status-publish","format-standard","has-post-thumbnail","hentry","category-economia","tag-banco-central","tag-caixa-economica-federal","tag-fgts","tag-petrobras","tag-sustentabilidade"],"acf":[],"amp_enabled":true,"_links":{"self":[{"href":"https:\/\/investnews.com.br\/inv-api\/wp\/v2\/posts\/19001","targetHints":{"allow":["GET"]}}],"collection":[{"href":"https:\/\/investnews.com.br\/inv-api\/wp\/v2\/posts"}],"about":[{"href":"https:\/\/investnews.com.br\/inv-api\/wp\/v2\/types\/post"}],"author":[{"embeddable":true,"href":"https:\/\/investnews.com.br\/inv-api\/wp\/v2\/users\/17"}],"replies":[{"embeddable":true,"href":"https:\/\/investnews.com.br\/inv-api\/wp\/v2\/comments?post=19001"}],"version-history":[{"count":4,"href":"https:\/\/investnews.com.br\/inv-api\/wp\/v2\/posts\/19001\/revisions"}],"predecessor-version":[{"id":19008,"href":"https:\/\/investnews.com.br\/inv-api\/wp\/v2\/posts\/19001\/revisions\/19008"}],"wp:featuredmedia":[{"embeddable":true,"href":"https:\/\/investnews.com.br\/inv-api\/wp\/v2\/media\/9219"}],"wp:attachment":[{"href":"https:\/\/investnews.com.br\/inv-api\/wp\/v2\/media?parent=19001"}],"wp:term":[{"taxonomy":"category","embeddable":true,"href":"https:\/\/investnews.com.br\/inv-api\/wp\/v2\/categories?post=19001"},{"taxonomy":"post_tag","embeddable":true,"href":"https:\/\/investnews.com.br\/inv-api\/wp\/v2\/tags?post=19001"},{"taxonomy":"autor-wsj","embeddable":true,"href":"https:\/\/investnews.com.br\/inv-api\/wp\/v2\/autor-wsj?post=19001"},{"taxonomy":"author","embeddable":true,"href":"https:\/\/investnews.com.br\/inv-api\/wp\/v2\/coauthors?post=19001"}],"curies":[{"name":"wp","href":"https:\/\/api.w.org\/{rel}","templated":true}]}}