{"id":19095,"date":"2020-09-10T08:36:17","date_gmt":"2020-09-10T11:36:17","guid":{"rendered":"https:\/\/investnews.com.br\/?p=19095"},"modified":"2024-06-26T12:27:11","modified_gmt":"2024-06-26T15:27:11","slug":"5-fatos-para-hoje-tarifa-zero-do-arroz-senado-socorre-escolas-particulares","status":"publish","type":"post","link":"https:\/\/investnews.com.br\/economia\/5-fatos-para-hoje-tarifa-zero-do-arroz-senado-socorre-escolas-particulares\/","title":{"rendered":"5 fatos para hoje: tarifa zero do arroz; Senado socorre escolas particulares"},"content":{"rendered":"\n<h2 class=\"wp-block-heading\">1 &#8211; Governo publica resolu\u00e7\u00e3o que reduz a zero tarifa de importa\u00e7\u00e3o de arroz<\/h2>\n\n\n\n<p>O Comit\u00ea Executivo de Gest\u00e3o da C\u00e2mara de Com\u00e9rcio Exterior divulgou nesta quinta-feira (10), no&nbsp;<em>Di\u00e1rio Oficial da Uni\u00e3o (DOU)<\/em>, Resolu\u00e7\u00e3o Gecex n\u00famero 87, a qual <strong>reduz a zero a tarifa de importa\u00e7\u00e3o do arroz<\/strong>, como antecipou o&nbsp;&#8220;Estad\u00e3o\/Broadcast&#8221;.<\/p>\n\n\n\n<p>O governo estabeleceu <strong>uma cota de 400 mil toneladas do produto at\u00e9 o fim do ano que pode entrar no Pa\u00eds sem a taxa<\/strong>. De acordo com o \u00f3rg\u00e3o, o montante vale para o arroz n\u00e3o parboilizado e polido ou brunido, em conjunto.<\/p>\n\n\n\n<p>De acordo com fontes do Minist\u00e9rio da Agricultura, o total liberado \u00e9 considerado suficiente para <strong>ajudar a conter a subida no pre\u00e7o do arroz no varejo e garantir que n\u00e3o faltar\u00e1 produto nas prateleiras dos supermercados<\/strong>. Neste ano, at\u00e9 agosto, o Brasil importou 45.087 toneladas de arroz com casca e 372.890 toneladas de arroz beneficiado (sem casca, parboilizado e polido).<\/p>\n\n\n\n<h2 class=\"wp-block-heading\">2 &#8211; Senado aprova socorro financeiro para escolas privadas durante pandemia<\/h2>\n\n\n\n<p><strong>O Senado aprovou, nesta quarta-feira (9) um socorro financeiro para escolas privadas<\/strong> em fun\u00e7\u00e3o da pandemia de covid-19. O projeto de lei, que seguir\u00e1 para an\u00e1lise da C\u00e2mara, garante <strong>suspens\u00e3o do pagamento de impostos em 2020 e obriga o governo federal a aplicar R$ 3 bilh\u00f5es em subs\u00eddios<\/strong> a essas institui\u00e7\u00f5es.<\/p>\n\n\n\n<p>A proposta foi apresentada pelo senador Jorginho Mello (PL-SC) ap\u00f3s o impacto da crise do novo coronav\u00edrus em institui\u00e7\u00f5es de ensinos privadas. A pandemia acabou provocando <strong>paralisia no pagamento das mensalidades e at\u00e9 a retirada de matr\u00edculas nos estabelecimentos<\/strong>. Se o projeto for aprovado, a implementa\u00e7\u00e3o depender\u00e1 do governo.<\/p>\n\n\n\n<p>O projeto suspende os pagamentos dos tributos federais ou do <a href=\"https:\/\/investnews.com.br\/guias\/simples-nacional\/\">Simples Nacional<\/a> at\u00e9 31 de dezembro de 2020. Ap\u00f3s esse prazo, os d\u00e9bitos poder\u00e3o ser pagos em at\u00e9 12 parcelas a partir de maio de 2021. <strong>O socorro \u00e9 limitado para escolas com faturamento de at\u00e9 R$ 4,8 milh\u00f5es em 2019<\/strong>.<\/p>\n\n\n\n<h2 class=\"wp-block-heading\">3 &#8211; BNDES quer apoiar 135 startups com 2\u00aa edi\u00e7\u00e3o de programa de acelera\u00e7\u00e3o<\/h2>\n\n\n\n<p>O Banco Nacional de Desenvolvimento Econ\u00f4mico e Social (BNDES) pretende apoiar, com orienta\u00e7\u00e3o sobre gest\u00e3o e contatos no mundo dos neg\u00f3cios, at\u00e9 135 startups na segunda edi\u00e7\u00e3o do <strong>BNDES Garagem,<\/strong> <strong>cujo edital foi lan\u00e7ado nesta quarta-feira (9)<\/strong>. O apoio do BNDES ser\u00e1 dado por meio de &#8220;aceleradoras&#8221; de empresas.<\/p>\n\n\n\n<p>O edital lan\u00e7ado nesta quarta selecionar\u00e1 apenas uma aceleradora. As inscri\u00e7\u00f5es de propostas v\u00e3o at\u00e9 23 de outubro. O resultado final ser\u00e1 conhecido na primeira quinzena de janeiro. A aceleradora, ao lado da equipe do BNDES, selecionar\u00e1 as startups que far\u00e3o parte do programa.<\/p>\n\n\n\n<p>Os empreendedores selecionados receber\u00e3o <strong>orienta\u00e7\u00f5es sobre gest\u00e3o de neg\u00f3cios e participar\u00e3o de atividades sobre iss<\/strong>o. Est\u00e3o previstos encontros nos quais os trabalhos desenvolvidos ser\u00e3o apresentados a potenciais investidores e outros p\u00fablicos de interesse. Para a startup, a participa\u00e7\u00e3o no BNDES Garagem \u00e9 gratuita &#8211; o banco n\u00e3o exige participa\u00e7\u00e3o acion\u00e1ria, tampouco investir\u00e1 nas empresas ou oferecer\u00e1 empr\u00e9stimos.<\/p>\n\n\n\n<h2 class=\"wp-block-heading\">4 &#8211; GPA: Separa\u00e7\u00e3o do Assa\u00ed pretende dar mais protagonismo ao neg\u00f3cio<\/h2>\n\n\n\n<p><strong>A separa\u00e7\u00e3o da opera\u00e7\u00e3o do Assa\u00ed e do multivarejo do GPA vem com a inten\u00e7\u00e3o de dar protagonismo a cada um dos neg\u00f3cios<\/strong>. Segundo os executivos do grupo, a decis\u00e3o deve &#8220;liberar valores&#8221; para ambas as empresas que resultarem desta cis\u00e3o. Para o vice-presidente do conselho de administra\u00e7\u00e3o, Ronaldo Iabrudi, a tese de investimentos desta separa\u00e7\u00e3o \u00e9 a possibilidade de melhor aloca\u00e7\u00e3o de recursos e a possibilidade de dar mais visibilidade a cada um dos neg\u00f3cios.<\/p>\n\n\n\n<p>N\u00e3o h\u00e1 nova oferta de a\u00e7\u00f5es prevista para o GPA. Ao final da divis\u00e3o, todos os acionistas da companhia ter\u00e3o a mesma porcentagem de a\u00e7\u00f5es no Assa\u00ed e no multivarejo. Assim, o Grupo Casino, atual controlador, continuaria com a mesma participa\u00e7\u00e3o na nova empresa a ser listada na Bolsa. <strong>A previs\u00e3o \u00e9 que at\u00e9 o fim do primeiro trimestre de 2021, a separa\u00e7\u00e3o seja conclu\u00edda e o Assai j\u00e1 esteja na B3<\/strong>.<\/p>\n\n\n\n<p>&#8220;Ao final, teremos duas opera\u00e7\u00f5es independentes. A aloca\u00e7\u00e3o de recursos ser\u00e1 mais eficiente. Ambas ter\u00e3o acesso ao mercado&#8221;, diz Iabrudi. &#8220;<strong>Tem investidores que dizem que o Assa\u00ed sozinho vale alguns bilh\u00f5es de reais<\/strong>&#8220;, afirmou ainda o executivo. Al\u00e9m disso, ele pontuou que, hoje, o Assai e o Multivarejo do grupo t\u00eam &#8220;poucas sinergias, para n\u00e3o dizer nenhuma&#8221;. No novo modelo, o setor de gasolina e farm\u00e1cia ficam debaixo do <a href=\"https:\/\/investnews.com.br\/guias\/ticker-codigos-das-acoes\/\">ticker<\/a> do multivarejo.<\/p>\n\n\n\n<h2 class=\"wp-block-heading\">5 &#8211; Fux toma posse hoje como presidente do STF<\/h2>\n\n\n\n<p><strong>O ministro Luiz Fux, do Supremo Tribunal Federal (STF), toma posse&nbsp;hoje&nbsp;(10) como presidente da Corte por um mandato de dois anos<\/strong>, durante o qual desempenhar\u00e1 o papel de chefe do Poder Judici\u00e1rio. A ministra Rosa Weber assumir\u00e1 a vice-presid\u00eancia.<\/p>\n\n\n\n<p>A solenidade de posse est\u00e1 marcada para as 16h, na sede do Supremo, em Bras\u00edlia. Est\u00e1 previsto o <strong>comparecimento do presidente Jair Bolsonaro e dos presidentes do Senado, Davi Alcolumbre (DEM-AP), e da C\u00e2mara, Rodrigo Maia (DEM-RJ), entre outras autoridades<\/strong>. O ato ser\u00e1 transmitido ao vivo pela TV Justi\u00e7a.<\/p>\n\n\n\n<p>Devido \u00e0 pandemia de covid-19, a cerim\u00f4nia no plen\u00e1rio ser\u00e1 restrita a poucos convidados. Apenas 50 cadeiras estar\u00e3o dispon\u00edveis para utiliza\u00e7\u00e3o. Al\u00e9m de autoridades, poucos familiares de Fux e Weber devem estar presentes no local. Todos devem&nbsp;ter&nbsp;a temperatura aferida na entrada e o uso de m\u00e1scaras ser\u00e1 obrigat\u00f3rio.<\/p>\n\n\n\n<p><em>*Com Estad\u00e3o Conte\u00fado e Ag\u00eancia Brasil<\/em><\/p>\n","protected":false},"excerpt":{"rendered":"<p>O produto tem pouca importa\u00e7\u00e3o no Brasil &#8211; a ideia \u00e9 justamente tirar a taxa para que aumente a compra enquanto os pre\u00e7os internos est\u00e3o altos.<\/p>\n","protected":false},"author":17,"featured_media":5251,"comment_status":"closed","ping_status":"open","sticky":false,"template":"","format":"standard","meta":{"_acf_changed":false,"inline_featured_image":false,"footnotes":""},"categories":[5],"tags":[2066,307,323,83],"autor-wsj":[],"coauthors":[1498],"class_list":["post-19095","post","type-post","status-publish","format-standard","has-post-thumbnail","hentry","category-economia","tag-assai","tag-bndespar","tag-startups","tag-stf"],"acf":[],"amp_enabled":true,"_links":{"self":[{"href":"https:\/\/investnews.com.br\/inv-api\/wp\/v2\/posts\/19095","targetHints":{"allow":["GET"]}}],"collection":[{"href":"https:\/\/investnews.com.br\/inv-api\/wp\/v2\/posts"}],"about":[{"href":"https:\/\/investnews.com.br\/inv-api\/wp\/v2\/types\/post"}],"author":[{"embeddable":true,"href":"https:\/\/investnews.com.br\/inv-api\/wp\/v2\/users\/17"}],"replies":[{"embeddable":true,"href":"https:\/\/investnews.com.br\/inv-api\/wp\/v2\/comments?post=19095"}],"version-history":[{"count":2,"href":"https:\/\/investnews.com.br\/inv-api\/wp\/v2\/posts\/19095\/revisions"}],"predecessor-version":[{"id":19109,"href":"https:\/\/investnews.com.br\/inv-api\/wp\/v2\/posts\/19095\/revisions\/19109"}],"wp:featuredmedia":[{"embeddable":true,"href":"https:\/\/investnews.com.br\/inv-api\/wp\/v2\/media\/5251"}],"wp:attachment":[{"href":"https:\/\/investnews.com.br\/inv-api\/wp\/v2\/media?parent=19095"}],"wp:term":[{"taxonomy":"category","embeddable":true,"href":"https:\/\/investnews.com.br\/inv-api\/wp\/v2\/categories?post=19095"},{"taxonomy":"post_tag","embeddable":true,"href":"https:\/\/investnews.com.br\/inv-api\/wp\/v2\/tags?post=19095"},{"taxonomy":"autor-wsj","embeddable":true,"href":"https:\/\/investnews.com.br\/inv-api\/wp\/v2\/autor-wsj?post=19095"},{"taxonomy":"author","embeddable":true,"href":"https:\/\/investnews.com.br\/inv-api\/wp\/v2\/coauthors?post=19095"}],"curies":[{"name":"wp","href":"https:\/\/api.w.org\/{rel}","templated":true}]}}