{"id":19097,"date":"2020-09-10T09:02:21","date_gmt":"2020-09-10T12:02:21","guid":{"rendered":"https:\/\/investnews.com.br\/?p=19097"},"modified":"2020-09-10T09:10:35","modified_gmt":"2020-09-10T12:10:35","slug":"entenda-o-que-levou-a-disparada-no-preco-do-arroz","status":"publish","type":"post","link":"https:\/\/investnews.com.br\/economia\/entenda-o-que-levou-a-disparada-no-preco-do-arroz\/","title":{"rendered":"Entenda o que levou \u00e0 forte alta no pre\u00e7o do arroz"},"content":{"rendered":"\n<p>O pre\u00e7o dos alimentos foi um dos destaques de <a href=\"https:\/\/investnews.com.br\/flash\/ipca-por-que-a-inflacao-parece-maior-do-que-e-vacina-suspensa-um-passo-atras\/\" class=\"rank-math-link\">alta da infla\u00e7\u00e3o oficial em agosto<\/a>. O <a href=\"https:\/\/investnews.com.br\/guias\/o-que-e-ipca\/\">IPCA<\/a> (\u00cdndice de Pre\u00e7os ao Consumidor Amplo) ficou em 0,24% &#8211; maior alta para o m\u00eas desde 2016. Mas um produto essencial da mesa do brasileiro chamou aten\u00e7\u00e3o pela <strong>forte alta de 19,2% nos pre\u00e7os no acumulado de 2020: o arroz<\/strong>.<\/p>\n\n\n\n<p>Para tentar amenizar o impacto no bolso do brasileiro, a C\u00e2mara de Com\u00e9rcio Exterior (Camex) decidiu ontem <a href=\"https:\/\/investnews.com.br\/geral\/5-fatos-para-hoje-tarifa-zero-do-arroz-senado-socorre-escolas-particulares\/\" class=\"rank-math-link\">zerar a tarifa de importa\u00e7\u00e3o do arroz<\/a>. O governo estabeleceu uma cota de 400 mil toneladas do produto at\u00e9 o fim do ano que pode entrar no Pa\u00eds sem a taxa. O montante vale para o arroz com casca e o beneficiado. <\/p>\n\n\n\n<p>Segundo o governo, o total \u00e9 suficiente para ajudar a conter a subida no pre\u00e7o no varejo e garantir que n\u00e3o faltar\u00e1 produto nas prateleiras. Neste ano, at\u00e9 agosto, o Brasil importou 45.087 toneladas de arroz com casca e 372.890 toneladas de arroz beneficiado (sem casca, parbolizado e polido).<\/p>\n\n\n\n<p>O produto tem pouca importa\u00e7\u00e3o no Brasil. A ideia \u00e9 justamente tirar a taxa para que aumente a compra enquanto os pre\u00e7os internos est\u00e3o altos. A al\u00edquota de importa\u00e7\u00e3o de pa\u00edses de fora do Mercosul \u00e9 de 12% para o arroz.<\/p>\n\n\n\n<p>Supermercados passaram a limitar a compra de sacos de arroz por CPF para evitar a revenda do produto. Diante da alta, o <strong>presidente da Associa\u00e7\u00e3o Brasileira de Supermercados (Abras), Jo\u00e3o Sanzovo Neto, afirmou que o setor deve promover uma campanha para estimular o consumidor a substituir o arroz pelo macarr\u00e3o<\/strong>. Segundo ele, n\u00e3o h\u00e1 prazo para que o pre\u00e7o do produto seja reduzido no varejo.<\/p>\n\n\n\n<p>&#8220;Vamos promover o consumo de massa, macarr\u00e3o, que \u00e9 o substituto do arroz. E vamos orientar o consumidor que n\u00e3o estoque (arroz)&#8221;, disse ele, depois de se reunir com o presidente Jair Bolsonaro, em Bras\u00edlia, para falar sobre a quest\u00e3o do aumento dos pre\u00e7os dos produtos da cesta b\u00e1sica.<\/p>\n\n\n\n<p>N\u00e3o \u00e9 a primeira vez que uma recomenda\u00e7\u00e3o como essa \u00e9 feita para o consumidor. Em 2014, no governo Dilma Rousseff, o ent\u00e3o secret\u00e1rio de Pol\u00edtica Econ\u00f4mica do Minist\u00e9rio da Fazenda M\u00e1rcio Holland sugeriu trocar o consumo da carne vermelha por outros alimentos mais baratos, como ovos e aves.<\/p>\n\n\n\n<h2 class=\"wp-block-heading\"><strong>O que fez o arroz ficar t\u00e3o caro?<\/strong><\/h2>\n\n\n\n<p>Sanzovo Neto afirmou que os mercados n\u00e3o s\u00e3o &#8220;os vil\u00f5es&#8221; da infla\u00e7\u00e3o da cesta b\u00e1sica e que <strong>o problema est\u00e1 ligado ao excesso de demanda, principalmente no exterior, e \u00e0 falta de oferta<\/strong>. Na pr\u00e1tica, isso significa que falta produto e, por isso, o pre\u00e7o aumenta.<\/p>\n\n\n\n<p>&#8220;\u00c9 a lei de mercado, \u00e9 oferta e procura. Se voc\u00ea tem menos produtos sendo ofertados, e no caso foi exportado, <strong>muitos dos nossos produtos est\u00e3o sendo exportados, o produtor prefere exportar porque o c\u00e2mbio est\u00e1 alto<\/strong> e tem uma receita maior do seu produto&#8221;, justificou.<\/p>\n\n\n\n<p>Segundo o secret\u00e1rio de Pol\u00edtica Econ\u00f4mica do Minist\u00e9rio da Economia, Adolfo Sachsida, isso aconteceu, sobretudo porque o governo, no esfor\u00e7o para combater a crise do coronav\u00edrus, transferiu parcela importante de recursos de aux\u00edlio emergencial aos informais. <\/p>\n\n\n\n<p>&#8220;Era natural que as pessoas gastariam parte desse dinheiro com alimentos. O que \u00e9 muito bom. A demanda por alimentos aumentou e \u00e9 que o estamos vendo hoje. A demanda internacional aumentou tamb\u00e9m. Mas essa \u00e9 quest\u00e3o de conjuntura. N\u00e3o me parece ser estrutural&#8221;, afirmou ao &#8220;Estad\u00e3o Conte\u00fado&#8221;. <\/p>\n\n\n\n<p>Segundo ele,  a alta em alguns produtos da cesta b\u00e1sica pode levar a um pequeno &#8220;repique&#8221; da infla\u00e7\u00e3o&#8221;. &#8220;Mas quando se olham os \u00edndices de infla\u00e7\u00e3o, em termos agregados, continuam totalmente sob controle. A infla\u00e7\u00e3o continua muito baixa&#8221;, afirmou. &#8220;As pessoas que v\u00e3o ao supermercado sentem que aumentou, mas \u00e9 uma alta transit\u00f3ria. Isso mostra o acerto da pol\u00edtica, porque a pessoa est\u00e1 gastando mais com comida&#8221;.<\/p>\n\n\n\n<p><em>*Com informa\u00e7\u00f5es do Estad\u00e3o Conte\u00fado<\/em><\/p>\n","protected":false},"excerpt":{"rendered":"<p>Governo decidiu zerar a tarifa de importa\u00e7\u00e3o para tentar conter a alta de um dos principais alimentos do brasileiro.<\/p>\n","protected":false},"author":7,"featured_media":19102,"comment_status":"closed","ping_status":"open","sticky":false,"template":"","format":"standard","meta":{"_acf_changed":false,"inline_featured_image":false,"footnotes":""},"categories":[5],"tags":[683,223,52,246],"autor-wsj":[],"coauthors":[1494],"class_list":["post-19097","post","type-post","status-publish","format-standard","has-post-thumbnail","hentry","category-economia","tag-alimentos","tag-financas-pessoais","tag-inflacao","tag-ipca"],"acf":[],"amp_enabled":true,"_links":{"self":[{"href":"https:\/\/investnews.com.br\/inv-api\/wp\/v2\/posts\/19097","targetHints":{"allow":["GET"]}}],"collection":[{"href":"https:\/\/investnews.com.br\/inv-api\/wp\/v2\/posts"}],"about":[{"href":"https:\/\/investnews.com.br\/inv-api\/wp\/v2\/types\/post"}],"author":[{"embeddable":true,"href":"https:\/\/investnews.com.br\/inv-api\/wp\/v2\/users\/7"}],"replies":[{"embeddable":true,"href":"https:\/\/investnews.com.br\/inv-api\/wp\/v2\/comments?post=19097"}],"version-history":[{"count":4,"href":"https:\/\/investnews.com.br\/inv-api\/wp\/v2\/posts\/19097\/revisions"}],"predecessor-version":[{"id":19111,"href":"https:\/\/investnews.com.br\/inv-api\/wp\/v2\/posts\/19097\/revisions\/19111"}],"wp:featuredmedia":[{"embeddable":true,"href":"https:\/\/investnews.com.br\/inv-api\/wp\/v2\/media\/19102"}],"wp:attachment":[{"href":"https:\/\/investnews.com.br\/inv-api\/wp\/v2\/media?parent=19097"}],"wp:term":[{"taxonomy":"category","embeddable":true,"href":"https:\/\/investnews.com.br\/inv-api\/wp\/v2\/categories?post=19097"},{"taxonomy":"post_tag","embeddable":true,"href":"https:\/\/investnews.com.br\/inv-api\/wp\/v2\/tags?post=19097"},{"taxonomy":"autor-wsj","embeddable":true,"href":"https:\/\/investnews.com.br\/inv-api\/wp\/v2\/autor-wsj?post=19097"},{"taxonomy":"author","embeddable":true,"href":"https:\/\/investnews.com.br\/inv-api\/wp\/v2\/coauthors?post=19097"}],"curies":[{"name":"wp","href":"https:\/\/api.w.org\/{rel}","templated":true}]}}