{"id":194,"date":"2020-01-09T17:46:43","date_gmt":"2020-01-09T20:46:43","guid":{"rendered":"http:\/\/beta.investnews.com.br\/?p=194"},"modified":"2024-06-26T12:30:40","modified_gmt":"2024-06-26T15:30:40","slug":"ira-diz-as-nacoes-unidas-que-quer-evitar-mais-conflitos","status":"publish","type":"post","link":"https:\/\/investnews.com.br\/economia\/ira-diz-as-nacoes-unidas-que-quer-evitar-mais-conflitos\/","title":{"rendered":"Ir\u00e3 diz \u00e0s Na\u00e7\u00f5es Unidas que quer evitar mais conflitos"},"content":{"rendered":"\n<p><em>Por Ag\u00eancia Brasil<\/em><\/p>\n\n\n\n<p>O embaixador do Ir\u00e3 nas Na\u00e7\u00f5es Unidas enviou uma carta ao secret\u00e1rio-geral da ONU, Ant\u00f3nio Guterres, ressaltando que seu pa\u00eds quer evitar novos confrontos militares com os Estados Unidos.<\/p>\n\n\n\n<p>A miss\u00e3o permanente do Ir\u00e3 na ONU divulgou nessa quarta-feira (8) a carta enviada pelo embaixador Majid Takht Ravanchi.<\/p>\n\n\n\n<p>Na carta, Ravanchi justifica como leg\u00edtima defesa o ataque iraniano a uma base a\u00e9rea americana no Iraque. Ele disse que o ataque foi feito &#8220;de acordo com seu direito inerente nos termos do Artigo 51 da Carta das Na\u00e7\u00f5es Unidas.&#8221;<\/p>\n\n\n\n<p>Ele explicou que o Ir\u00e3 adotou medidas proporcionais contra a base a\u00e9rea americana no Iraque, da qual partiu o &#8220;covarde&#8221; ataque que matou o comandante Qassem Soleimani.<\/p>\n\n\n\n<p>Entretanto, Ravanchi deixou claro que o Ir\u00e3 n\u00e3o deseja uma piora da situa\u00e7\u00e3o e n\u00e3o busca a guerra.<\/p>\n\n\n\n<p>A carta \u00e9 vista como uma resposta ao pronunciamento de ontem do presidente dos EUA, Donald Trump.<\/p>\n\n\n\n<h2 class=\"wp-block-heading\">Ataques com m\u00edsseis<\/h2>\n\n\n\n<p>Os ataques com m\u00edsseis do Ir\u00e3 a locais com concentra\u00e7\u00e3o de tropas americanas no Iraque foram precisamente calculados para evitar grandes perdas humanas.<\/p>\n\n\n\n<p>A NHK obteve fotos de sat\u00e9lite da Base A\u00e9rea de Ain al-Assad, que abriga militares dos EUA, na regi\u00e3o oeste do Iraque, tiradas horas ap\u00f3s os ataques de quarta-feira.<\/p>\n\n\n\n<p>Especialistas do Instituto Middlebury de Estudos Internacionais em Monterey, na Calif\u00f3rnia, identificaram pelo menos sete locais na \u00e1rea da base que parecem ter sido atacados.<\/p>\n\n\n\n<p>Uma foto anterior, tirada no dia 30, mostra uma fileira do que parece ser cinco&nbsp;grandes barracas semelhantes a hangares para avi\u00f5es militares. Na foto de ontem, tr\u00eas dos prov\u00e1veis hangares est\u00e3o destru\u00eddos, ao passo que os dois situados nas extremidades permanecem intactos.<\/p>\n\n\n\n<p>Uma grande cratera em uma pista de pouso n\u00e3o aparece na foto de dezembro.<\/p>\n\n\n\n<p>Outros poss\u00edveis alvos dos ataques s\u00e3o todos hangares ou dep\u00f3sitos.<\/p>\n\n\n\n<p>A pesquisadora assistente Margaret Croy ressalta que, em grande parte, os impactos foram diretos e centrados em dep\u00f3sitos. Ela afirma: \u201cAparentemente os m\u00edsseis usados pelo Ir\u00e3 para atacar esta base militar no Iraque eram de tal qualidade e precis\u00e3o que foram capazes de atingir pontos espec\u00edficos das bases.\u201d<\/p>\n","protected":false},"excerpt":{"rendered":"<p>Tens\u00e3o entre os dois pa\u00edses  teve inicio com a morte do general Qassem Soleimani. Pa\u00eds justifica ataque \u00e0 base americana como leg\u00edtima defesa.<\/p>\n","protected":false},"author":7,"featured_media":216,"comment_status":"open","ping_status":"open","sticky":false,"template":"","format":"standard","meta":{"_acf_changed":false,"inline_featured_image":false,"footnotes":""},"categories":[5],"tags":[236],"autor-wsj":[],"coauthors":[],"class_list":["post-194","post","type-post","status-publish","format-standard","has-post-thumbnail","hentry","category-economia","tag-eua"],"acf":[],"amp_enabled":true,"_links":{"self":[{"href":"https:\/\/investnews.com.br\/inv-api\/wp\/v2\/posts\/194","targetHints":{"allow":["GET"]}}],"collection":[{"href":"https:\/\/investnews.com.br\/inv-api\/wp\/v2\/posts"}],"about":[{"href":"https:\/\/investnews.com.br\/inv-api\/wp\/v2\/types\/post"}],"author":[{"embeddable":true,"href":"https:\/\/investnews.com.br\/inv-api\/wp\/v2\/users\/7"}],"replies":[{"embeddable":true,"href":"https:\/\/investnews.com.br\/inv-api\/wp\/v2\/comments?post=194"}],"version-history":[{"count":1,"href":"https:\/\/investnews.com.br\/inv-api\/wp\/v2\/posts\/194\/revisions"}],"predecessor-version":[{"id":197,"href":"https:\/\/investnews.com.br\/inv-api\/wp\/v2\/posts\/194\/revisions\/197"}],"wp:featuredmedia":[{"embeddable":true,"href":"https:\/\/investnews.com.br\/inv-api\/wp\/v2\/media\/216"}],"wp:attachment":[{"href":"https:\/\/investnews.com.br\/inv-api\/wp\/v2\/media?parent=194"}],"wp:term":[{"taxonomy":"category","embeddable":true,"href":"https:\/\/investnews.com.br\/inv-api\/wp\/v2\/categories?post=194"},{"taxonomy":"post_tag","embeddable":true,"href":"https:\/\/investnews.com.br\/inv-api\/wp\/v2\/tags?post=194"},{"taxonomy":"autor-wsj","embeddable":true,"href":"https:\/\/investnews.com.br\/inv-api\/wp\/v2\/autor-wsj?post=194"},{"taxonomy":"author","embeddable":true,"href":"https:\/\/investnews.com.br\/inv-api\/wp\/v2\/coauthors?post=194"}],"curies":[{"name":"wp","href":"https:\/\/api.w.org\/{rel}","templated":true}]}}