{"id":19580,"date":"2020-09-16T16:00:37","date_gmt":"2020-09-16T19:00:37","guid":{"rendered":"https:\/\/investnews.com.br\/?p=19580"},"modified":"2020-09-16T14:16:28","modified_gmt":"2020-09-16T17:16:28","slug":"ongs-e-agronegocio-formam-coalizao-inedita-contra-o-desmatamento","status":"publish","type":"post","link":"https:\/\/investnews.com.br\/economia\/ongs-e-agronegocio-formam-coalizao-inedita-contra-o-desmatamento\/","title":{"rendered":"ONGs e agroneg\u00f3cio formam coaliz\u00e3o in\u00e9dita contra o desmatamento"},"content":{"rendered":"\n<p><strong>Uma coaliz\u00e3o formada por 230 organiza\u00e7\u00f5es e empresas, que se define como &#8220;um dos raros foros de di\u00e1logo entre o agroneg\u00f3cio e ambientalistas&#8221;, enviou ontem ao governo federal um conjunto de seis propostas para deter o desmatamento na Amaz\u00f4nia<\/strong>. O documento, ao qual o\u00a0&#8220;Estad\u00e3o&#8221;\u00a0teve acesso, foi encaminhado ao presidente Jair Bolsonaro e ao vice-presidente Hamilton Mour\u00e3o, al\u00e9m dos minist\u00e9rios da Agricultura, Meio Ambiente, Economia e Ci\u00eancia e Tecnologia. As propostas chegaram ainda \u00e0s m\u00e3os de l\u00edderes e parlamentares da C\u00e2mara e do Senado, ao parlamento europeu e embaixadas de pa\u00edses europeus.<\/p>\n\n\n\n<p><strong>LEIA MAIS: <\/strong><\/p>\n\n\n\n<ul class=\"wp-block-list\"><li><strong><a href=\"https:\/\/investnews.com.br\/negocios\/fundos-se-aliam-a-grandes-empresas-contra-desmatamento\/\" class=\"rank-math-link\">Fundos se aliam a grandes empresas contra desmatamento<\/a><\/strong><\/li><li><strong><a class=\"rank-math-link\" href=\"https:\/\/investnews.com.br\/economia\/sabemos-que-temos-que-reduzir-os-efeitos-sobre-o-meio-ambiente-diz-guedes\/\">\u2018Sabemos que temos que reduzir os efeitos sobre o meio ambiente\u2019, diz Guedes<\/a><\/strong><\/li><\/ul>\n\n\n\n<p>A <strong>Coaliz\u00e3o Brasil Clima, Florestas e Agricultura<\/strong> re\u00fane nomes da \u00e1rea ambiental como <strong>WWF Brasil, WRI Brasil, TNC, Imazon e Instituto de Pesquisa Ambiental da Amaz\u00f4nia (Ipam)<\/strong>. Do lado do agroneg\u00f3cio e da ind\u00fastria est\u00e3o companhias como <strong>JBS, Klabin, Marfrig, Amaggi, Basf, Danone, Natura e Unilever<\/strong>.<\/p>\n\n\n\n<p>Segundo o diretor executivo do Ipam, Andr\u00e9 Guimar\u00e3es, representante da Coaliz\u00e3o Brasil, as medidas atacam as causas do desmatamento e podem ser implantadas imediatamente, com resultados permanentes. &#8220;<strong>O desmatamento descontrolado cria instabilidade ao Pa\u00eds, ao clima, ao meio ambiente, aos empres\u00e1rios<\/strong>. Quem ganha com isso \u00e9 <a class=\"rank-math-link\" href=\"https:\/\/investnews.com.br\/economia\/garimpo-ilegal-na-amazonia-ameaca-romper-maior-linhao-de-energia-do-pais\/\">quem opera na ilegalidade<\/a>&#8220;, diz Guimar\u00e3es. &#8220;O que n\u00f3s precisamos \u00e9 de mais vozes sensatas e equilibradas para uma sociedade que construa respostas e mude posturas do pr\u00f3prio setor privado. Estamos construindo consensos.&#8221;<\/p>\n\n\n\n<h2 class=\"wp-block-heading\">Propostas<\/h2>\n\n\n\n<p>A <strong>primeira<\/strong> das seis a\u00e7\u00f5es propostas para reduzir o desmatamento pede a <strong>retomada da fiscaliza\u00e7\u00e3o<\/strong>, com puni\u00e7\u00e3o pelos crimes ambientais identificados. &#8220;Para retomar e intensificar a\u00e7\u00f5es de fiscaliza\u00e7\u00e3o \u00e9 necess\u00e1rio apoiar e ampliar o uso de intelig\u00eancia e expertise do Ibama, Instituto Chico Mendes de Biodiversidade (ICMBio) e Funai, com responsabiliza\u00e7\u00e3o pelos il\u00edcitos ambientais por meio da puni\u00e7\u00e3o \u00e1gil, ampla e eficiente dos infratores&#8221;, afirma o documento.<\/p>\n\n\n\n<p>Segundo a coaliz\u00e3o, notifica\u00e7\u00f5es e embargos de \u00e1reas podem ser realizados de forma simples e quase automaticamente, cruzando os dados de desmatamento com as informa\u00e7\u00f5es de bancos de dados oficiais, como Sistema do Cadastro Ambiental Rural (Sicar) ou registros de Posse de Terras (que permitem a identifica\u00e7\u00e3o do detentor da terra).<\/p>\n\n\n\n<p>Outra medida cobra a <strong>suspens\u00e3o dos registros do Cadastro Ambiental Rural (CAR) que incidem sobre florestas p\u00fablicas e responsabiliza\u00e7\u00e3o por eventuais desmatamentos ilegais<\/strong>. H\u00e1 mais de 11 milh\u00f5es de hectares no sistema declarados sobre florestas p\u00fablicas que acabam sendo utilizados para legitimar processos de grilagem.<\/p>\n\n\n\n<p>A <strong>terceira<\/strong> a\u00e7\u00e3o prevista pela coaliz\u00e3o pede a destina\u00e7\u00e3o de<strong> 10 milh\u00f5es de hectares \u00e0 prote\u00e7\u00e3o e uso sustent\u00e1vel<\/strong>, com a meta de selecionar, num prazo de 90 dias, a partir do Cadastro Nacional de Florestas P\u00fablicas, a terra que possa ser designada como \u00e1rea protegida de uso restrito e de uso sustent\u00e1vel em regi\u00f5es sob forte press\u00e3o de desmatamento. Esse foi o caso, por exemplo, da cria\u00e7\u00e3o de 24 milh\u00f5es de hectares de \u00e1reas sob prote\u00e7\u00e3o na regi\u00e3o da Terra do Meio, no Par\u00e1.<\/p>\n\n\n\n<p>A <strong>quarta<\/strong> proposta prev\u00ea que <strong>a oferta de financiamentos passe a adotar crit\u00e9rios socioambientais<\/strong>. A ideia \u00e9 que, quando observados os cadastros ambientais rurais com desmatamento posterior a julho de 2008, essas opera\u00e7\u00f5es de cr\u00e9dito sejam bloqueadas at\u00e9 que o respons\u00e1vel apresente \u00e0 institui\u00e7\u00e3o financeira a autoriza\u00e7\u00e3o de supress\u00e3o emitida pelo \u00f3rg\u00e3o respons\u00e1vel para o local desmatado.<\/p>\n\n\n\n<p>Em uma <strong>quinta<\/strong> a\u00e7\u00e3o, as empresas e associa\u00e7\u00f5es pedem total <strong>transpar\u00eancia e efici\u00eancia \u00e0s autoriza\u00e7\u00f5es de cortes de vegeta\u00e7\u00e3o<\/strong>. Elas pedem que os \u00f3rg\u00e3os estaduais de meio ambiente tornem p\u00fablicos os dados referentes \u00e0s autoriza\u00e7\u00f5es que emitem, por meio do sistema Sinaflor, do Ibama.<\/p>\n\n\n\n<p>A <strong>sexta <\/strong>e \u00faltima proposta requer a <strong>suspens\u00e3o de todos os processos de regulariza\u00e7\u00e3o fundi\u00e1ria de im\u00f3veis com desmatamento ap\u00f3s julho de 2008<\/strong>, at\u00e9 que as \u00e1reas estejam plenamente recuperadas. &#8220;Quem desmata em \u00e1rea n\u00e3o regularizada comete crimes ambientais e n\u00e3o deve ser beneficiado com a regulariza\u00e7\u00e3o fundi\u00e1ria&#8221;, afirmam as companhias e organiza\u00e7\u00f5es.<\/p>\n\n\n\n<h2 class=\"wp-block-heading\">Prioridade<\/h2>\n\n\n\n<p>O desmatamento deixou de ser uma preocupa\u00e7\u00e3o s\u00f3 de parte da sociedade ou de organiza\u00e7\u00f5es ambientais para entrar no rol de prioridades dos investidores. <strong>A preserva\u00e7\u00e3o da Amaz\u00f4nia est\u00e1 na pauta das institui\u00e7\u00f5es internacionais e dos principais bancos privados brasileiros <\/strong>&#8211; Bradesco, Ita\u00fa Unibanco e Santander -, que t\u00eam alertado para as consequ\u00eancias dos impactos econ\u00f4micos causados pela destrui\u00e7\u00e3o da floresta.<\/p>\n\n\n\n<p>Desde o ano passado, quando o Brasil registrou volumes recordes de desmatamento, o governo passou a ser fortemente pressionado, inclusive pelo agroneg\u00f3cio, para tomar medidas efetivas de combate aos crimes ambientais.<\/p>\n\n\n\n<p>Para Marcello Brito, presidente da Associa\u00e7\u00e3o Brasileira de Agroneg\u00f3cio (Abag), tamb\u00e9m da Coaliz\u00e3o Brasil, o desmatamento da Amaz\u00f4nia se confirma como <strong>um dos maiores riscos \u00e0 economia brasileira<\/strong>, <strong>porque o agroneg\u00f3cio respons\u00e1vel pode ser prejudicado em suas exporta\u00e7\u00f5es se o Pa\u00eds n\u00e3o combater os crimes ambientais<\/strong>. &#8220;O trabalho da coaliz\u00e3o refor\u00e7a as diversas iniciativas que est\u00e3o em andamento. Essas medidas n\u00e3o reinventam a roda, elas apenas cobram que sejam colocadas em pr\u00e1tica a\u00e7\u00f5es j\u00e1 poss\u00edveis&#8221;, comenta Brito. &#8220;N\u00e3o procuramos confronto ou contraponto com o governo. Buscamos uma mensagem concreta. Claramente temos um efeito de mudan\u00e7as clim\u00e1ticas no mundo. \u00c9 o agroneg\u00f3cio s\u00e9rio, com todas essas empresas, que pede uma a\u00e7\u00e3o.&#8221;<\/p>\n","protected":false},"excerpt":{"rendered":"<p>Documento elaborado pela coaliza\u00e7\u00e3o elenca seis propostas para entrarem em vigor imediatamente.<\/p>\n","protected":false},"author":17,"featured_media":13250,"comment_status":"closed","ping_status":"open","sticky":false,"template":"","format":"standard","meta":{"_acf_changed":false,"inline_featured_image":false,"footnotes":""},"categories":[5],"tags":[780,234,1674],"autor-wsj":[],"coauthors":[1498],"class_list":["post-19580","post","type-post","status-publish","format-standard","has-post-thumbnail","hentry","category-economia","tag-agronegocio","tag-jair-bolsonaro","tag-sustentabilidade"],"acf":[],"amp_enabled":true,"_links":{"self":[{"href":"https:\/\/investnews.com.br\/inv-api\/wp\/v2\/posts\/19580","targetHints":{"allow":["GET"]}}],"collection":[{"href":"https:\/\/investnews.com.br\/inv-api\/wp\/v2\/posts"}],"about":[{"href":"https:\/\/investnews.com.br\/inv-api\/wp\/v2\/types\/post"}],"author":[{"embeddable":true,"href":"https:\/\/investnews.com.br\/inv-api\/wp\/v2\/users\/17"}],"replies":[{"embeddable":true,"href":"https:\/\/investnews.com.br\/inv-api\/wp\/v2\/comments?post=19580"}],"version-history":[{"count":2,"href":"https:\/\/investnews.com.br\/inv-api\/wp\/v2\/posts\/19580\/revisions"}],"predecessor-version":[{"id":19582,"href":"https:\/\/investnews.com.br\/inv-api\/wp\/v2\/posts\/19580\/revisions\/19582"}],"wp:featuredmedia":[{"embeddable":true,"href":"https:\/\/investnews.com.br\/inv-api\/wp\/v2\/media\/13250"}],"wp:attachment":[{"href":"https:\/\/investnews.com.br\/inv-api\/wp\/v2\/media?parent=19580"}],"wp:term":[{"taxonomy":"category","embeddable":true,"href":"https:\/\/investnews.com.br\/inv-api\/wp\/v2\/categories?post=19580"},{"taxonomy":"post_tag","embeddable":true,"href":"https:\/\/investnews.com.br\/inv-api\/wp\/v2\/tags?post=19580"},{"taxonomy":"autor-wsj","embeddable":true,"href":"https:\/\/investnews.com.br\/inv-api\/wp\/v2\/autor-wsj?post=19580"},{"taxonomy":"author","embeddable":true,"href":"https:\/\/investnews.com.br\/inv-api\/wp\/v2\/coauthors?post=19580"}],"curies":[{"name":"wp","href":"https:\/\/api.w.org\/{rel}","templated":true}]}}