{"id":19695,"date":"2020-09-17T08:44:56","date_gmt":"2020-09-17T11:44:56","guid":{"rendered":"https:\/\/investnews.com.br\/?p=19695"},"modified":"2024-06-26T12:27:05","modified_gmt":"2024-06-26T15:27:05","slug":"5-fatos-para-hoje-bancos-em-guerra-a-espera-do-pix-bolsonaro-e-o-renda-brasil","status":"publish","type":"post","link":"https:\/\/investnews.com.br\/economia\/5-fatos-para-hoje-bancos-em-guerra-a-espera-do-pix-bolsonaro-e-o-renda-brasil\/","title":{"rendered":"5 fatos para hoje: bancos em guerra \u00e0 espera do Pix; Bolsonaro e o Renda Brasil"},"content":{"rendered":"\n<h2 class=\"wp-block-heading\">1 &#8211; \u00c0s v\u00e9speras do Pix, bancos travam &#8220;guerra das chaves&#8221; para ganhar clientes<\/h2>\n\n\n\n<p><strong>A dois meses para o in\u00edcio do <a href=\"https:\/\/investnews.com.br\/guias\/pix\/\">Pix<\/a> &#8211; o sistema brasileiro de pagamentos instant\u00e2neos -, as institui\u00e7\u00f5es financeiras se movimentam para oferecer um produto seguro aos clientes<\/strong>. Os esfor\u00e7os s\u00e3o para que o sistema seja blindado contra fraudes e, ao mesmo tempo, ofere\u00e7a aos usu\u00e1rios op\u00e7\u00f5es simples para transfer\u00eancias e pagamentos.<\/p>\n\n\n\n<p><strong>LEIA MAIS: <a class=\"rank-math-link\" href=\"https:\/\/investnews.com.br\/financas\/pix-revolucao-bancaria-deve-elevar-disputa-entre-fintechs-e-bancos\/\">PIX: \u2018Revolu\u00e7\u00e3o banc\u00e1ria\u2019 deve elevar disputa entre fintechs e bancos<\/a><\/strong><\/p>\n\n\n\n<p>O passo mais percept\u00edvel na instala\u00e7\u00e3o da ferramenta ser\u00e1 dado em 5 de outubro, quando <strong>pessoas f\u00edsicas e empresas passar\u00e3o a cadastrar &#8220;chaves&#8221; nos bancos para receber dep\u00f3sitos<\/strong>. Mas as institui\u00e7\u00f5es se anteciparam e est\u00e3o promovendo um pr\u00e9-cadastramento nos sites e apps, no que est\u00e1 sendo chamado de &#8220;a guerra das chaves&#8221;.<\/p>\n\n\n\n<p>Uma chave (CPF, CNPJ, e-mail ou telefone celular) estar\u00e1 vinculada a uma \u00fanica conta banc\u00e1ria. Assim, quem transferir dinheiro pelo Pix poder\u00e1 informar apenas a chave do recebedor para liquidar a opera\u00e7\u00e3o &#8211; e n\u00e3o necessariamente os dados banc\u00e1rios (nome, ag\u00eancia e n\u00famero da conta). <strong>O passo seguinte est\u00e1 agendado para 16 de novembro, quando o sistema come\u00e7a a funcionar de fato e ser\u00e1 poss\u00edvel fazer transfer\u00eancias e pagamentos<\/strong>.<\/p>\n\n\n\n<h2 class=\"wp-block-heading\">2 &#8211; Bolsonaro volta a estimular Renda Brasil<\/h2>\n\n\n\n<p>N\u00e3o durou nem 24 horas o fim do Renda Brasil decretado pelo presidente Jair Bolsonaro. <strong>O relator do Or\u00e7amento de 2021, senador Marcio Bittar (MDB-AC), <a class=\"rank-math-link\" href=\"https:\/\/investnews.com.br\/economia\/guedes-diz-que-cartao-vermelho-de-bolsonaro-nao-foi-direcionado-a-ele\/\">recebeu cart\u00e3o verde do pr\u00f3prio presidente<\/a> para a retomada das discuss\u00f5es sobre um novo programa social p\u00f3s-pandemia, com a inclus\u00e3o da proposta no Or\u00e7amento<\/strong>. A ideia \u00e9 que o programa ressurja pelo Congresso, como antecipou na quarta-feira (16) reportagem do&nbsp;&#8220;Estad\u00e3o&#8221;.<\/p>\n\n\n\n<p>O acerto foi feito pela manh\u00e3 e, <strong>\u00e0 tarde, Bittar j\u00e1 estava em reuni\u00f5es com o ministro da Economia, Paulo Guedes<\/strong>, para discutir as poss\u00edveis fontes de financiamento do programa &#8211; justamente o motivo que levou o presidente a afirmar, na v\u00e9spera, que estava proibido falar no Renda Brasil at\u00e9 o final de 2022.<\/p>\n\n\n\n<p>A mudan\u00e7a de rumo vem depois de o Renda Brasil ter sido sepultado num primeiro momento por Bolsonaro, que ficou insatisfeito com<strong> repetidos an\u00fancios de a\u00e7\u00f5es em estudo feitos pela equipe econ\u00f4mica sem que houvesse j\u00e1 o acerto pol\u00edtico daquela medida<\/strong>. O estopim foi a ideia do time de Guedes de n\u00e3o dar reajuste aos benef\u00edcios da Previd\u00eancia (aposentadorias, pens\u00f5es, aux\u00edlios doen\u00e7a e sal\u00e1rios-fam\u00edlia) por dois anos.<\/p>\n\n\n\n<h2 class=\"wp-block-heading\">3 &#8211; Extens\u00e3o do aux\u00edlio emergencial ser\u00e1 pago a menos trabalhadores<\/h2>\n\n\n\n<p>O Minist\u00e9rio da Cidadania confirmou na quarta-feira (16) que <strong>quem come\u00e7ou a receber o aux\u00edlio emergencial depois de abril ter\u00e1 direito a menos parcelas da extens\u00e3o da ajuda, de R$ 300 &#8211; e pode at\u00e9 ficar sem nenhuma<\/strong>.<\/p>\n\n\n\n<p><strong>LEIA MAIS: <a class=\"rank-math-link\" href=\"https:\/\/investnews.com.br\/economia\/auxilio-emergencial-pagamento-de-r-300-comeca-hoje-17\/\">Aux\u00edlio emergencial: pagamento de R$ 300 come\u00e7a nesta quinta-feira<\/a><\/strong><\/p>\n\n\n\n<p>Segundo o governo, at\u00e9 o momento, 67,2 milh\u00f5es de pessoas recebem a ajuda destinada a <strong>desempregados, trabalhadores informais e benefici\u00e1rios do Bolsa Fam\u00edlia<\/strong> a enfrentarem os efeitos da pandemia do novo coronav\u00edrus. A extens\u00e3o do benef\u00edcio, que passou a ser chamado de aux\u00edlio emergencial residual, foi oficializado em medida provis\u00f3ria publicada no in\u00edcio deste m\u00eas. O texto aponta que <strong>o benef\u00edcio ser\u00e1 pago at\u00e9 o fim de dezembro, independentemente do n\u00famero de parcelas<\/strong>.<\/p>\n\n\n\n<p>Segundo o Minist\u00e9rio da Cidadania, ser\u00e3o pagas at\u00e9 quatro parcelas de R$ 300 at\u00e9 o fim do ano. Mas <strong>apenas os trabalhadores que receberam em abril a primeira parcela do benef\u00edcio original, de R$ 600, ter\u00e3o direito a todas as quatro parcelas<\/strong> &#8211; que seriam pagas em setembro, outubro, novembro e dezembro.<\/p>\n\n\n\n<p>Com isso, <strong>os aprovados no s\u00e9timo lote<\/strong> (aqueles inscritos nas ag\u00eancias dos Correios entre 8 de junho e 2 de julho, e trabalhadores que tenham feito a contesta\u00e7\u00e3o entre 3 de julho e 16 de agosto) <strong>devem ficar sem nenhuma parcela de R$ 300<\/strong>.<\/p>\n\n\n\n<h2 class=\"wp-block-heading\">4 &#8211; Reuni\u00e3o de Guedes com secret\u00e1rios do Minist\u00e9rio dura quatro horas<\/h2>\n\n\n\n<p>Terminou pouco depois das 23h desta quarta-feira (16) a reuni\u00e3o do ministro da Economia, Paulo Guedes, com os secret\u00e1rios especiais da pasta em Bras\u00edlia. O encontro, que come\u00e7ou \u00e0s 19h, durou cerca de quatro horas. <strong>A reuni\u00e3o presencial foi convocada por Guedes ap\u00f3s a pol\u00eamica envolvendo o Renda Brasil<\/strong>.<\/p>\n\n\n\n<p>O dia foi de crescentes rumores sobre uma <strong>poss\u00edvel sa\u00edda do secret\u00e1rio especial de Fazenda, Waldery Rodrigues<\/strong>, ap\u00f3s declara\u00e7\u00f5es dele terem despertado cr\u00edticas p\u00fablicas do presidente Jair Bolsonaro. <strong>Waldery defendeu o congelamento de aposentadorias por dois anos e mudan\u00e7as no seguro-desemprego em prol de economizar recursos e turbinar o novo programa social do governo<\/strong>. Bolsonaro reagiu dizendo que teria de dar &#8220;cart\u00e3o vermelho&#8221; a quem propusesse tal medida.<\/p>\n\n\n\n<p>Parte dos secret\u00e1rios optou por driblar a imprensa que aguardava na portaria do minist\u00e9rio e entrou e saiu pela garagem, entre eles Waldery. Outros que escolheram o acesso comum adotaram o sil\u00eancio.<\/p>\n\n\n\n<h2 class=\"wp-block-heading\">5 &#8211; F\u00e1bio Faria reafirma desejo de privatizar Correios e fala em interesse 5 empresas<\/h2>\n\n\n\n<p>O ministro das Comunica\u00e7\u00f5es, F\u00e1bio Faria, afirmou nesta quarta-feira (16) que <strong>a Magalu e outras quatro empresas j\u00e1 manifestaram interesse na privatiza\u00e7\u00e3o dos Correios<\/strong>. De acordo com ele, esse processo est\u00e1 na &#8220;ordem do dia&#8221; e ocorrer\u00e1 na gest\u00e3o de Jair Bolsonaro. &#8220;<strong>J\u00e1 tem cinco players interessados. A Magalu \u00e9 um deles. O Amazon, a DHL, Fedex&#8230; j\u00e1 tem pessoas, grupos interessados na aquisi\u00e7\u00e3o dos Correios. E isso a\u00ed \u00e9 importante. N\u00f3s n\u00e3o teremos um processo de privatiza\u00e7\u00e3o vazio<\/strong>&#8220;, afirmou o ministro em entrevista a Rafael Ferri, do canal&nbsp;&#8220;Caf\u00e9 com Ferri&#8221;, citando nominalmente quatro empresas.<\/p>\n\n\n\n<p>De acordo com Faria, quem vai estabelecer as diretrizes e par\u00e2metros da privatiza\u00e7\u00e3o dos Correios \u00e9 o Congresso Nacional, com base nos estudos de consultoria contratada pelo BNDES. Na entrevista, <strong>ele tamb\u00e9m disse ter pedido celeridade ao Conselho Administrativo de Defesa Econ\u00f4mica (Cade) na avalia\u00e7\u00e3o sobre a venda de ativos da Oi<\/strong>.<\/p>\n\n\n\n<p><em>*Com Estad\u00e3o Conte\u00fado<\/em><\/p>\n","protected":false},"excerpt":{"rendered":"<p>Presidente tem mobilizado sua base no Congresso a fim de encontrar uma solu\u00e7\u00e3o para o programa social.<\/p>\n","protected":false},"author":17,"featured_media":18632,"comment_status":"closed","ping_status":"open","sticky":false,"template":"","format":"standard","meta":{"_acf_changed":false,"inline_featured_image":false,"footnotes":""},"categories":[5],"tags":[1876,234,428,347,1744],"autor-wsj":[],"coauthors":[1498],"class_list":["post-19695","post","type-post","status-publish","format-standard","has-post-thumbnail","hentry","category-economia","tag-correios","tag-jair-bolsonaro","tag-oi","tag-paulo-guedes","tag-pix"],"acf":[],"amp_enabled":true,"_links":{"self":[{"href":"https:\/\/investnews.com.br\/inv-api\/wp\/v2\/posts\/19695","targetHints":{"allow":["GET"]}}],"collection":[{"href":"https:\/\/investnews.com.br\/inv-api\/wp\/v2\/posts"}],"about":[{"href":"https:\/\/investnews.com.br\/inv-api\/wp\/v2\/types\/post"}],"author":[{"embeddable":true,"href":"https:\/\/investnews.com.br\/inv-api\/wp\/v2\/users\/17"}],"replies":[{"embeddable":true,"href":"https:\/\/investnews.com.br\/inv-api\/wp\/v2\/comments?post=19695"}],"version-history":[{"count":3,"href":"https:\/\/investnews.com.br\/inv-api\/wp\/v2\/posts\/19695\/revisions"}],"predecessor-version":[{"id":19740,"href":"https:\/\/investnews.com.br\/inv-api\/wp\/v2\/posts\/19695\/revisions\/19740"}],"wp:featuredmedia":[{"embeddable":true,"href":"https:\/\/investnews.com.br\/inv-api\/wp\/v2\/media\/18632"}],"wp:attachment":[{"href":"https:\/\/investnews.com.br\/inv-api\/wp\/v2\/media?parent=19695"}],"wp:term":[{"taxonomy":"category","embeddable":true,"href":"https:\/\/investnews.com.br\/inv-api\/wp\/v2\/categories?post=19695"},{"taxonomy":"post_tag","embeddable":true,"href":"https:\/\/investnews.com.br\/inv-api\/wp\/v2\/tags?post=19695"},{"taxonomy":"autor-wsj","embeddable":true,"href":"https:\/\/investnews.com.br\/inv-api\/wp\/v2\/autor-wsj?post=19695"},{"taxonomy":"author","embeddable":true,"href":"https:\/\/investnews.com.br\/inv-api\/wp\/v2\/coauthors?post=19695"}],"curies":[{"name":"wp","href":"https:\/\/api.w.org\/{rel}","templated":true}]}}