{"id":19906,"date":"2020-09-21T18:00:00","date_gmt":"2020-09-21T21:00:00","guid":{"rendered":"https:\/\/investnews.com.br\/?p=19906"},"modified":"2024-06-24T15:15:05","modified_gmt":"2024-06-24T18:15:05","slug":"conta-veja-perspectivas-para-via-varejo-magazine-luiza-hering-e-renner","status":"publish","type":"post","link":"https:\/\/investnews.com.br\/financas\/conta-veja-perspectivas-para-via-varejo-magazine-luiza-hering-e-renner\/","title":{"rendered":"Conta+: veja perspectivas para Via Varejo, Magazine Luiza, Hering e Renner"},"content":{"rendered":"\n<figure class=\"wp-block-embed-youtube wp-block-embed is-type-video is-provider-youtube wp-embed-aspect-16-9 wp-has-aspect-ratio\"><div class=\"wp-block-embed__wrapper\">\n<iframe loading=\"lazy\" title=\"Como andam as a\u00e7\u00f5es da Via Varejo, Magazine Luiza, Hering e Renner\" width=\"500\" height=\"281\" src=\"https:\/\/www.youtube.com\/embed\/C7hpda8-s1A?feature=oembed\" frameborder=\"0\" allow=\"accelerometer; autoplay; clipboard-write; encrypted-media; gyroscope; picture-in-picture; web-share\" referrerpolicy=\"strict-origin-when-cross-origin\" allowfullscreen><\/iframe>\n<\/div><\/figure>\n\n\n\n<p>No <strong>Conta+<\/strong> desta segunda-feira (21), Dony De Nuccio conversou com o analista Leandro Guissoni, que faz a coluna Por Dentro do Neg\u00f3cio, sobre as perspectivas para as empresas que v\u00eam chamando a aten\u00e7\u00e3o dos investidores. Guissoni comentou o desempenho de empresas como Via Varejo (<a href=\"https:\/\/investnews.com.br\/cotacao\/vvar3-via-varejo\/\" class=\"rank-math-link\">VVAR3<\/a>), Magazine Luiza (<a href=\"https:\/\/investnews.com.br\/cotacao\/mglu3-magazine-luiza\/\" class=\"rank-math-link\">MGLU3<\/a>), Hering (<a href=\"https:\/\/investnews.com.br\/?s=HGTX3\" class=\"rank-math-link\">HGTX3<\/a>) e Renner (<a href=\"https:\/\/investnews.com.br\/cotacao\/lren3-lojas-renner\/\" class=\"rank-math-link\">LREN3<\/a>).<\/p>\n\n\n\n<p>Dony falou ainda sobre <a href=\"https:\/\/investnews.com.br\/financas\/bolsa-volta-aos-96-mil-pontos-com-2a-onda-na-europa-e-denuncias-contra-bancos\/\" class=\"rank-math-link\">o dia negativo para os mercados de a\u00e7\u00f5es em todo o mundo<\/a>, puxado por temores de uma segunda onda de infe\u00e7\u00e3o do novo coronav\u00edrus, den\u00fancias de corrup\u00e7\u00e3o envolvendo grandes bancos e dificuldades de aprova\u00e7\u00e3o do pacote fiscal nos Estados Unidos. <\/p>\n\n\n\n<p>Outro t\u00f3pico da transmiss\u00e3o foi o <a href=\"https:\/\/investnews.com.br\/geral\/5-fatos-hoje-trainee-da-magalu-so-para-pessoas-negras-tiktok-evita-proibicao\/\" class=\"rank-math-link\">programa de trainee anunciado pelo Magazine Luiza, <\/a>que restringiu as inscri\u00e7\u00f5es apenas para candidatos negros. A medida acontece na esteira de outro caso de empresa que gerou discuss\u00f5es por causa de alguma quest\u00e3o relacionada a diversidade. H\u00e1 algumas semanas, a Natura se tornou alvo de cr\u00edticas e elogios ao <a href=\"https:\/\/investnews.com.br\/negocios\/acao-da-natura-dispara-10-em-2-dias-apos-polemica-em-campanha-com-thammy\/\" class=\"rank-math-link\">incluir o ator Thammy Miranda em sua campanha de Dia dos Pais.<\/a> &nbsp;<\/p>\n\n\n\n<h2 class=\"wp-block-heading\">Perguntas<\/h2>\n\n\n\n<p>Na intera\u00e7\u00e3o com o p\u00fablico, Guissoni come\u00e7ou respondendo sobre\no desempenho das a\u00e7\u00f5es da Via Varejo. \u201cEla tem tr\u00eas alternativas: uma \u00e9\nperseguir a estrat\u00e9gia da rival Magazine Luiza, mas est\u00e1 um pouco atrasada. A\noutra \u00e9 se aproveitar da financeira dela e se tornar uma fintech, massa concorr\u00eancia\nest\u00e1 muito dura. A outra op\u00e7\u00e3o \u00e9 preservar o varejo tradicional e tentar achar\nalguma diferencia\u00e7\u00e3o por meio das lojas f\u00edsicas\u201d, avaliou o analista. <\/p>\n\n\n\n<p><strong>\u201cA empresa est\u00e1 passando por muitas transforma\u00e7\u00f5es, h\u00e1 muitas incertezas mesmo dentro da organiza\u00e7\u00e3o sobre quais caminhos seguir. Se tem incerteza dentro da organiza\u00e7\u00e3o, imagina fora, entre os investidores\u201d<\/strong>, disse Guissoni. <\/p>\n\n\n\n<p>O analista tamb\u00e9m falou sobre especula\u00e7\u00f5es sobre uma<a href=\"https:\/\/investnews.com.br\/flash\/privatizacao-dos-correios-magazine-luiza-e-amazon-podem-entrar-na-disputa\/\" class=\"rank-math-link\"> eventual compra dos Correios por Magazine Luiza ou Amazon.<\/a> Outro tema foram as varejistas de moda, com an\u00e1lises sobre a Hering e Renner. <\/p>\n","protected":false},"excerpt":{"rendered":"<p>No Conta+ desta segunda, Dony De Nuccio conversou com o analista Leandro Guissoni.<\/p>\n","protected":false},"author":7,"featured_media":2605,"comment_status":"closed","ping_status":"open","sticky":false,"template":"","format":"standard","meta":{"_acf_changed":false,"inline_featured_image":false,"footnotes":""},"categories":[4],"tags":[],"autor-wsj":[],"coauthors":[1494],"class_list":["post-19906","post","type-post","status-publish","format-standard","has-post-thumbnail","hentry","category-financas"],"acf":[],"amp_enabled":true,"_links":{"self":[{"href":"https:\/\/investnews.com.br\/inv-api\/wp\/v2\/posts\/19906","targetHints":{"allow":["GET"]}}],"collection":[{"href":"https:\/\/investnews.com.br\/inv-api\/wp\/v2\/posts"}],"about":[{"href":"https:\/\/investnews.com.br\/inv-api\/wp\/v2\/types\/post"}],"author":[{"embeddable":true,"href":"https:\/\/investnews.com.br\/inv-api\/wp\/v2\/users\/7"}],"replies":[{"embeddable":true,"href":"https:\/\/investnews.com.br\/inv-api\/wp\/v2\/comments?post=19906"}],"version-history":[{"count":9,"href":"https:\/\/investnews.com.br\/inv-api\/wp\/v2\/posts\/19906\/revisions"}],"predecessor-version":[{"id":19990,"href":"https:\/\/investnews.com.br\/inv-api\/wp\/v2\/posts\/19906\/revisions\/19990"}],"wp:featuredmedia":[{"embeddable":true,"href":"https:\/\/investnews.com.br\/inv-api\/wp\/v2\/media\/2605"}],"wp:attachment":[{"href":"https:\/\/investnews.com.br\/inv-api\/wp\/v2\/media?parent=19906"}],"wp:term":[{"taxonomy":"category","embeddable":true,"href":"https:\/\/investnews.com.br\/inv-api\/wp\/v2\/categories?post=19906"},{"taxonomy":"post_tag","embeddable":true,"href":"https:\/\/investnews.com.br\/inv-api\/wp\/v2\/tags?post=19906"},{"taxonomy":"autor-wsj","embeddable":true,"href":"https:\/\/investnews.com.br\/inv-api\/wp\/v2\/autor-wsj?post=19906"},{"taxonomy":"author","embeddable":true,"href":"https:\/\/investnews.com.br\/inv-api\/wp\/v2\/coauthors?post=19906"}],"curies":[{"name":"wp","href":"https:\/\/api.w.org\/{rel}","templated":true}]}}