{"id":1992,"date":"2020-01-28T10:00:00","date_gmt":"2020-01-28T13:00:00","guid":{"rendered":"https:\/\/investnews.com.br\/?p=1992"},"modified":"2024-06-24T15:17:13","modified_gmt":"2024-06-24T18:17:13","slug":"de-volta-para-o-passado-torre-eiffel-musica-contra-a-fome-e-challenger","status":"publish","type":"post","link":"https:\/\/investnews.com.br\/financas\/de-volta-para-o-passado-torre-eiffel-musica-contra-a-fome-e-challenger\/","title":{"rendered":"De Volta Para o Passado: Torre Eiffel, M\u00fasica contra a fome e Challenger"},"content":{"rendered":"\n<figure class=\"wp-block-embed-youtube wp-block-embed is-type-video is-provider-youtube wp-embed-aspect-16-9 wp-has-aspect-ratio\"><div class=\"wp-block-embed__wrapper\">\n<iframe loading=\"lazy\" title=\"Dony De Nuccio: Torre Eiffel, M\u00fasica contra a fome e Challenger no De Volta ao Passado 28\/01\" width=\"500\" height=\"281\" src=\"https:\/\/www.youtube.com\/embed\/RYpUDOiOgTo?start=7&#038;feature=oembed\" frameborder=\"0\" allow=\"accelerometer; autoplay; clipboard-write; encrypted-media; gyroscope; picture-in-picture; web-share\" referrerpolicy=\"strict-origin-when-cross-origin\" allowfullscreen><\/iframe>\n<\/div><\/figure>\n\n\n\n<p>Em 28 de janeiro de 1987, a Torre Eiffel come\u00e7ou a ser constru\u00edda em Paris, em homenagem ao centen\u00e1rio da Revolu\u00e7\u00e3o Francesa. Na mesma data, em 1985 grandes nomes da m\u00fasica internacional se reuniram para gravar a m\u00fasica We Are The World como luta contra a fome.<\/p>\n","protected":false},"excerpt":{"rendered":"<p>Em 28 de janeiro de 1987, a Torre Eiffel come\u00e7ou a ser constru\u00edda em Paris, em homenagem ao centen\u00e1rio da Revolu\u00e7\u00e3o Francesa. Na mesma data, em 1985 grandes nomes da m\u00fasica internacional se reuniram para gravar a m\u00fasica We Are The World como luta contra a fome.<\/p>\n","protected":false},"author":7,"featured_media":1994,"comment_status":"open","ping_status":"open","sticky":false,"template":"","format":"video","meta":{"_acf_changed":false,"inline_featured_image":false,"footnotes":""},"categories":[4],"tags":[443],"autor-wsj":[],"coauthors":[],"class_list":["post-1992","post","type-post","status-publish","format-video","has-post-thumbnail","hentry","category-financas","tag-franca","post_format-post-format-video"],"acf":[],"amp_enabled":true,"_links":{"self":[{"href":"https:\/\/investnews.com.br\/inv-api\/wp\/v2\/posts\/1992","targetHints":{"allow":["GET"]}}],"collection":[{"href":"https:\/\/investnews.com.br\/inv-api\/wp\/v2\/posts"}],"about":[{"href":"https:\/\/investnews.com.br\/inv-api\/wp\/v2\/types\/post"}],"author":[{"embeddable":true,"href":"https:\/\/investnews.com.br\/inv-api\/wp\/v2\/users\/7"}],"replies":[{"embeddable":true,"href":"https:\/\/investnews.com.br\/inv-api\/wp\/v2\/comments?post=1992"}],"version-history":[{"count":5,"href":"https:\/\/investnews.com.br\/inv-api\/wp\/v2\/posts\/1992\/revisions"}],"predecessor-version":[{"id":2005,"href":"https:\/\/investnews.com.br\/inv-api\/wp\/v2\/posts\/1992\/revisions\/2005"}],"wp:featuredmedia":[{"embeddable":true,"href":"https:\/\/investnews.com.br\/inv-api\/wp\/v2\/media\/1994"}],"wp:attachment":[{"href":"https:\/\/investnews.com.br\/inv-api\/wp\/v2\/media?parent=1992"}],"wp:term":[{"taxonomy":"category","embeddable":true,"href":"https:\/\/investnews.com.br\/inv-api\/wp\/v2\/categories?post=1992"},{"taxonomy":"post_tag","embeddable":true,"href":"https:\/\/investnews.com.br\/inv-api\/wp\/v2\/tags?post=1992"},{"taxonomy":"autor-wsj","embeddable":true,"href":"https:\/\/investnews.com.br\/inv-api\/wp\/v2\/autor-wsj?post=1992"},{"taxonomy":"author","embeddable":true,"href":"https:\/\/investnews.com.br\/inv-api\/wp\/v2\/coauthors?post=1992"}],"curies":[{"name":"wp","href":"https:\/\/api.w.org\/{rel}","templated":true}]}}