{"id":20000,"date":"2020-09-22T08:47:52","date_gmt":"2020-09-22T11:47:52","guid":{"rendered":"https:\/\/investnews.com.br\/?p=20000"},"modified":"2024-06-26T12:26:59","modified_gmt":"2024-06-26T15:26:59","slug":"5-fatos-para-hoje-bolsonaro-e-a-amazonia-na-pauta-da-onu-ipo-do-grupo-mateus","status":"publish","type":"post","link":"https:\/\/investnews.com.br\/economia\/5-fatos-para-hoje-bolsonaro-e-a-amazonia-na-pauta-da-onu-ipo-do-grupo-mateus\/","title":{"rendered":"5 fatos para hoje: Bolsonaro e a Amaz\u00f4nia na pauta da ONU; IPO do grupo Mateus"},"content":{"rendered":"\n<h2 class=\"wp-block-heading\">1 &#8211; Pelo segundo ano, Amaz\u00f4nia ser\u00e1 tema de Bolsonaro em discurso na ONU<\/h2>\n\n\n\n<p>Em meio \u00e0 pandemia do novo coronav\u00edrus, <strong>a 75\u00aa edi\u00e7\u00e3o da Assembleia Geral da Organiza\u00e7\u00e3o das Na\u00e7\u00f5es Unidas (ONU) ser\u00e1\u00a0realizada este ano de forma virtual<\/strong>.<\/p>\n\n\n\n<p>Nesta ter\u00e7a-feira (22), em Nova Iorque, come\u00e7a o debate\u00a0com a participa\u00e7\u00e3o de l\u00edderes mundiais. <strong>Tradicionalmente, o Brasil \u00e9 o primeiro pa\u00eds a fazer um pronunciamento. O presidente Jair Bolsonaro enviou uma declara\u00e7\u00e3o gravada<\/strong>.\u00a0<\/p>\n\n\n\n<p>\u201c<a class=\"rank-math-link\" href=\"https:\/\/investnews.com.br\/economia\/sabemos-que-temos-que-reduzir-os-efeitos-sobre-o-meio-ambiente-diz-guedes\/\">O presidente vai tocar na Amaz\u00f4nia<\/a>. A princ\u00edpio vai mostrar aquilo que estamos fazendo. <strong>Temos ainda a cria\u00e7\u00e3o do Conselho [da Amaz\u00f4nia], a cria\u00e7\u00e3o da opera\u00e7\u00e3o Verde Brasil 2, um esfor\u00e7o do governo em combater as ilegalidades<\/strong>, o que n\u00e3o \u00e9 simples, n\u00e3o \u00e9 f\u00e1cil e elas continuam a ocorrer, infelizmente\u201d, afirmou a jornalistas, nesta segunda-feira (21), em Bras\u00edlia, o vice-presidente <strong>Hamilton Mour\u00e3o<\/strong>.<\/p>\n\n\n\n<p>A abertura oficial da Assembleia Geral ser\u00e1 transmitida pela ONU, e pode ser acompanhada no <a rel=\"noreferrer noopener\" href=\"https:\/\/gadebate.un.org\/generaldebate75\/en\/#\" target=\"_blank\" class=\"rank-math-link\">link<\/a>, a partir das 10h.  <\/p>\n\n\n\n<h2 class=\"wp-block-heading\">2 &#8211; IPO do grupo Mateus pode superar R$ 6 bi<\/h2>\n\n\n\n<p><strong>Quarto maior atacarejo do Brasil, o Grupo Mateus poder\u00e1 fazer uma oferta inicial de a\u00e7\u00f5es (<a href=\"https:\/\/investnews.com.br\/guias\/ipo-o-que-e-e-como-funciona\/\">IPO<\/a>, na sigla em ingl\u00eas) de R$ 6,2 bilh\u00f5es<\/strong>, se a a\u00e7\u00e3o for precificada no topo da faixa indicativa de pre\u00e7o, que foi estabelecida <strong>entre R$ 8,97 e R$ 11,66<\/strong>. O c\u00e1lculo inclui da arrecada\u00e7\u00e3o total a venda de dois lotes extras.<\/p>\n\n\n\n<p><strong>LEIA MAIS: <a class=\"rank-math-link\" href=\"https:\/\/investnews.com.br\/financas\/com-impulso-de-medias-empresas-bolsa-pode-movimentar-r-200-bilhoes\/\">Com impulso de m\u00e9dias empresas, Bolsa pode movimentar R$ 200 bilh\u00f5es<\/a><\/strong><\/p>\n\n\n\n<p>O valor dos pap\u00e9is ser\u00e1 definido no dia 8 de outubro, com o in\u00edcio das negocia\u00e7\u00f5es previsto para o dia 13. O empres\u00e1rio Ilson Mateus, fundador da companhia, faz parte do grupo de acionistas vendedores.<\/p>\n\n\n\n<p>A opera\u00e7\u00e3o do Grupo Mateus foi lan\u00e7ado com o \u201c<strong>livro coberto<\/strong>\u201d, definiu uma fonte do <a href=\"https:\/\/investnews.com.br\/guias\/como-funciona-o-mercado-financeiro\/\">mercado financeiro<\/a>, na condi\u00e7\u00e3o de anonimato. <strong>Isso significa que a empresa j\u00e1 possui, nesse momento, demanda suficiente para levar a opera\u00e7\u00e3o a cabo<\/strong>.<\/p>\n\n\n\n<p>Cerca de R$ 4 bilh\u00f5es da oferta dever\u00e3o ir diretamente para o caixa da empresa. Segundo o prospecto <strong>os recursos ser\u00e3o utilizados para a expans\u00e3o org\u00e2nica das opera\u00e7\u00f5es<\/strong>. A companhia possui hoje 137 lojas nos Estados do Maranh\u00e3o, Par\u00e1 e Piau\u00ed.<\/p>\n\n\n\n<h2 class=\"wp-block-heading\">3 &#8211; Com pandemia, ind\u00fastria opera com ociosidade recorde<\/h2>\n\n\n\n<p>A ind\u00fastria brasileira fechou o segundo trimestre deste ano com uma ociosidade recorde. <strong>O Produto Interno Bruto (PIB) do setor ficou 15,4% abaixo de sua capacidade produtiva<\/strong>, segundo estudo do Instituto Brasileiro de Economia da Funda\u00e7\u00e3o Getulio Vargas (Ibre\/FGV) obtido com exclusividade pelo\u00a0&#8220;Estad\u00e3o\/Broadcast&#8221;. O resultado representa o pior desempenho da s\u00e9rie hist\u00f3rica da pesquisa, iniciada em 1998. A \u00faltima vez em que as empresas usaram toda sua capacidade produtiva foi no \u00faltimo trimestre de 2013.<\/p>\n\n\n\n<p>Com a recupera\u00e7\u00e3o da produ\u00e7\u00e3o desde maio, \u00e9 esperada uma redu\u00e7\u00e3o na ociosidade do setor neste terceiro trimestre, mas a previs\u00e3o \u00e9 ainda voltar aos n\u00edveis pr\u00e9-pandemia &#8211; entre 5% e 7% abaixo do potencial produtivo, e <strong>longe de recuperar o que foi <a class=\"rank-math-link\" href=\"https:\/\/investnews.com.br\/economia\/brasil-vive-10a-recessao-economica-de-sua-historia-o-que-muda-agora\/\">perdido na recess\u00e3o anterior<\/a>, que se estendeu de 2014 a 2016<\/strong>.<\/p>\n\n\n\n<p>\u201cCom certeza, o terceiro trimestre vai trazer uma melhora, mas n\u00e3o vai voltar ao que era antes de 2014. Voc\u00ea tem uma capacidade para produzir, mas n\u00e3o est\u00e1 tendo demanda. Uma das raz\u00f5es para a infla\u00e7\u00e3o baixa \u00e9 essa\u201d, diz <strong>Claudio Considera<\/strong>, coordenador do Monitor do PIB da FGV e um dos autores do estudo do Ibre\/FGV, ao lado das pesquisadoras Elisa Andrade e Juliana Trece.<\/p>\n\n\n\n<h2 class=\"wp-block-heading\">4 &#8211; Bolsonaro anuncia cota de a\u00e7\u00facar como avan\u00e7o<\/h2>\n\n\n\n<p>Anunciada no Twitter pelo presidente Jair Bolsonaro como primeiro resultado das negocia\u00e7\u00f5es entre Brasil e EUA no setor sucroalcooleiro, a <strong>concess\u00e3o de uma cota adicional para exporta\u00e7\u00e3o de a\u00e7\u00facar aos norte-americanos sem o pagamento de impostos j\u00e1 ocorre anualmente desde 1994<\/strong>.<\/p>\n\n\n\n<p>Em nota, a Uni\u00e3o da Ind\u00fastria de Cana-de-A\u00e7\u00facar (\u00danica), que representa o setor, declarou que a medida tem sido praxe e <strong>n\u00e3o representa &#8220;qualquer avan\u00e7o estrutural para um maior acesso do a\u00e7\u00facar brasileiro \u00e0quele pa\u00eds<\/strong>&#8220;.<\/p>\n\n\n\n<p>Al\u00e9m disso, a cota adicional de 80 mil toneladas manter\u00e1 a isen\u00e7\u00e3o no com\u00e9rcio do produto no mesmo patamar, considerado por fontes do setor como <strong>m\u00ednimo e insuficiente para compensar os benef\u00edcios concedidos pelo Brasil ao etanol norte-americano<\/strong>.<\/p>\n\n\n\n<p>No <strong>Twitter<\/strong>, o presidente escreveu que, para o Brasil, a cota adicional representa &#8220;<strong>o primeiro resultado das rec\u00e9m-abertas negocia\u00e7\u00f5es Brasil-EUA para o setor de a\u00e7\u00facar e \u00e1lcool<\/strong>&#8220;, uma refer\u00eancia \u00e0 divulga\u00e7\u00e3o, h\u00e1 dez dias, de um comunicado conjunto em que os dois pa\u00edses se comprometem a aprofundar as negocia\u00e7\u00f5es na \u00e1rea. O comunicado foi anunciado no dia em que <strong>o Brasil aceitou prorrogar por 90 dias a isen\u00e7\u00e3o para o etanol norte-americano at\u00e9 uma cota de 62,5 milh\u00f5es de litros<\/strong>.<\/p>\n\n\n\n<h2 class=\"wp-block-heading\">5 &#8211; TST concede reajuste a funcion\u00e1rios dos Correios e determina fim da greve<\/h2>\n\n\n\n<p><strong>O Tribunal Superior do Trabalho (TST) decidiu nesta segunda-feira (21) que os funcion\u00e1rios dos Correios devem receber um reajuste de 2,6% e retomar as atividades a partir desta ter\u00e7a-feira (22)<\/strong>, sob pena de multa de R$ 100 mil em caso de descumprimento. A greve de trabalhadores da estatal come\u00e7ou em 17 de agosto e, de acordo com o entendimento do TST, o movimento n\u00e3o foi abusivo.<\/p>\n\n\n\n<p>No entanto, os ministros da Se\u00e7\u00e3o de Diss\u00eddios Coletivos do TST &#8211; onde o caso foi deliberado &#8211; determinaram, por maioria, <strong>que sejam descontados do sal\u00e1rio dos funcion\u00e1rios metade dos dias de greve<\/strong>, sendo que a outra metade dever\u00e1 ser compensada.<\/p>\n\n\n\n<p><em>*Com Estad\u00e3o Cotnte\u00fado e Ag\u00eancia Brasil<\/em><\/p>\n","protected":false},"excerpt":{"rendered":"<p>Com a Assembleia Geral acontecendo \u00e0 dist\u00e2ncia, o presidente far\u00e1 uma interven\u00e7\u00e3o gravada.<\/p>\n","protected":false},"author":17,"featured_media":216,"comment_status":"closed","ping_status":"open","sticky":false,"template":"","format":"standard","meta":{"_acf_changed":false,"inline_featured_image":false,"footnotes":""},"categories":[5],"tags":[462,234,728,53],"autor-wsj":[],"coauthors":[1498],"class_list":["post-20000","post","type-post","status-publish","format-standard","has-post-thumbnail","hentry","category-economia","tag-industria","tag-jair-bolsonaro","tag-grupo-mateus","tag-pib"],"acf":[],"amp_enabled":true,"_links":{"self":[{"href":"https:\/\/investnews.com.br\/inv-api\/wp\/v2\/posts\/20000","targetHints":{"allow":["GET"]}}],"collection":[{"href":"https:\/\/investnews.com.br\/inv-api\/wp\/v2\/posts"}],"about":[{"href":"https:\/\/investnews.com.br\/inv-api\/wp\/v2\/types\/post"}],"author":[{"embeddable":true,"href":"https:\/\/investnews.com.br\/inv-api\/wp\/v2\/users\/17"}],"replies":[{"embeddable":true,"href":"https:\/\/investnews.com.br\/inv-api\/wp\/v2\/comments?post=20000"}],"version-history":[{"count":2,"href":"https:\/\/investnews.com.br\/inv-api\/wp\/v2\/posts\/20000\/revisions"}],"predecessor-version":[{"id":20002,"href":"https:\/\/investnews.com.br\/inv-api\/wp\/v2\/posts\/20000\/revisions\/20002"}],"wp:featuredmedia":[{"embeddable":true,"href":"https:\/\/investnews.com.br\/inv-api\/wp\/v2\/media\/216"}],"wp:attachment":[{"href":"https:\/\/investnews.com.br\/inv-api\/wp\/v2\/media?parent=20000"}],"wp:term":[{"taxonomy":"category","embeddable":true,"href":"https:\/\/investnews.com.br\/inv-api\/wp\/v2\/categories?post=20000"},{"taxonomy":"post_tag","embeddable":true,"href":"https:\/\/investnews.com.br\/inv-api\/wp\/v2\/tags?post=20000"},{"taxonomy":"autor-wsj","embeddable":true,"href":"https:\/\/investnews.com.br\/inv-api\/wp\/v2\/autor-wsj?post=20000"},{"taxonomy":"author","embeddable":true,"href":"https:\/\/investnews.com.br\/inv-api\/wp\/v2\/coauthors?post=20000"}],"curies":[{"name":"wp","href":"https:\/\/api.w.org\/{rel}","templated":true}]}}