{"id":20012,"date":"2020-09-22T12:25:27","date_gmt":"2020-09-22T15:25:27","guid":{"rendered":"https:\/\/investnews.com.br\/?p=20012"},"modified":"2024-06-25T09:46:06","modified_gmt":"2024-06-25T12:46:06","slug":"bolsonaro-e-trump-discursam-na-onu-mortes-por-covid-voltam-a-subir-no-brasil","status":"publish","type":"post","link":"https:\/\/investnews.com.br\/financas\/bolsonaro-e-trump-discursam-na-onu-mortes-por-covid-voltam-a-subir-no-brasil\/","title":{"rendered":"Bolsonaro e Trump discursam na ONU; mortes por covid voltam a subir no Brasil"},"content":{"rendered":"\n<figure class=\"wp-block-embed-youtube wp-block-embed is-type-video is-provider-youtube wp-embed-aspect-16-9 wp-has-aspect-ratio\"><div class=\"wp-block-embed__wrapper\">\n<iframe loading=\"lazy\" title=\"Bolsonaro e Trump discursam na ONU; mortes por covid voltam a subir no Brasil\" width=\"500\" height=\"281\" src=\"https:\/\/www.youtube.com\/embed\/OADQ1jVQcDg?feature=oembed\" frameborder=\"0\" allow=\"accelerometer; autoplay; clipboard-write; encrypted-media; gyroscope; picture-in-picture; web-share\" referrerpolicy=\"strict-origin-when-cross-origin\" allowfullscreen><\/iframe>\n<\/div><\/figure>\n\n\n\n<p><strong>O presidente Jair Bolsonaro afirmou na abertura da Assembleia Geral da ONU nesta ter\u00e7a-feira (22) que o Brasil \u00e9 v\u00edtima de uma campanha brutal de desinforma\u00e7\u00e3o sobre a Amaz\u00f4nia e o Pantanal<\/strong> e que os inc\u00eandios florestais s\u00e3o usados contra seu governo. J\u00e1 o presidente dos EUA, Donald Trump, teceu duras cr\u00edticas \u00e0 China e \u00e0 OMS no combate \u00e0 pandemia da covid-19. Veja a repercuss\u00e3o dos discursos dos l\u00edderes no evento. E mais: o Brasil voltou a apresentar crescimento na m\u00e9dia m\u00f3vel de novas mortes pela doen\u00e7a pela primeira vez desde 10 de agosto. <strong>As principais not\u00edcias para quem acompanha o <a href=\"https:\/\/investnews.com.br\/guias\/como-funciona-o-mercado-financeiro\/\">mercado financeiro<\/a>, no Flash InvestNews, com Ta\u00eds Laporta<\/strong>. Os destaques da bolsa nesta manh\u00e3, a cota\u00e7\u00e3o do Ibovespa e d\u00f3lar, al\u00e9m de outras informa\u00e7\u00f5es que podem influenciar seus investimentos e <a href=\"https:\/\/investnews.com.br\/guias\/rentabilidade\/\">rentabilidade<\/a>. <\/p>\n\n\n\n<p><strong>TRECHOS DO PROGRAMA <\/strong><\/p>\n\n\n\n<p>BOLSONARO E TRUMP NA ASSEMBLEIA GERAL DA ONU <\/p>\n\n\n\n<p>ATA DO <a href=\"https:\/\/investnews.com.br\/guias\/copom-taxa-selic\/\">COPOM<\/a> SEM SUPRESAS <\/p>\n\n\n\n<p>PR\u00d3XIMOS PASSOS DA REFORMA TRIBUT\u00c1RIA <\/p>\n\n\n\n<p>COVID-19 NO BRASIL E NO MUNDO <\/p>\n\n\n\n<p><strong>DESTAQUE DA BOLSA<\/strong><\/p>\n\n\n\n<p>JULGAMENTO DE VENDA DAS REFINARIAS DA PETROBRAS <\/p>\n\n\n\n<p>VENDA DA FATIA NA BR DISTRIBUIDORA (<a class=\"rank-math-link\" href=\"https:\/\/investnews.com.br\/cotacao\/acao\/?ticker=BRDT3\">BRDT3<\/a>) <\/p>\n\n\n\n<p>DISPUTA DA TOTVS (<a class=\"rank-math-link\" href=\"https:\/\/investnews.com.br\/cotacao\/\">TOTS3<\/a>) PELA LINX (<a href=\"https:\/\/investnews.com.br\/cotacao\/\" class=\"rank-math-link\">LINX3<\/a>) <\/p>\n\n\n\n<p>Oi (<a class=\"rank-math-link\" href=\"https:\/\/investnews.com.br\/cotacao\/\">OIBR3<\/a>) NEGOCIA D\u00cdVIDA COM UNI\u00c3O <\/p>\n\n\n\n<p><strong>DESTAQUE DO INS<\/strong><\/p>\n\n\n\n<p>CAFE\u00cdNA: <a class=\"rank-math-link\" href=\"https:\/\/investnews.com.br\/cafeina\/day-trade-x-swing-trade-conheca-a-melhor-estrategia\/\">DAY TRADE X SWING TRADE: CONHE\u00c7A A MELHOR ESTRAT\u00c9GIA<\/a> <\/p>\n","protected":false},"excerpt":{"rendered":"<p>No Flash, Ta\u00eds Laporta tr\u00e1s destaques sobre a Assembleia Geral da ONU.<\/p>\n","protected":false},"author":17,"featured_media":20013,"comment_status":"closed","ping_status":"open","sticky":false,"template":"","format":"video","meta":{"_acf_changed":false,"inline_featured_image":false,"footnotes":""},"categories":[4],"tags":[244,79,15,234,1848],"autor-wsj":[],"coauthors":[1498],"class_list":["post-20012","post","type-post","status-publish","format-video","has-post-thumbnail","hentry","category-financas","tag-china","tag-donald-trump","tag-flash","tag-jair-bolsonaro","tag-linx","post_format-post-format-video"],"acf":[],"amp_enabled":true,"_links":{"self":[{"href":"https:\/\/investnews.com.br\/inv-api\/wp\/v2\/posts\/20012","targetHints":{"allow":["GET"]}}],"collection":[{"href":"https:\/\/investnews.com.br\/inv-api\/wp\/v2\/posts"}],"about":[{"href":"https:\/\/investnews.com.br\/inv-api\/wp\/v2\/types\/post"}],"author":[{"embeddable":true,"href":"https:\/\/investnews.com.br\/inv-api\/wp\/v2\/users\/17"}],"replies":[{"embeddable":true,"href":"https:\/\/investnews.com.br\/inv-api\/wp\/v2\/comments?post=20012"}],"version-history":[{"count":3,"href":"https:\/\/investnews.com.br\/inv-api\/wp\/v2\/posts\/20012\/revisions"}],"predecessor-version":[{"id":20016,"href":"https:\/\/investnews.com.br\/inv-api\/wp\/v2\/posts\/20012\/revisions\/20016"}],"wp:featuredmedia":[{"embeddable":true,"href":"https:\/\/investnews.com.br\/inv-api\/wp\/v2\/media\/20013"}],"wp:attachment":[{"href":"https:\/\/investnews.com.br\/inv-api\/wp\/v2\/media?parent=20012"}],"wp:term":[{"taxonomy":"category","embeddable":true,"href":"https:\/\/investnews.com.br\/inv-api\/wp\/v2\/categories?post=20012"},{"taxonomy":"post_tag","embeddable":true,"href":"https:\/\/investnews.com.br\/inv-api\/wp\/v2\/tags?post=20012"},{"taxonomy":"autor-wsj","embeddable":true,"href":"https:\/\/investnews.com.br\/inv-api\/wp\/v2\/autor-wsj?post=20012"},{"taxonomy":"author","embeddable":true,"href":"https:\/\/investnews.com.br\/inv-api\/wp\/v2\/coauthors?post=20012"}],"curies":[{"name":"wp","href":"https:\/\/api.w.org\/{rel}","templated":true}]}}