{"id":2012,"date":"2020-01-28T12:00:12","date_gmt":"2020-01-28T15:00:12","guid":{"rendered":"https:\/\/investnews.com.br\/?p=2012"},"modified":"2020-01-28T12:00:13","modified_gmt":"2020-01-28T15:00:13","slug":"azul-anuncia-a-sublocacao-de-53-jatos-e195-da-embraer-para-lot-e-breeze","status":"publish","type":"post","link":"https:\/\/investnews.com.br\/negocios\/azul-anuncia-a-sublocacao-de-53-jatos-e195-da-embraer-para-lot-e-breeze\/","title":{"rendered":"Azul anuncia a subloca\u00e7\u00e3o de 53 jatos E195 da Embraer para LOT e Breeze"},"content":{"rendered":"\n<p>A Azul companhias a\u00e9reas informou que pretende sublocar 53 de suas aeronaves Embraer E195 para a LOT, uma companhia a\u00e9rea da Pol\u00f4nia, e para a Breeze Aviation Group, startup com sede os EUA.<\/p>\n\n\n\n<p>A empresa utiliza a loca\u00e7\u00e3o como estrat\u00e9gia para acelerar a transforma\u00e7\u00e3o da frota, substituindo aeronaves E195 por aeronaves E2 maiores e de nova gera\u00e7\u00e3o, que s\u00e3o mais eficientes no consumo de combust\u00edvel.<\/p>\n\n\n\n<p>John Rodgerson, CEO da Azul, destaca que como o pre\u00e7o do combust\u00edvel no Brasil \u00e9 cerca de 35% mais caro do que em outras partes do mundo, \u00e9 essencial que a a\u00e9rea passe a operar com aeronaves da pr\u00f3xima gera\u00e7\u00e3o o quanto antes.<\/p>\n\n\n\n<p>Em comunicado, a Azul informa ainda que assinou com a LOT uma carta de inten\u00e7\u00e3o para subarrendar 18 aeronaves com pedidos firmes, e at\u00e9 14 op\u00e7\u00f5es adicionais, sujeitas a aprova\u00e7\u00f5es da LOT. Vale lembrar que a LOT j\u00e1 adquiriu sete E195s da Azul em anos anteriores.<\/p>\n\n\n\n<p>Aliado a isso, a expectativa \u00e9 de que a Breeze alugue at\u00e9 28 aeronaves, por\u00e9m, a transa\u00e7\u00e3o ainda aguarda aprova\u00e7\u00e3o dos acionistas da Azul.<\/p>\n\n\n\n<p>&#8220;Dessa forma, espera-se que todos os E195s sejam removidos da frota da Azul at\u00e9 o final de 2022, e que sejam subarrendados at\u00e9 o final do prazo original do arrendamento operacional&#8221;, informa a a\u00e9rea.<\/p>\n","protected":false},"excerpt":{"rendered":"<p>Medida faz parte da da estrat\u00e9gia da empresa para substituir a frota de aeronaves. <\/p>\n","protected":false},"author":7,"featured_media":778,"comment_status":"open","ping_status":"open","sticky":false,"template":"","format":"standard","meta":{"_acf_changed":false,"inline_featured_image":false,"footnotes":""},"categories":[6],"tags":[154,177],"autor-wsj":[],"coauthors":[],"class_list":["post-2012","post","type-post","status-publish","format-standard","has-post-thumbnail","hentry","category-negocios","tag-azul","tag-embraer"],"acf":[],"amp_enabled":true,"_links":{"self":[{"href":"https:\/\/investnews.com.br\/inv-api\/wp\/v2\/posts\/2012","targetHints":{"allow":["GET"]}}],"collection":[{"href":"https:\/\/investnews.com.br\/inv-api\/wp\/v2\/posts"}],"about":[{"href":"https:\/\/investnews.com.br\/inv-api\/wp\/v2\/types\/post"}],"author":[{"embeddable":true,"href":"https:\/\/investnews.com.br\/inv-api\/wp\/v2\/users\/7"}],"replies":[{"embeddable":true,"href":"https:\/\/investnews.com.br\/inv-api\/wp\/v2\/comments?post=2012"}],"version-history":[{"count":2,"href":"https:\/\/investnews.com.br\/inv-api\/wp\/v2\/posts\/2012\/revisions"}],"predecessor-version":[{"id":2015,"href":"https:\/\/investnews.com.br\/inv-api\/wp\/v2\/posts\/2012\/revisions\/2015"}],"wp:featuredmedia":[{"embeddable":true,"href":"https:\/\/investnews.com.br\/inv-api\/wp\/v2\/media\/778"}],"wp:attachment":[{"href":"https:\/\/investnews.com.br\/inv-api\/wp\/v2\/media?parent=2012"}],"wp:term":[{"taxonomy":"category","embeddable":true,"href":"https:\/\/investnews.com.br\/inv-api\/wp\/v2\/categories?post=2012"},{"taxonomy":"post_tag","embeddable":true,"href":"https:\/\/investnews.com.br\/inv-api\/wp\/v2\/tags?post=2012"},{"taxonomy":"autor-wsj","embeddable":true,"href":"https:\/\/investnews.com.br\/inv-api\/wp\/v2\/autor-wsj?post=2012"},{"taxonomy":"author","embeddable":true,"href":"https:\/\/investnews.com.br\/inv-api\/wp\/v2\/coauthors?post=2012"}],"curies":[{"name":"wp","href":"https:\/\/api.w.org\/{rel}","templated":true}]}}